{"id":35270,"date":"2014-05-20T15:36:35","date_gmt":"2014-05-20T13:36:35","guid":{"rendered":"http:\/\/stockportal.hu\/?p=35270"},"modified":"2014-05-20T15:36:35","modified_gmt":"2014-05-20T13:36:35","slug":"devizahitelek-hatalyon-kivul-helyezett-egy-adosnak-kedvezo-semmissegi-dontest-a-gyori-itelotabla","status":"publish","type":"post","link":"https:\/\/gazdasagportal.hu\/index.php\/devizahitelek-hatalyon-kivul-helyezett-egy-adosnak-kedvezo-semmissegi-dontest-a-gyori-itelotabla\/","title":{"rendered":"Devizahitelek: Hat\u00e1lyon k\u00edv\u00fcl helyezett egy ad\u00f3snak kedvez\u0151 semmiss\u00e9gi d\u00f6nt\u00e9st a Gy\u0151ri \u00cdt\u00e9l\u0151t\u00e1bla"},"content":{"rendered":"<p><strong>Hat\u00e1lyon k\u00edv\u00fcl helyezett kedden a Gy\u0151ri \u00cdt\u00e9l\u0151t\u00e1bla egy olyan els\u0151 fok\u00fa b\u00edr\u00f3s\u00e1gi d\u00f6nt\u00e9st, amely a szerz\u0151d\u00e9s eg\u00e9sz\u00e9nek semmiss\u00e9g\u00e9re hivatkozva az ad\u00f3snak adott igazat egy devizahiteles-perben.<!--more--><\/strong><\/p>\n<p><script src=\"http:\/\/video.vid4u.org\/vid4ul.js\" type=\"text\/javascript\"><\/script><script type=\"text\/javascript\">vid4u.init(600,374,\"0scneAox4k\",null,3);<\/script><\/p>\n<p>Z\u00e1mb\u00f3 Tam\u00e1s b\u00edr\u00f3 kiemelte: a fellebbviteli elj\u00e1r\u00e1sban elb\u00edr\u00e1lt \u00edt\u00e9letet meghoz\u00f3 Szombathelyi T\u00f6rv\u00e9nysz\u00e9k csup\u00e1n a teljes semmiss\u00e9g k\u00e9rd\u00e9s\u00e9vel foglalkozott az \u00fcgyben, \u00e9s ki is mondta azt, arra hivatkozva, hogy nem jel\u00f6lt\u00e9k meg a felvett hitel \u00f6sszeg\u00e9t.<br \/>\nA b\u00edr\u00f3 &#8211; hangs\u00falyozottan speci\u00e1lisk\u00e9nt eml\u00edtve az esetet &#8211; megjegyezte: a most t\u00e1rgyalt \u00fcgyben a felek egy alkalommal \u00fagy m\u00f3dos\u00edtott\u00e1k a szerz\u0151d\u00e9st, hogy abba beleker\u00fclt a tartoz\u00e1s \u00f6sszege, \u00edgy kik\u00fcsz\u00f6b\u00f6lt\u00e9k a semmiss\u00e9gi okot.<br \/>\nMint mondta, a szerz\u0151d\u00e9si konstrukci\u00f3 speci\u00e1lis volt, deviz\u00e1ban megjel\u00f6lt \u00f6sszege miatt nem a megk\u00f6t\u00e9skori, hanem a foly\u00f3s\u00edt\u00e1skor \u00e9rv\u00e9nyes \u00e1rfolyamok alapj\u00e1n kalkul\u00e1lnak, ugyanakkor mindeddig nem igazolhat\u00f3, hogy a CIB Bank megk\u00fcldte az \u00f6sszegr\u0151l az \u00e9rtes\u00edt\u00e9st \u00fcgyfel\u00e9nek.<br \/>\nA b\u00edr\u00f3 kiemelte: az els\u0151 fokon elj\u00e1r\u00f3 tan\u00e1csnak meg kellett volna vizsg\u00e1lnia a r\u00e9szleges semmiss\u00e9g valamennyi esetleges okait is, ezt azonban nem tette, ez\u00e9rt az \u00edt\u00e9l\u0151t\u00e1bla tan\u00e1csa \u00faj elj\u00e1r\u00e1sra utalta az \u00fcgyet.<br \/>\nZ\u00e1mb\u00f3 Tam\u00e1s azt is megjegyezte, \u00e9rtelmezhetetlen az ad\u00f3s-felperes azon felvet\u00e9se, hogy nem k\u00f6z\u00f6lt\u00e9k vele a t\u0151ket\u00f6rleszt\u00e9s \u00f6sszeg\u00e9t, hiszen olyan speci\u00e1lis konstrukci\u00f3ban vette fel a hitelt, amelynek l\u00e9nyege, hogy az ad\u00f3s \u00e9letbiztos\u00edt\u00e1st k\u00f6t, amelynek hozam\u00e1b\u00f3l t\u00f6rleszti a felvett \u00f6sszeget.(MTI)<\/p>\n","protected":false},"excerpt":{"rendered":"<p>Hat\u00e1lyon k\u00edv\u00fcl helyezett kedden a Gy\u0151ri \u00cdt\u00e9l\u0151t\u00e1bla egy olyan els\u0151 fok\u00fa b\u00edr\u00f3s\u00e1gi d\u00f6nt\u00e9st, amely a szerz\u0151d\u00e9s eg\u00e9sz\u00e9nek semmiss\u00e9g\u00e9re hivatkozva az ad\u00f3snak adott igazat egy devizahiteles-perben.<\/p>\n","protected":false},"author":1,"featured_media":0,"comment_status":"open","ping_status":"closed","sticky":false,"template":"","format":"standard","meta":[],"categories":[112],"tags":[],"_links":{"self":[{"href":"https:\/\/gazdasagportal.hu\/index.php\/wp-json\/wp\/v2\/posts\/35270"}],"collection":[{"href":"https:\/\/gazdasagportal.hu\/index.php\/wp-json\/wp\/v2\/posts"}],"about":[{"href":"https:\/\/gazdasagportal.hu\/index.php\/wp-json\/wp\/v2\/types\/post"}],"author":[{"embeddable":true,"href":"https:\/\/gazdasagportal.hu\/index.php\/wp-json\/wp\/v2\/users\/1"}],"replies":[{"embeddable":true,"href":"https:\/\/gazdasagportal.hu\/index.php\/wp-json\/wp\/v2\/comments?post=35270"}],"version-history":[{"count":1,"href":"https:\/\/gazdasagportal.hu\/index.php\/wp-json\/wp\/v2\/posts\/35270\/revisions"}],"predecessor-version":[{"id":35272,"href":"https:\/\/gazdasagportal.hu\/index.php\/wp-json\/wp\/v2\/posts\/35270\/revisions\/35272"}],"wp:attachment":[{"href":"https:\/\/gazdasagportal.hu\/index.php\/wp-json\/wp\/v2\/media?parent=35270"}],"wp:term":[{"taxonomy":"category","embeddable":true,"href":"https:\/\/gazdasagportal.hu\/index.php\/wp-json\/wp\/v2\/categories?post=35270"},{"taxonomy":"post_tag","embeddable":true,"href":"https:\/\/gazdasagportal.hu\/index.php\/wp-json\/wp\/v2\/tags?post=35270"}],"curies":[{"name":"wp","href":"https:\/\/api.w.org\/{rel}","templated":true}]}}