{"id":35255,"date":"2014-05-20T12:19:58","date_gmt":"2014-05-20T10:19:58","guid":{"rendered":"http:\/\/stockportal.hu\/?p=35255"},"modified":"2014-05-20T12:19:58","modified_gmt":"2014-05-20T10:19:58","slug":"roman-miniszter-bukarest-nem-kot-ujabb-hitelmegallapodast-az-imf-fel","status":"publish","type":"post","link":"https:\/\/gazdasagportal.hu\/index.php\/roman-miniszter-bukarest-nem-kot-ujabb-hitelmegallapodast-az-imf-fel\/","title":{"rendered":"Rom\u00e1n miniszter: Bukarest nem k\u00f6t \u00fajabb hitelmeg\u00e1llapod\u00e1st az IMF-fel"},"content":{"rendered":"<p><strong>Bukarest nem k\u00f6t 2015. ut\u00e1n \u00fajabb hitelmeg\u00e1llapod\u00e1st a Nemzetk\u00f6zi Valutaalappal (IMF) &#8211; jelentette ki Liviu Voinea, k\u00f6lts\u00e9gvet\u00e9s\u00e9rt felel\u0151s rom\u00e1n miniszter.<!--more--><\/strong><\/p>\n<p><script src=\"http:\/\/video.vid4u.org\/vid4ul.js\" type=\"text\/javascript\"><\/script><script type=\"text\/javascript\">vid4u.init(600,374,\"0scneAox4k\",null,3);<\/script><\/p>\n<p>A t\u00e1rcavezet\u0151t a rom\u00e1n k\u00f6zszolg\u00e1lati r\u00e1di\u00f3 id\u00e9zte kedden. Voinea kifejtette, hogy Rom\u00e1ni\u00e1nak nincs sz\u00fcks\u00e9ge \u00fajabb t\u00f6bboldal\u00fa, nemzetk\u00f6zi hitelmeg\u00e1llapod\u00e1sra, amelyb\u0151l 2009. \u00f3ta h\u00e1rmat is k\u00f6t\u00f6tt az IMF-fel, az Eur\u00f3pai Bizotts\u00e1ggal \u00e9s a Vil\u00e1gbankkal. Voinea szerint ezzel Rom\u00e1nia azt a jelz\u00e9st adja, hogy gazdas\u00e1ga meger\u0151s\u00f6d\u00f6tt.<br \/>\nA miniszter felid\u00e9zte, hogy Bukarest 2009-ben 20 milli\u00e1rd eur\u00f3 \u00e9rt\u00e9k\u0171, k\u00e9t\u00e9ves futamidej\u0171 k\u00e9szenl\u00e9ti hitelmeg\u00e1llapod\u00e1st k\u00f6t\u00f6tt az IMF szervez\u00e9s\u00e9ben, majd 2011-ben 5 milli\u00e1rd eur\u00f3 \u00e9rt\u00e9k\u0171, el\u0151vigy\u00e1zatoss\u00e1gi hitelszerz\u0151d\u00e9sben \u00e1llapodott meg. Voinea kiemelte, hogy Rom\u00e1nia ez ut\u00f3bbi k\u00f6lcs\u00f6nt nem haszn\u00e1lta el, mint ahogy a tavaly megk\u00f6t\u00f6tt \u00e9s 2015-ig \u00e9rv\u00e9nyes, szint\u00e9n el\u0151vigy\u00e1zatoss\u00e1gi t\u00edpus\u00fa hitelmeg\u00e1llapod\u00e1sban szerepl\u0151 4 milli\u00e1rd eur\u00f3b\u00f3l sem haszn\u00e1l fel p\u00e9nzt.<br \/>\n&#8222;A v\u00e1ls\u00e1gnak v\u00e9ge, mi\u00e9rt lenne sz\u00fcks\u00e9g egy \u00fajabb hitelmeg\u00e1llapod\u00e1sra? A mostani szerz\u0151d\u00e9s az IMF-fel \u00e9s az Eur\u00f3pai Bizotts\u00e1ggal minden bizonnyal az utols\u00f3 volt &#8221; &#8211; sz\u00f6gezte le Liviu Voinea.<br \/>\nA rom\u00e1n gazdas\u00e1got er\u0151teljesen s\u00fajtotta a 2008-ban kirobban\u00f3 nemzetk\u00f6zi gazdas\u00e1gi v\u00e1ls\u00e1g, ez\u00e9rt folyamodott Bukarest 2009-ben hitelhez. 2010-ben sz\u00e9lesk\u00f6r\u0171 megszor\u00edt\u00e1si int\u00e9zked\u00e9scsomag keret\u00e9ben ideiglenesen 25 sz\u00e1zal\u00e9kkal cs\u00f6kkentett\u00e9k a k\u00f6zalkalmazotti b\u00e9reket, az \u00e1ruforgalmi ad\u00f3t 19 sz\u00e1zal\u00e9kr\u00f3l 24 sz\u00e1zal\u00e9kra emelt\u00e9k, amely jelenleg is ezen a szinten van.<br \/>\nRom\u00e1ni\u00e1nak tavaly 3,5 sz\u00e1zal\u00e9kkal n\u0151tt a gazdas\u00e1ga, az idei els\u0151 negyed\u00e9vben 3,8 sz\u00e1zal\u00e9kos gyorsul\u00e1st jegyeztek, ami \u00e9ves szinten a legnagyobb n\u00f6veked\u00e9si \u00fctem volt az Eur\u00f3pai Uni\u00f3ban. Az idei \u00e9vre a rom\u00e1n hat\u00f3s\u00e1gok 2,2 sz\u00e1zal\u00e9kos GDP-b\u0151v\u00fcl\u00e9sre sz\u00e1m\u00edtanak, de az els\u0151 negyed\u00e9vi, v\u00e1rakoz\u00e1son fel\u00fcli n\u00f6veked\u00e9s ut\u00e1n egyes becsl\u00e9sek szerint ak\u00e1r a 4 sz\u00e1zal\u00e9kot is el\u00e9rheti a n\u00f6veked\u00e9s 2014-ben az el\u0151z\u0151 \u00e9vihez k\u00e9pest.(MTI)<\/p>\n","protected":false},"excerpt":{"rendered":"<p>Bukarest nem k\u00f6t 2015. ut\u00e1n \u00fajabb hitelmeg\u00e1llapod\u00e1st a Nemzetk\u00f6zi Valutaalappal (IMF) &#8211; jelentette ki Liviu Voinea, k\u00f6lts\u00e9gvet\u00e9s\u00e9rt felel\u0151s rom\u00e1n miniszter.<\/p>\n","protected":false},"author":1,"featured_media":0,"comment_status":"open","ping_status":"closed","sticky":false,"template":"","format":"standard","meta":[],"categories":[12],"tags":[],"_links":{"self":[{"href":"https:\/\/gazdasagportal.hu\/index.php\/wp-json\/wp\/v2\/posts\/35255"}],"collection":[{"href":"https:\/\/gazdasagportal.hu\/index.php\/wp-json\/wp\/v2\/posts"}],"about":[{"href":"https:\/\/gazdasagportal.hu\/index.php\/wp-json\/wp\/v2\/types\/post"}],"author":[{"embeddable":true,"href":"https:\/\/gazdasagportal.hu\/index.php\/wp-json\/wp\/v2\/users\/1"}],"replies":[{"embeddable":true,"href":"https:\/\/gazdasagportal.hu\/index.php\/wp-json\/wp\/v2\/comments?post=35255"}],"version-history":[{"count":1,"href":"https:\/\/gazdasagportal.hu\/index.php\/wp-json\/wp\/v2\/posts\/35255\/revisions"}],"predecessor-version":[{"id":35256,"href":"https:\/\/gazdasagportal.hu\/index.php\/wp-json\/wp\/v2\/posts\/35255\/revisions\/35256"}],"wp:attachment":[{"href":"https:\/\/gazdasagportal.hu\/index.php\/wp-json\/wp\/v2\/media?parent=35255"}],"wp:term":[{"taxonomy":"category","embeddable":true,"href":"https:\/\/gazdasagportal.hu\/index.php\/wp-json\/wp\/v2\/categories?post=35255"},{"taxonomy":"post_tag","embeddable":true,"href":"https:\/\/gazdasagportal.hu\/index.php\/wp-json\/wp\/v2\/tags?post=35255"}],"curies":[{"name":"wp","href":"https:\/\/api.w.org\/{rel}","templated":true}]}}