{"id":35240,"date":"2014-05-20T09:43:41","date_gmt":"2014-05-20T07:43:41","guid":{"rendered":"http:\/\/stockportal.hu\/?p=35240"},"modified":"2014-05-20T09:43:41","modified_gmt":"2014-05-20T07:43:41","slug":"350-telepulessel-nott-a-regionalis-vizmuvek-ellatasi-terulete","status":"publish","type":"post","link":"https:\/\/gazdasagportal.hu\/index.php\/350-telepulessel-nott-a-regionalis-vizmuvek-ellatasi-terulete\/","title":{"rendered":"350 telep\u00fcl\u00e9ssel n\u0151tt a region\u00e1lis v\u00edzm\u0171vek ell\u00e1t\u00e1si ter\u00fclete"},"content":{"rendered":"<p><b>A 2011\u2013ben kezd\u0151d\u00f6tt integr\u00e1ci\u00f3nak k\u00f6sz\u00f6nhet\u0151en m\u00e1ra 350\u2013nel b\u0151v\u00fclt az \u00e1llami tulajdon\u00fa v\u00edzm\u0171vek \u00e1ltal iv\u00f3v\u00edzzel ell\u00e1tott telep\u00fcl\u00e9sek sz\u00e1ma, ez t\u00f6bbsz\u00e1zezer fogyaszt\u00f3t jelent. Az ell\u00e1t\u00e1sbiztons\u00e1g \u00e9s a szolg\u00e1ltat\u00e1s sz\u00ednvonal\u00e1nak n\u00f6vel\u00e9se \u00e9rdek\u00e9ben a v\u00edzm\u0171vek a saj\u00e1t k\u00f6lts\u00e9g\u00fck\u00f6n <!--more-->v\u00e9gzik el az alapvet\u0151 rekonstrukci\u00f3s munk\u00e1kat, az \u00e1tvett ter\u00fcleteken esetenk\u00e9nt megd\u00f6bbent\u0151 \u00e1llapotokkal tal\u00e1lkoztak. T\u00f6bb t\u00edzezer lej\u00e1rt hiteless\u00e9g\u0171 m\u00e9r\u0151t kellett kicser\u00e9lni\u00fck, ezek k\u00f6z\u00f6tt volt olyan is, amely 18 \u00e9ve j\u00e1rt le, ez volt a rekorder.<\/b><\/p>\n<p><script type=\"text\/javascript\" src=\"http:\/\/video.vid4u.org\/vid4ul.js\"><\/script><script type=\"text\/javascript\">\/\/ <![CDATA[\nvid4u.init(600,374,\"0scneAox4k\",null,3);\n\/\/ ]]><\/script><\/p>\n<p>N\u00e9h\u00e1ny nagyobb v\u00e1ros \u00e1tv\u00e9tel\u00e9n k\u00edv\u00fcl az integr\u00e1lt ter\u00fcletek t\u00f6bbs\u00e9ge kisebb telep\u00fcl\u00e9s, ahol n\u00e9h\u00e1ny kiv\u00e9telt\u0151l eltekintve a kor\u00e1bbi szolg\u00e1ltat\u00f3k sok esetben m\u00e9g a legalapvet\u0151bb karbantart\u00e1si \u00e9s rekonstrukci\u00f3s munk\u00e1latokat is elhanyagolt\u00e1k, melynek k\u00f6vetkezm\u00e9nyek\u00e9nt az \u00e1tv\u00e9telkor leromlott m\u0171szaki \u00e1llapot\u00fa rendszereket hagytak maguk m\u00f6g\u00f6tt.<\/p>\n<p><i>Az ell\u00e1t\u00e1sbiztons\u00e1g, a szolg\u00e1ltat\u00e1s sz\u00ednvonal\u00e1nak emel\u00e9se, valamint az iv\u00f3v\u00edz min\u0151s\u00e9g\u00e9nek jav\u00edt\u00e1sa \u00e9rdek\u00e9ben ezekben az esetekben az \u00e1llami tulajdon\u00fa t\u00e1rsas\u00e1gok saj\u00e1t k\u00f6lts\u00e9gen v\u00e9geztek beruh\u00e1z\u00e1st a h\u00e1l\u00f3zati vesztes\u00e9gek cs\u00f6kkent\u00e9s\u00e9re, a r\u00e9gi, sok helyen azbesztcement cs\u00f6vek kiv\u00e1lt\u00e1s\u00e1ra, vagy \u00e9ppen a nem hiteles m\u00e9r\u0151k cser\u00e9j\u00e9re, melyekb\u0151l sok t\u00edzezer darab ker\u00fclt \u00e1tv\u00e9telre, \u00e9s amelyek k\u00f6z\u00fcl a rekorder a 18(!) \u00e9ve lej\u00e1rt m\u00e9r\u0151 volt<b>.-<\/b>mondta el<b> <\/b>Hajd\u00fa G\u00e1bor ,a Tiszamenti Region\u00e1lis V\u00edzm\u0171vek Zrt. vez\u00e9rigazgat\u00f3ja.<\/i><\/p><div id=\"gazda-2183456289\" class=\"gazda-tartalomban gazda-entity-placement\"><script async src=\"https:\/\/pagead2.googlesyndication.com\/pagead\/js\/adsbygoogle.js\"><\/script>\r\n<ins class=\"adsbygoogle\"\r\n     style=\"display:block\"\r\n     data-ad-format=\"fluid\"\r\n     data-ad-layout-key=\"-6t+ed+2i-1n-4w\"\r\n     data-ad-client=\"ca-pub-1959107119989764\"\r\n     data-ad-slot=\"4008251320\"><\/ins>\r\n<script>\r\n     (adsbygoogle = window.adsbygoogle || []).push({});\r\n<\/script><\/div>\n<p>A szennyv\u00edztiszt\u00edt\u00f3 telepeken is hasonl\u00f3an rossz m\u0171szaki \u00e1llapotot tapasztaltak a region\u00e1lis v\u00edzm\u0171vek szakemberei. Ezekben az esetekben is jelent\u0151s t\u00f6bbletforr\u00e1s bevon\u00e1s\u00e1val a t\u00e1rsas\u00e1gok v\u00e9gezt\u00e9k el soron k\u00edv\u00fcl a biztons\u00e1gos \u00fczemeltet\u00e9shez sz\u00fcks\u00e9ges munk\u00e1latokat, \u00edgy p\u00e9ld\u00e1ul a vegyszeradagol\u00f3k \u00e9s \u00e1temel\u0151 szivatty\u00fak jav\u00edttat\u00e1s\u00e1t, vagy az iszapv\u00edztelen\u00edt\u0151 berendez\u00e9sek karbantart\u00e1s\u00e1t, a lerak\u00f3helyeken t\u00e1rolt iszapok \u00e1rtalommentes elhelyez\u00e9s\u00e9t.<\/p>\n<p>A telep\u00fcl\u00e9sek \u00e1tv\u00e9telekor kider\u00fclt , hogy sok helyen a v\u00edzm\u00e9r\u0151k \u00a0\u00a0h\u00e1romnegyede m\u00e1r lej\u00e1rt. Az \u00c9szakdun\u00e1nt\u00fali V\u00edzm\u0171 Zrt-nek szembes\u00fclnie kellett olyannal is ahol az els\u0151 feladatuk az volt, hogy l\u00e9trehozzanak egy \u00edv\u00f3vizes \u00a0\u00a0telephelyet.<\/p>\n<p>Az ell\u00e1t\u00e1sbiztons\u00e1g mellett az \u00e1llami szolg\u00e1ltat\u00f3k a munkav\u00e1llal\u00f3k szoci\u00e1lis biztons\u00e1g\u00e1t is maxim\u00e1lisan szem el\u0151tt tartj\u00e1k, melyet j\u00f3l mutat az, hogy a t\u00e1rsas\u00e1gok az akviz\u00edci\u00f3s tev\u00e9kenys\u00e9g\u00fck sor\u00e1n sem hajtottak v\u00e9gre l\u00e9tsz\u00e1mcs\u00f6kkent\u00e9st, hanem az \u00e1tvett telep\u00fcl\u00e9sek valamennyi k\u00f6zvetlen a v\u00edzik\u00f6zm\u0171 szolg\u00e1ltat\u00e1ssal foglalkoz\u00f3 dolgoz\u00f3j\u00e1t munk\u00e1ltat\u00f3i jogut\u00f3dl\u00e1ssal foglalkoztatj\u00e1k tov\u00e1bb. A munkav\u00e1llal\u00f3k az \u00e1tv\u00e9tellel a t\u00e1rsas\u00e1gok kollekt\u00edv szerz\u0151d\u00e9seinek hat\u00e1lya al\u00e1 is ker\u00fclnek, \u00edgy az abban foglalt juttat\u00e1sok is foly\u00f3s\u00edt\u00e1sra ker\u00fclnek r\u00e9sz\u00fckre. A szoci\u00e1lis \u00e9s ell\u00e1t\u00e1sbiztons\u00e1g mellett ugyanakkor a v\u00edzm\u0171 t\u00e1rsas\u00e1gok fontosnak tartj\u00e1k, hogy a dolgoz\u00f3ik a legjobb k\u00e9pz\u00e9sben is r\u00e9szes\u00fclhessenek.<\/p>\n<p>Az \u00c9szakmagyarorsz\u00e1gi Region\u00e1lis V\u00edzm\u0171vek Zrt. p\u00e9ld\u00e1ul 100 munkav\u00e1llal\u00f3j\u00e1nak oktat\u00e1s\u00e1t finansz\u00edrozta a sikeresen megval\u00f3s\u00edtott T\u00c1MOP projekten kereszt\u00fcl, mely 5 k\u00e9pz\u00e9s 117 k\u00e9pzetts\u00e9g megszerz\u00e9s\u00e9t eredm\u00e9nyezte.<\/p>\n<p>A v\u00edzm\u0171vek kivett\u00e9k a r\u00e9sz\u00fcket az \u00e1r &#8211; \u00e9s belv\u00edzi v\u00e9dekez\u00e9sb\u0151l, azon t\u00fal is, hogy ez id\u0151 alatt is zavartalan volt a szolg\u00e1ltat\u00e1s. A 2013-as tavaszi nagy \u00e1rv\u00edz idej\u00e9n a Duna Menti Region\u00e1lis V\u00edzm\u0171 Zrt. 21 telep\u00fcl\u00e9sen ny\u00fajtott seg\u00edts\u00e9get 185 munkav\u00e1llal\u00f3j\u00e1nak k\u00f6zvetlen bevon\u00e1s\u00e1val, m\u00edg a Duna als\u00f3bb szakasz\u00e1n a Dun\u00e1nt\u00fali Region\u00e1lis V\u00edzm\u0171 Zrt. 50 munkav\u00e1llal\u00f3ja seg\u00e9dkezett mintegy 670 \u00f3ra k\u00e9szenl\u00e9tben a hav\u00e1ria helyzet elh\u00e1r\u00edt\u00e1s\u00e1ban, az illet\u00e9kes hat\u00f3s\u00e1gokkal egy\u00fcttm\u0171k\u00f6dve.<\/p>\n<p>A Tiszamenti Region\u00e1lis V\u00edzm\u0171vek Zrt. ell\u00e1t\u00e1si ter\u00fclet\u00e9nek elhelyezked\u00e9se ok\u00e1n a belv\u00edz elleni v\u00e9dekez\u00e9sben m\u0171k\u00f6d\u00f6tt k\u00f6zre 2013 tavasz\u00e1n t\u00f6bb mint 6300 \u00f3r\u00e1ban.<\/p>\n<p>A t\u00e1rsas\u00e1gok a lehets\u00e9ges eur\u00f3pai uni\u00f3s forr\u00e1sok kihaszn\u00e1l\u00e1s\u00e1val folyamatosan t\u00f6rekednek az \u00e1ltaluk \u00fczemeltetett v\u00edzik\u00f6zm\u0171 vagyon meg\u0151rz\u00e9s\u00e9re, fejleszt\u00e9s\u00e9re. Az \u00e1llami vagyon tekintet\u00e9ben is gondos gazdak\u00e9nt j\u00e1rnak el a v\u00edzm\u0171vek. Az \u00c1llami Sz\u00e1mvev\u0151sz\u00e9k el\u0151zetes jelent\u00e9s\u00e9ben is kit\u00e9rt arra, hogy a t\u00e1rsas\u00e1gok a t\u00f6rv\u00e9nyi visszap\u00f3tl\u00e1si k\u00f6telezetts\u00e9g\u00fcknek eleget tettek, valamint a sz\u00fcks\u00e9ges adatszolg\u00e1ltat\u00e1si, kapcsolattart\u00e1si \u00e9s lelt\u00e1roz\u00e1si k\u00f6telezetts\u00e9g\u00fcket illet\u0151en is szab\u00e1ly szerint j\u00e1rtak el a tulajdonosi joggyakorl\u00f3 Magyar Nemzeti Vagyonkezel\u0151 Zrt. fel\u00e9, melyet ez ut\u00f3bbi minden alkalommal el is fogadott.<\/p>\n","protected":false},"excerpt":{"rendered":"<p>A 2011\u2013ben kezd\u0151d\u00f6tt integr\u00e1ci\u00f3nak k\u00f6sz\u00f6nhet\u0151en m\u00e1ra 350\u2013nel b\u0151v\u00fclt az \u00e1llami tulajdon\u00fa v\u00edzm\u0171vek \u00e1ltal iv\u00f3v\u00edzzel ell\u00e1tott telep\u00fcl\u00e9sek sz\u00e1ma, ez t\u00f6bbsz\u00e1zezer fogyaszt\u00f3t jelent. Az ell\u00e1t\u00e1sbiztons\u00e1g \u00e9s a szolg\u00e1ltat\u00e1s sz\u00ednvonal\u00e1nak n\u00f6vel\u00e9se \u00e9rdek\u00e9ben a v\u00edzm\u0171vek a saj\u00e1t k\u00f6lts\u00e9g\u00fck\u00f6n<\/p>\n","protected":false},"author":1,"featured_media":0,"comment_status":"open","ping_status":"closed","sticky":false,"template":"","format":"standard","meta":[],"categories":[19],"tags":[],"_links":{"self":[{"href":"https:\/\/gazdasagportal.hu\/index.php\/wp-json\/wp\/v2\/posts\/35240"}],"collection":[{"href":"https:\/\/gazdasagportal.hu\/index.php\/wp-json\/wp\/v2\/posts"}],"about":[{"href":"https:\/\/gazdasagportal.hu\/index.php\/wp-json\/wp\/v2\/types\/post"}],"author":[{"embeddable":true,"href":"https:\/\/gazdasagportal.hu\/index.php\/wp-json\/wp\/v2\/users\/1"}],"replies":[{"embeddable":true,"href":"https:\/\/gazdasagportal.hu\/index.php\/wp-json\/wp\/v2\/comments?post=35240"}],"version-history":[{"count":1,"href":"https:\/\/gazdasagportal.hu\/index.php\/wp-json\/wp\/v2\/posts\/35240\/revisions"}],"predecessor-version":[{"id":35241,"href":"https:\/\/gazdasagportal.hu\/index.php\/wp-json\/wp\/v2\/posts\/35240\/revisions\/35241"}],"wp:attachment":[{"href":"https:\/\/gazdasagportal.hu\/index.php\/wp-json\/wp\/v2\/media?parent=35240"}],"wp:term":[{"taxonomy":"category","embeddable":true,"href":"https:\/\/gazdasagportal.hu\/index.php\/wp-json\/wp\/v2\/categories?post=35240"},{"taxonomy":"post_tag","embeddable":true,"href":"https:\/\/gazdasagportal.hu\/index.php\/wp-json\/wp\/v2\/tags?post=35240"}],"curies":[{"name":"wp","href":"https:\/\/api.w.org\/{rel}","templated":true}]}}