{"id":35234,"date":"2014-05-20T09:05:59","date_gmt":"2014-05-20T07:05:59","guid":{"rendered":"http:\/\/stockportal.hu\/?p=35234"},"modified":"2014-05-20T09:05:59","modified_gmt":"2014-05-20T07:05:59","slug":"az-orosz-katonai-egysegek-megkaptak-a-parancsot-a-visszavonulasra","status":"publish","type":"post","link":"https:\/\/gazdasagportal.hu\/index.php\/az-orosz-katonai-egysegek-megkaptak-a-parancsot-a-visszavonulasra\/","title":{"rendered":"Az orosz katonai egys\u00e9gek megkapt\u00e1k a parancsot a visszavonul\u00e1sra"},"content":{"rendered":"<p><strong>Az orosz katonai egys\u00e9gek megkapt\u00e1k Szergej Sojgu v\u00e9delmi miniszter parancs\u00e1t arra, hogy t\u00e9rjenek vissza \u00e1lland\u00f3 \u00e1llom\u00e1shely\u00fckre az ukr\u00e1n hat\u00e1r k\u00f6zel\u00e9b\u0151l &#8211; k\u00f6z\u00f6lte kedden az orosz v\u00e9delmi miniszt\u00e9rium.<!--more--><\/strong><\/p>\n<p><script src=\"http:\/\/video.vid4u.org\/vid4ul.js\" type=\"text\/javascript\"><\/script><script type=\"text\/javascript\">vid4u.init(600,374,\"0scneAox4k\",null,3);<\/script><\/p>\n<p>Az orosz fegyveres er\u0151k alakulatai a Rosztovi, Belgorodi \u00e9s Brjanszki ter\u00fcleteken, az el\u0151re eltervezett hadgyakorlat befejezt\u00e9vel elindulnak harci j\u00e1rm\u0171veik berakod\u00e1si hely\u00e9re, ahonnan vas\u00faton folytatj\u00e1k \u00fatjukat t\u00e1maszpontjaikra. Jelenleg a hadgyakorlatok helysz\u00edn\u00e9n a parancsnokok az \u00fatvonalakat \u00e9s az elvonul\u00e1s menet\u00e9t pontos\u00edtj\u00e1k, a leg\u00e9nys\u00e9g pedig a s\u00e1trak bont\u00e1s\u00e1val, a felszerel\u00e9s, az anyagi eszk\u00f6z\u00f6k berakod\u00e1s\u00e1val, a p\u00e1nc\u00e9losokb\u00f3l \u00e9s m\u00e1s j\u00e1rm\u0171vekb\u0151l \u00e1ll\u00f3 menetoszlopok \u00f6ssze\u00e1ll\u00edt\u00e1s\u00e1val foglalkozik &#8211; t\u00e1j\u00e9koztattak.<br \/>\nAz orosz v\u00e9delmi t\u00e1rca a k\u00f6zlem\u00e9nyben hozz\u00e1tette, hogy a katonai alakulatok visszat\u00e9r\u00e9s\u00fcket k\u00f6vet\u0151en \u00e1llom\u00e1shelyeikhez k\u00f6zeli gyakorl\u00f3tereken \u00e9s kik\u00e9pz\u0151 k\u00f6zpontokban folytatj\u00e1k a harci felk\u00e9sz\u00fcl\u00e9st, minthogy az \u00e9ves terv szerint a t\u00e9li oktat\u00e1s m\u00e1jus 31-ig tart, a ny\u00e1ri pedig j\u00fanius 1-\u00e9n kezd\u0151dik.<br \/>\nA miniszt\u00e9rium t\u00e1j\u00e9koztat\u00e1s\u00e1ban nem szerepelnek adatok, ez\u00e9rt tov\u00e1bbra sem vil\u00e1gos, az int\u00e9zked\u00e9s azt jelenti-e, hogy cs\u00f6kkenni fog az ukr\u00e1n hat\u00e1r k\u00f6zel\u00e9ben \u00e1llom\u00e1soz\u00f3 orosz alakulatok l\u00e9tsz\u00e1ma, amelyet a NATO mintegy 40 ezer f\u0151re becs\u00fcl.<br \/>\nVlagyimir Putyin orosz eln\u00f6k, a hadsereg f\u0151parancsnoka h\u00e9tf\u0151 reggel adott utas\u00edt\u00e1st a v\u00e9delmi miniszternek, hogy rendelje vissza az ukr\u00e1n hat\u00e1rral szomsz\u00e9dos ter\u00fcletekr\u0151l a hadsereg egys\u00e9geit. Az \u00e1llamf\u0151 egy\u00fattal felsz\u00f3l\u00edtotta Ukrajn\u00e1t a Kreml \u00e1ltal &#8222;b\u00fcntet\u0151 hadj\u00e1ratnak&#8221; nevezett kelet-ukrajnai hadm\u0171velet azonnali le\u00e1ll\u00edt\u00e1s\u00e1ra, a csapatok visszavon\u00e1s\u00e1ra, valamint a probl\u00e9m\u00e1k kiz\u00e1r\u00f3lag b\u00e9k\u00e9s \u00faton t\u00f6rt\u00e9n\u0151 rendez\u00e9s\u00e9re.<br \/>\nA NATO \u00e9s az amerikai v\u00e9delmi miniszt\u00e9rium &#8211; k\u00f6z\u00e9p-eur\u00f3pai id\u0151 szerint &#8211; h\u00e9tf\u0151 este azt k\u00f6z\u00f6lte, hogy m\u00e9g mindig nem \u00e9szlelnek orosz csapatvisszavon\u00e1st.(MTI)<\/p>\n","protected":false},"excerpt":{"rendered":"<p>Az orosz katonai egys\u00e9gek megkapt\u00e1k Szergej Sojgu v\u00e9delmi miniszter parancs\u00e1t arra, hogy t\u00e9rjenek vissza \u00e1lland\u00f3 \u00e1llom\u00e1shely\u00fckre az ukr\u00e1n hat\u00e1r k\u00f6zel\u00e9b\u0151l &#8211; k\u00f6z\u00f6lte kedden az orosz v\u00e9delmi miniszt\u00e9rium.<\/p>\n","protected":false},"author":1,"featured_media":0,"comment_status":"open","ping_status":"closed","sticky":false,"template":"","format":"standard","meta":[],"categories":[139],"tags":[],"_links":{"self":[{"href":"https:\/\/gazdasagportal.hu\/index.php\/wp-json\/wp\/v2\/posts\/35234"}],"collection":[{"href":"https:\/\/gazdasagportal.hu\/index.php\/wp-json\/wp\/v2\/posts"}],"about":[{"href":"https:\/\/gazdasagportal.hu\/index.php\/wp-json\/wp\/v2\/types\/post"}],"author":[{"embeddable":true,"href":"https:\/\/gazdasagportal.hu\/index.php\/wp-json\/wp\/v2\/users\/1"}],"replies":[{"embeddable":true,"href":"https:\/\/gazdasagportal.hu\/index.php\/wp-json\/wp\/v2\/comments?post=35234"}],"version-history":[{"count":1,"href":"https:\/\/gazdasagportal.hu\/index.php\/wp-json\/wp\/v2\/posts\/35234\/revisions"}],"predecessor-version":[{"id":35235,"href":"https:\/\/gazdasagportal.hu\/index.php\/wp-json\/wp\/v2\/posts\/35234\/revisions\/35235"}],"wp:attachment":[{"href":"https:\/\/gazdasagportal.hu\/index.php\/wp-json\/wp\/v2\/media?parent=35234"}],"wp:term":[{"taxonomy":"category","embeddable":true,"href":"https:\/\/gazdasagportal.hu\/index.php\/wp-json\/wp\/v2\/categories?post=35234"},{"taxonomy":"post_tag","embeddable":true,"href":"https:\/\/gazdasagportal.hu\/index.php\/wp-json\/wp\/v2\/tags?post=35234"}],"curies":[{"name":"wp","href":"https:\/\/api.w.org\/{rel}","templated":true}]}}