{"id":35227,"date":"2014-05-20T04:56:21","date_gmt":"2014-05-20T02:56:21","guid":{"rendered":"http:\/\/stockportal.hu\/?p=35227"},"modified":"2014-05-19T21:59:38","modified_gmt":"2014-05-19T19:59:38","slug":"ukran-valsag-putyin-visszarendelte-az-ukran-hatarrol-az-orosz-csapatokat","status":"publish","type":"post","link":"https:\/\/gazdasagportal.hu\/index.php\/ukran-valsag-putyin-visszarendelte-az-ukran-hatarrol-az-orosz-csapatokat\/","title":{"rendered":"Ukr\u00e1n v\u00e1ls\u00e1g: Putyin visszarendelte az ukr\u00e1n hat\u00e1rr\u00f3l az orosz csapatokat"},"content":{"rendered":"<p><strong>Az orosz eln\u00f6k h\u00e9tf\u0151n arra utas\u00edtotta Szergej Sojgu v\u00e9delmi minisztert, hogy vez\u00e9nyelje vissza \u00e1lland\u00f3 k\u00f6rleteikbe az Ukrajn\u00e1val szomsz\u00e9dos megy\u00e9kben \u00e1llom\u00e1soz\u00f3 orosz csapatokat.<!--more--><\/strong><\/p>\n<p><script src=\"http:\/\/video.vid4u.org\/vid4ul.js\" type=\"text\/javascript\"><\/script><script type=\"text\/javascript\">vid4u.init(600,374,\"0scneAox4k\",null,3);<\/script><\/p>\n<p>A Vlagyimir Putyin sajt\u00f3szolg\u00e1lata \u00e1ltal kiadott k\u00f6zlem\u00e9ny szerint a Rosztovi, Belgorodi \u00e9s Brjanszki megy\u00e9kben befejez\u0151dtek a &#8222;tervszer\u0171 tavaszi gyakorlatok&#8221;, ez\u00e9rt az ezekben r\u00e9szt vev\u0151 csapatokat \u00e1lland\u00f3 k\u00f6rleteikbe vez\u00e9nylik, \u00e9s az azokhoz k\u00f6zeli gyakorl\u00f3terepeken folytatj\u00e1k harci felk\u00e9sz\u00fcl\u00e9s\u00fcket.<br \/>\nNem vil\u00e1gos, hogy az int\u00e9zked\u00e9s azt jelenti-e, hogy cs\u00f6kkenni fog az ukr\u00e1n hat\u00e1r k\u00f6zel\u00e9ben \u00e1llom\u00e1soz\u00f3 orosz alakulatok l\u00e9tsz\u00e1ma, amelyet a NATO mintegy 40 ezerre becs\u00fcl. Putyin m\u00e1jus 7-\u00e9n m\u00e1r bejelentette, hogy a csapatokat visszavont\u00e1k, de a NATO \u00e9s az Egyes\u00fclt \u00c1llamok &#8211; k\u00f6zl\u00e9s\u00fck szerint &#8211; semmi jel\u00e9t nem tapasztalt\u00e1k a csapatcs\u00f6kkent\u00e9snek.<br \/>\nA Kreml sajt\u00f3szolg\u00e1lata szerint Vlagyimir Putyin \u00fcdv\u00f6z\u00f6lte az els\u0151 kapcsolatfelv\u00e9telt a kijevi vezet\u00e9s \u00e9s a f\u00f6deraliz\u00e1ci\u00f3 h\u00edvei k\u00f6z\u00f6tt, aminek c\u00e9lja, hogy k\u00f6zvetlen p\u00e1rbesz\u00e9d kezd\u0151dj\u00f6n a konfliktusban \u00e9rdekelt \u00f6sszes f\u00e9l k\u00f6z\u00f6tt. Egy\u00fattal felsz\u00f3l\u00edtotta Ukrajn\u00e1t a Kreml \u00e1ltal &#8222;b\u00fcntet\u0151 hadj\u00e1ratnak&#8221; nevezett kelet-ukrajnai hadm\u0171velet azonnali le\u00e1ll\u00edt\u00e1s\u00e1ra, a csapatok visszavon\u00e1s\u00e1ra \u00e9s a probl\u00e9m\u00e1k kiz\u00e1r\u00f3lag b\u00e9k\u00e9s \u00faton t\u00f6rt\u00e9n\u0151 rendez\u00e9s\u00e9re.<br \/>\nAz ENSZ adatai szerint csaknem 130 ember &#8211; katon\u00e1k, szakad\u00e1rok, civilek &#8211; vesz\u00edtette \u00e9let\u00e9t eddig er\u0151szak k\u00f6vetkezt\u00e9ben az \u00e1prilis 13-\u00e1n kezd\u0151d\u00f6tt ukr\u00e1n &#8222;terroristaellenes hadm\u0171velet&#8221; sor\u00e1n.<br \/>\nAz els\u0151, eredm\u00e9nytelen\u00fcl v\u00e9gz\u0151d\u0151 szerdai kijevi kerekasztal-t\u00e1rgyal\u00e1sok ut\u00e1n szombaton a kelet-ukrajnai Harkivban tal\u00e1lkoztak a korm\u00e1ny kulcsminiszterei, k\u00e9t volt ukr\u00e1n \u00e1llamf\u0151, parlamenti k\u00e9pvisel\u0151k \u00e9s egyh\u00e1zi m\u00e9lt\u00f3s\u00e1gok. Az els\u0151 fordul\u00f3hoz hasonl\u00f3an a kelet-ukrajnai oroszbar\u00e1t szakad\u00e1rok ez\u00fattal sem kaptak megh\u00edv\u00e1st, \u00e9s Arszenyij Jacenyuk ukr\u00e1n minisztereln\u00f6k m\u00e9g aznap elutas\u00edtotta Ukrajna f\u00f6deraliz\u00e1ci\u00f3j\u00e1t.(MTI)<\/p>\n","protected":false},"excerpt":{"rendered":"<p>Az orosz eln\u00f6k h\u00e9tf\u0151n arra utas\u00edtotta Szergej Sojgu v\u00e9delmi minisztert, hogy vez\u00e9nyelje vissza \u00e1lland\u00f3 k\u00f6rleteikbe az Ukrajn\u00e1val szomsz\u00e9dos megy\u00e9kben \u00e1llom\u00e1soz\u00f3 orosz csapatokat.<\/p>\n","protected":false},"author":1,"featured_media":29163,"comment_status":"open","ping_status":"closed","sticky":false,"template":"","format":"standard","meta":[],"categories":[139],"tags":[],"_links":{"self":[{"href":"https:\/\/gazdasagportal.hu\/index.php\/wp-json\/wp\/v2\/posts\/35227"}],"collection":[{"href":"https:\/\/gazdasagportal.hu\/index.php\/wp-json\/wp\/v2\/posts"}],"about":[{"href":"https:\/\/gazdasagportal.hu\/index.php\/wp-json\/wp\/v2\/types\/post"}],"author":[{"embeddable":true,"href":"https:\/\/gazdasagportal.hu\/index.php\/wp-json\/wp\/v2\/users\/1"}],"replies":[{"embeddable":true,"href":"https:\/\/gazdasagportal.hu\/index.php\/wp-json\/wp\/v2\/comments?post=35227"}],"version-history":[{"count":1,"href":"https:\/\/gazdasagportal.hu\/index.php\/wp-json\/wp\/v2\/posts\/35227\/revisions"}],"predecessor-version":[{"id":35228,"href":"https:\/\/gazdasagportal.hu\/index.php\/wp-json\/wp\/v2\/posts\/35227\/revisions\/35228"}],"wp:featuredmedia":[{"embeddable":true,"href":"https:\/\/gazdasagportal.hu\/index.php\/wp-json\/wp\/v2\/media\/29163"}],"wp:attachment":[{"href":"https:\/\/gazdasagportal.hu\/index.php\/wp-json\/wp\/v2\/media?parent=35227"}],"wp:term":[{"taxonomy":"category","embeddable":true,"href":"https:\/\/gazdasagportal.hu\/index.php\/wp-json\/wp\/v2\/categories?post=35227"},{"taxonomy":"post_tag","embeddable":true,"href":"https:\/\/gazdasagportal.hu\/index.php\/wp-json\/wp\/v2\/tags?post=35227"}],"curies":[{"name":"wp","href":"https:\/\/api.w.org\/{rel}","templated":true}]}}