{"id":35218,"date":"2014-05-19T19:31:05","date_gmt":"2014-05-19T17:31:05","guid":{"rendered":"http:\/\/stockportal.hu\/?p=35218"},"modified":"2014-05-19T16:44:15","modified_gmt":"2014-05-19T14:44:15","slug":"cameron-nagy-britannianak-a-megreformalt-eu-ban-a-helye","status":"publish","type":"post","link":"https:\/\/gazdasagportal.hu\/index.php\/cameron-nagy-britannianak-a-megreformalt-eu-ban-a-helye\/","title":{"rendered":"Cameron: Nagy-Britanni\u00e1nak a megreform\u00e1lt EU-ban a helye"},"content":{"rendered":"<p><strong>Nagy-Britanni\u00e1nak &#8222;a megreform\u00e1lt Eur\u00f3pai Uni\u00f3ban a helye&#8221; &#8211; mondta h\u00e9tf\u0151n a brit minisztereln\u00f6k.<!--more--><\/strong><\/p>\n<p><script src=\"http:\/\/video.vid4u.org\/vid4ul.js\" type=\"text\/javascript\"><\/script><script type=\"text\/javascript\">vid4u.init(600,374,\"0scneAox4k\",null,3);<\/script><\/p>\n<p>David Cameron, aki a k\u00f6zelg\u0151 eur\u00f3pai parlamenti v\u00e1laszt\u00e1sok els\u0151dleges brit kamp\u00e1nyk\u00e9rd\u00e9seir\u0151l nyilatkozott a BBC-nek, kijelentette: a helyes ir\u00e1nyt az Eur\u00f3pai Uni\u00f3 \u00e9s Nagy-Britannia viszonyrendszer\u00e9nek \u00fajrat\u00e1rgyal\u00e1sa jelenti, amelyet korm\u00e1nya kezdem\u00e9nyezett. Meger\u0151s\u00edtette: ha az egy \u00e9v m\u00falva esed\u00e9kes brit parlamenti v\u00e1laszt\u00e1sok ut\u00e1n is \u0151 lesz a minisztereln\u00f6k, a brit v\u00e1laszt\u00f3k e t\u00e1rgyal\u00e1sok eredm\u00e9nyei alapj\u00e1n n\u00e9pszavaz\u00e1son d\u00f6nthetnek arr\u00f3l, hogy Nagy-Britannia az EU tagja maradjon-e.<br \/>\nCameron hozz\u00e1tette: m\u00e1s EU-tag\u00e1llamok is foglalkoznak m\u00e1r azokkal a reformjavaslatokkal, amelyeket \u0151 tett le az asztalra. T\u00f6bb m\u00e1s uni\u00f3s orsz\u00e1g is azon a v\u00e9lem\u00e9nyen van p\u00e9ld\u00e1ul, hogy v\u00e9get kell vetni a &#8222;kedvezm\u00e9nyturizmusnak&#8221; &#8211; vagyis annak, hogy egyes EU-tag\u00e1llamok polg\u00e1rai csak a jobb szoci\u00e1lis ell\u00e1t\u00e1s\u00e9rt telep\u00fclnek \u00e1t m\u00e1s uni\u00f3s orsz\u00e1gokba -, ami &#8222;oly sok k\u00e1rt okozott az Eur\u00f3pai Uni\u00f3nak&#8221;. A brit korm\u00e1nyf\u0151 hozz\u00e1tette: \u00e9ppen most \u00e9rt a t\u00f6rv\u00e9nyalkot\u00e1si folyamat v\u00e9g\u00e9re az \u00faj brit bev\u00e1ndorl\u00e1si t\u00f6rv\u00e9ny, amely elej\u00e9t veszi, hogy m\u00e1s EU-tag\u00e1llamokb\u00f3l \u00e9rkez\u0151k vissza\u00e9lhessenek a brit szoci\u00e1lis ell\u00e1t\u00f3rendszer juttat\u00e1saival.<br \/>\nDavid Cameron kijelentette: b\u00edzik abban, hogy a brit korm\u00e1ny el\u00e9ri az EU-hoz f\u0171z\u0151d\u0151 viszonyrendszer \u00fajrat\u00e1rgyal\u00e1si terv\u00e9ben foglalt reformokat. Nagy-Britannia sz\u00e1m\u00e1ra a legjobb megold\u00e1st az jelenti, ha a megreform\u00e1lt Eur\u00f3pai Uni\u00f3 tagja marad &#8211; hangs\u00falyozta.<br \/>\nCameron korm\u00e1ny\u00e1nak egyik magas rang\u00fa tagja, Michael Fallon energia\u00fcgyi \u00e1llamtitk\u00e1r alig k\u00e9t nappal a minisztereln\u00f6k h\u00e9tf\u0151i nyilatkozata el\u0151tt azt mondta a BBC-nek, hogy a korm\u00e1nyz\u00f3 brit Konzervat\u00edv P\u00e1rt Nagy-Britannia EU-kil\u00e9p\u00e9se mellett kamp\u00e1nyolna a h\u00e1rom \u00e9ven bel\u00fcl esed\u00e9kes n\u00e9pszavaz\u00e1son, ha addig Londonnak nem siker\u00fcl egyezs\u00e9gre jutnia Br\u00fcsszellel a brit korm\u00e1ny \u00e1ltal ig\u00e9nyelt reformokr\u00f3l.<br \/>\nDavid Cameron tavaly jelentette be, hogy ha a Konzervat\u00edv P\u00e1rt korm\u00e1nyon marad a 2015 m\u00e1jus\u00e1ban esed\u00e9kes v\u00e1laszt\u00e1sokon, Nagy-Britanni\u00e1ban 2017-ig n\u00e9pszavaz\u00e1st tartanak a brit EU-tags\u00e1gr\u00f3l, de addig a korm\u00e1ny \u00fajra akarja t\u00e1rgyalni az EU-hoz f\u0171z\u0151d\u0151 viszonyrendszer\u00e9t az Eur\u00f3pai Bizotts\u00e1ggal. A brit v\u00e1laszt\u00f3k ennek eredm\u00e9nye alapj\u00e1n d\u00f6nten\u00e9nek arr\u00f3l, hogy az uni\u00f3n bel\u00fcl vagy azon k\u00edv\u00fcl akarj\u00e1k-e tudni haz\u00e1jukat.<br \/>\nA London \u00e1ltal tervezett t\u00e1rgyal\u00e1sok egyik k\u00f6zponti eleme az Eur\u00f3pai Uni\u00f3n bel\u00fcli munkaer\u0151mozg\u00e1s szigor\u00edt\u00e1s\u00e1nak ig\u00e9nye. A brit korm\u00e1ny egyebek mellett olyan szab\u00e1lyoz\u00e1si rendszert szeretne, amely addig nem tenn\u00e9 lehet\u0151v\u00e9 az \u00faj EU-tag\u00e1llamokb\u00f3l \u00e9rkez\u0151k szabad munkav\u00e1llal\u00e1s\u00e1t m\u00e1s uni\u00f3s orsz\u00e1gokban, am\u00edg az \u00fajonnan felvett tagorsz\u00e1gokban az egy f\u0151re jut\u00f3 \u00e1tlagj\u00f6vedelem el nem \u00e9r egy bizonyos szintet.(MTI)<\/p>\n","protected":false},"excerpt":{"rendered":"<p>Nagy-Britanni\u00e1nak &#8222;a megreform\u00e1lt Eur\u00f3pai Uni\u00f3ban a helye&#8221; &#8211; mondta h\u00e9tf\u0151n a brit minisztereln\u00f6k.<\/p>\n","protected":false},"author":1,"featured_media":0,"comment_status":"open","ping_status":"closed","sticky":false,"template":"","format":"standard","meta":[],"categories":[12],"tags":[],"_links":{"self":[{"href":"https:\/\/gazdasagportal.hu\/index.php\/wp-json\/wp\/v2\/posts\/35218"}],"collection":[{"href":"https:\/\/gazdasagportal.hu\/index.php\/wp-json\/wp\/v2\/posts"}],"about":[{"href":"https:\/\/gazdasagportal.hu\/index.php\/wp-json\/wp\/v2\/types\/post"}],"author":[{"embeddable":true,"href":"https:\/\/gazdasagportal.hu\/index.php\/wp-json\/wp\/v2\/users\/1"}],"replies":[{"embeddable":true,"href":"https:\/\/gazdasagportal.hu\/index.php\/wp-json\/wp\/v2\/comments?post=35218"}],"version-history":[{"count":1,"href":"https:\/\/gazdasagportal.hu\/index.php\/wp-json\/wp\/v2\/posts\/35218\/revisions"}],"predecessor-version":[{"id":35219,"href":"https:\/\/gazdasagportal.hu\/index.php\/wp-json\/wp\/v2\/posts\/35218\/revisions\/35219"}],"wp:attachment":[{"href":"https:\/\/gazdasagportal.hu\/index.php\/wp-json\/wp\/v2\/media?parent=35218"}],"wp:term":[{"taxonomy":"category","embeddable":true,"href":"https:\/\/gazdasagportal.hu\/index.php\/wp-json\/wp\/v2\/categories?post=35218"},{"taxonomy":"post_tag","embeddable":true,"href":"https:\/\/gazdasagportal.hu\/index.php\/wp-json\/wp\/v2\/tags?post=35218"}],"curies":[{"name":"wp","href":"https:\/\/api.w.org\/{rel}","templated":true}]}}