{"id":35211,"date":"2014-05-19T16:29:25","date_gmt":"2014-05-19T14:29:25","guid":{"rendered":"http:\/\/stockportal.hu\/?p=35211"},"modified":"2014-05-19T16:29:25","modified_gmt":"2014-05-19T14:29:25","slug":"ukran-valsag-ismeretlen-fegyveresek-foglyul-ejtettek-egy-magyar-ferfit-ukrajnaban","status":"publish","type":"post","link":"https:\/\/gazdasagportal.hu\/index.php\/ukran-valsag-ismeretlen-fegyveresek-foglyul-ejtettek-egy-magyar-ferfit-ukrajnaban\/","title":{"rendered":"Ukr\u00e1n v\u00e1ls\u00e1g: Ismeretlen fegyveresek foglyul ejtettek egy magyar f\u00e9rfit Ukrajn\u00e1ban"},"content":{"rendered":"<p><strong>Ismeretlen fegyveresek foglyul ejtettek egy magyar f\u00e9rfit Ukrajn\u00e1ban &#8211; k\u00f6z\u00f6lte a Terrorelh\u00e1r\u00edt\u00e1si K\u00f6zpont (TEK) T\u00e1rsadalmi Kapcsolatok Oszt\u00e1lya h\u00e9tf\u0151n az MTI-vel. A TEK speci\u00e1lis egys\u00e9ge Ukrajn\u00e1ba utazott.<!--more--><\/strong><\/p>\n<p><script src=\"http:\/\/video.vid4u.org\/vid4ul.js\" type=\"text\/javascript\"><\/script><script type=\"text\/javascript\">vid4u.init(600,374,\"0scneAox4k\",null,3);<\/script><\/p>\n<p>A TEK k\u00f6zlem\u00e9ny\u00e9ben azt \u00edrta, hogy a magyar \u00e1llampolg\u00e1rs\u00e1g\u00fa f\u00e9rfit Kelet-Ukrajn\u00e1ban ejtett\u00e9k foglyul eddig tiszt\u00e1zatlan k\u00f6r\u00fclm\u00e9nyek k\u00f6z\u00f6tt.<br \/>\nK\u00f6zl\u00e9s\u00fck szerint az ukrajnai konfliktusos z\u00f3n\u00e1ban magyar rendsz\u00e1m\u00fa aut\u00f3val k\u00f6zleked\u0151 f\u00e9rfit &#8211; ellen\u0151rz\u00f6tt \u00e9s visszaigazolt inform\u00e1ci\u00f3k alapj\u00e1n &#8211; ismeretlen fegyveresek tartj\u00e1k fogva.<br \/>\n&#8222;Mivel a helysz\u00ednen harcok is d\u00falnak, a Terrorelh\u00e1r\u00edt\u00e1si K\u00f6zpont speci\u00e1lis egys\u00e9ge &#8211; a hazai \u00e9s nemzetk\u00f6zi szab\u00e1lyoknak \u00e9s protokollnak megfelel\u0151en &#8211; halad\u00e9ktalanul Ukrajn\u00e1ba utazott&#8221; &#8211; t\u00e1j\u00e9koztatott a TEK T\u00e1rsadalmi Kapcsolatok Oszt\u00e1lya.<br \/>\nHozz\u00e1tett\u00e9k, hogy a m\u0171veletet ir\u00e1ny\u00edt\u00f3 t\u00f6rzs a TEK f\u0151igazgat\u00f3j\u00e1nak vezet\u00e9s\u00e9vel a k\u00f6zpontban \u00f6ssze\u00fclt, \u00e9s felvette a kapcsolatot az ukr\u00e1n hat\u00f3s\u00e1gokkal, valamint folyamatosan konzult\u00e1l a K\u00fcl\u00fcgyminiszt\u00e9riummal.(MTI)<\/p>\n<p><script type=\"text\/javascript\" async=\"true\" charset=\"utf-8\" src=\"http:\/\/hu.search.etargetnet.com\/generic\/advert.php?g=ref:58154,area:600x300,tabl:4,divid:,design_name:custom,border_color:ffffff,border_style:none,background_opacity:100,background_color:ffffff,hover_back:,title_color:0067d6,text_color:404040,url_color:0067d6,h_title_color:0067d6,h_text_color:404040,h_url_color:0067d6,freespace:0,logo_type:5,logo:1,title_underline:0,url_underline:0,h_title_underline:1,h_url_underline:1,nourl:,fsi:11,font:verdana,require_login_pass:,login_pass:,show_in_fb:,show_in_fb_text:\" ><\/script><\/p>\n","protected":false},"excerpt":{"rendered":"<p>Ismeretlen fegyveresek foglyul ejtettek egy magyar f\u00e9rfit Ukrajn\u00e1ban &#8211; k\u00f6z\u00f6lte a Terrorelh\u00e1r\u00edt\u00e1si K\u00f6zpont (TEK) T\u00e1rsadalmi Kapcsolatok Oszt\u00e1lya h\u00e9tf\u0151n az MTI-vel. A TEK speci\u00e1lis egys\u00e9ge Ukrajn\u00e1ba utazott.<\/p>\n","protected":false},"author":1,"featured_media":0,"comment_status":"open","ping_status":"closed","sticky":false,"template":"","format":"standard","meta":[],"categories":[139],"tags":[],"_links":{"self":[{"href":"https:\/\/gazdasagportal.hu\/index.php\/wp-json\/wp\/v2\/posts\/35211"}],"collection":[{"href":"https:\/\/gazdasagportal.hu\/index.php\/wp-json\/wp\/v2\/posts"}],"about":[{"href":"https:\/\/gazdasagportal.hu\/index.php\/wp-json\/wp\/v2\/types\/post"}],"author":[{"embeddable":true,"href":"https:\/\/gazdasagportal.hu\/index.php\/wp-json\/wp\/v2\/users\/1"}],"replies":[{"embeddable":true,"href":"https:\/\/gazdasagportal.hu\/index.php\/wp-json\/wp\/v2\/comments?post=35211"}],"version-history":[{"count":1,"href":"https:\/\/gazdasagportal.hu\/index.php\/wp-json\/wp\/v2\/posts\/35211\/revisions"}],"predecessor-version":[{"id":35212,"href":"https:\/\/gazdasagportal.hu\/index.php\/wp-json\/wp\/v2\/posts\/35211\/revisions\/35212"}],"wp:attachment":[{"href":"https:\/\/gazdasagportal.hu\/index.php\/wp-json\/wp\/v2\/media?parent=35211"}],"wp:term":[{"taxonomy":"category","embeddable":true,"href":"https:\/\/gazdasagportal.hu\/index.php\/wp-json\/wp\/v2\/categories?post=35211"},{"taxonomy":"post_tag","embeddable":true,"href":"https:\/\/gazdasagportal.hu\/index.php\/wp-json\/wp\/v2\/tags?post=35211"}],"curies":[{"name":"wp","href":"https:\/\/api.w.org\/{rel}","templated":true}]}}