{"id":35149,"date":"2014-05-18T04:36:38","date_gmt":"2014-05-18T02:36:38","guid":{"rendered":"http:\/\/stockportal.hu\/?p=35149"},"modified":"2014-05-18T22:18:20","modified_gmt":"2014-05-18T20:18:20","slug":"van-rompuy-nem-biztos-hogy-a-csucsjeloltek-egyike-lesz-az-europai-bizottsag-elnoke","status":"publish","type":"post","link":"https:\/\/gazdasagportal.hu\/index.php\/van-rompuy-nem-biztos-hogy-a-csucsjeloltek-egyike-lesz-az-europai-bizottsag-elnoke\/","title":{"rendered":"Van Rompuy: nem biztos, hogy a &#8222;cs\u00facsjel\u00f6ltek&#8221; egyike lesz az Eur\u00f3pai Bizotts\u00e1g eln\u00f6ke"},"content":{"rendered":"<p><strong>Herman Van Rompuy, az uni\u00f3s orsz\u00e1gok \u00e1llam-, illetve korm\u00e1nyf\u0151i test\u00fclet\u00e9nek, az Eur\u00f3pai Tan\u00e1csnak a vezet\u0151je egy vas\u00e1rnapi nyilatkozat\u00e1ban ism\u00e9telten utalt arra az eshet\u0151s\u00e9gre, <!--more-->hogy az eur\u00f3pai parlamenti (EP-) v\u00e1laszt\u00e1sok ut\u00e1n nem felt\u00e9tlen\u00fcl az eur\u00f3pai p\u00e1rtcsal\u00e1dok \u00e1ltal el\u0151zetesen kiv\u00e1lasztott &#8222;cs\u00facsjel\u00f6ltek&#8221; k\u00f6z\u00fcl ker\u00fcl majd ki az uni\u00f3 k\u00f6zponti javaslattev\u0151-v\u00e9grehajt\u00f3 int\u00e9zm\u00e9ny\u00e9nek, az Eur\u00f3pai Bizotts\u00e1gnak az eln\u00f6ke.<\/strong><\/p>\n<p>Az esed\u00e9kes EP-v\u00e1laszt\u00e1st m\u00e1jus 22. \u00e9s 25. k\u00f6z\u00f6tt &#8211; a legt\u00f6bb tagorsz\u00e1gban, \u00edgy Magyarorsz\u00e1gon is 25-\u00e9n, vas\u00e1rnap &#8211; tartj\u00e1k. A Lisszaboni Szerz\u0151d\u00e9s \u00e9rtelm\u00e9ben az Eur\u00f3pai Bizotts\u00e1g \u00faj eln\u00f6k\u00e9t &#8211; a portug\u00e1l n\u00e9pp\u00e1rti Jos\u00e9 Manuel Barroso ut\u00f3dj\u00e1t &#8211; az EP-v\u00e1laszt\u00e1sok eredm\u00e9ny\u00e9nek figyelembe v\u00e9tel\u00e9vel kell megv\u00e1lasztani, m\u00e9gpedig \u00fagy, hogy az Eur\u00f3pai Tan\u00e1cs teszi meg a jel\u00f6l\u00e9st, az Eur\u00f3pai Parlament pedig egyszer\u0171 t\u00f6bbs\u00e9ggel v\u00e1lasztja meg a tiszts\u00e9g bet\u00f6lt\u0151j\u00e9t.<br \/>\nVan Rompuy, az Eur\u00f3pai Tan\u00e1cs eln\u00f6ke a belga h\u00edr\u00fcgyn\u00f6ks\u00e9g \u00e1ltal ismertetett vas\u00e1rnapi t\u00e9v\u00e9nyilatkozat\u00e1ban &#8211; nem el\u0151sz\u00f6r &#8211; hangs\u00falyozta, hogy az \u00e1ltala vezetett test\u00fclet jogi \u00e9rtelemben nem felt\u00e9tlen\u00fcl az eur\u00f3pai p\u00e1rtok \u00e1ltal megnevezett cs\u00facsjel\u00f6ltek k\u00f6z\u00fcl k\u00f6teles kiv\u00e1lasztani, hogy kit jel\u00f6l majd. Hangs\u00falyozta, hogy a kiv\u00e1lasztott szem\u00e9lynek &#8222;nagy t\u00f6bbs\u00e9get&#8221; kell majd \u00e9lveznie az Eur\u00f3pai Tan\u00e1csban, \u00e9s &#8222;t\u00f6bbs\u00e9get&#8221; az Eur\u00f3pai Parlamentben.<br \/>\nA k\u00e9t legnagyobb eur\u00f3pai p\u00e1rtcsal\u00e1d az el\u0151rejelz\u00e9sek szerint az \u00faj \u00f6sszet\u00e9tel\u0171 EP-ben is a legt\u00f6bb mand\u00e1tumra sz\u00e1m\u00edthat. A kereszt\u00e9nydemokrata, jobbk\u00f6z\u00e9p ir\u00e1nyzat\u00fa n\u00e9pp\u00e1rtiak Jean-Claude Juncker volt luxembourgi korm\u00e1nyf\u0151t, a szoci\u00e1ldemokrat\u00e1k pedig Martin Schulzot, az EP eddigi n\u00e9met eln\u00f6k\u00e9t jel\u00f6lt\u00e9k az Eur\u00f3pai Bizotts\u00e1g \u00e9l\u00e9re. Az eddigi harmadik legnagyobb p\u00e1rtcsal\u00e1d, a liber\u00e1lisok jel\u00f6ltje Guy Verhofstadt volt belga minisztereln\u00f6k, az EP eddigi liber\u00e1lis frakci\u00f3vezet\u0151je.<br \/>\nAz EP-v\u00e1laszt\u00e1si kamp\u00e1ny sor\u00e1n, \u00edgy p\u00e9ld\u00e1ul a t\u00e9v\u00e9vit\u00e1kban is mindh\u00e1rman \u00fagy foglaltak \u00e1ll\u00e1st, hogy a demokr\u00e1cia azt k\u00edv\u00e1nja, a tag\u00e1llamok vezet\u0151i k\u00f6z\u00fcl\u00fck jel\u00f6ljenek majd eur\u00f3pai bizotts\u00e1gi eln\u00f6k\u00f6t. Egyes korm\u00e1nyok azonban &#8211; Van Rompuy t\u00f6bbsz\u00f6r kinyilv\u00e1n\u00edtott egyet\u00e9rt\u00e9se mellett &#8211; azt hangs\u00falyozz\u00e1k, hogy nincs ilyen k\u00f6telez\u0151 automatizmus. Schulz viszont a minap figyelmeztetett: ha a korm\u00e1ny- \u00e9s \u00e1llamf\u0151k nem a jel\u00f6ltek k\u00f6z\u00fcl v\u00e1lasztanak, az illet\u0151 nem kapja majd meg az EP t\u00f6bbs\u00e9g\u00e9nek t\u00e1mogat\u00e1s\u00e1t.<br \/>\nBr\u00fcsszeli folyos\u00f3i tal\u00e1lgat\u00e1sok szerint nem kiz\u00e1rt, hogy ha a n\u00e9pp\u00e1rtiak nyern\u00e9k az EP-v\u00e1laszt\u00e1st, akkor m\u00e9gsem Juncker, hanem a n\u00e1la l\u00e9nyegesen fiatalabb Jyrki Katainen finn minisztereln\u00f6k, ha pedig a szoci\u00e1ldemokrat\u00e1k ker\u00fcln\u00e9nek az \u00e9lre az EP-v\u00e1laszt\u00e1son, akkor Schulz helyett Helle Thorning-Schmidt d\u00e1n korm\u00e1nyf\u0151 szem\u00e9lye k\u00f6r\u00fcl alakulhatna ki v\u00e9g\u00fcl konszenzus.<br \/>\nAz EP-v\u00e1laszt\u00e1si eredm\u00e9nyek figyelembe v\u00e9tel\u00e9nek a k\u00f6vetelm\u00e9nye ugyanakkor nem sz\u0171k\u00edthet\u0151 le arra a k\u00e9rd\u00e9sre, hogy \u00f6nmag\u00e1ban melyik nagy eur\u00f3pai p\u00e1rtcsal\u00e1d szerzi a legt\u00f6bb EP-mand\u00e1tumot. A legutols\u00f3 k\u00f6zv\u00e9lem\u00e9ny-kutat\u00e1si adatok szerint ugyan a n\u00e9pp\u00e1rtiak n\u00e9h\u00e1ny sz\u00e1zal\u00e9kpontnyi el\u0151nyben vannak a szoci\u00e1ldemokrat\u00e1kkal szemben, \u00e1m abszol\u00fat t\u00f6bbs\u00e9get semmik\u00e9ppen sem rem\u00e9lhetnek, teh\u00e1t az a k\u00e9rd\u00e9s m\u00e9g mindig nyitva marad, hogy a k\u00e9t nagy p\u00e1rtcsal\u00e1d k\u00f6z\u00fcl melyik tud EP-t\u00f6bbs\u00e9get eredm\u00e9nyez\u0151 p\u00e1rtkoal\u00edci\u00f3t maga m\u00f6g\u00e9 \u00e1ll\u00edtani.(MTI)<\/p>\n","protected":false},"excerpt":{"rendered":"<p>Herman Van Rompuy, az uni\u00f3s orsz\u00e1gok \u00e1llam-, illetve korm\u00e1nyf\u0151i test\u00fclet\u00e9nek, az Eur\u00f3pai Tan\u00e1csnak a vezet\u0151je egy vas\u00e1rnapi nyilatkozat\u00e1ban ism\u00e9telten utalt arra az eshet\u0151s\u00e9gre,<\/p>\n","protected":false},"author":1,"featured_media":0,"comment_status":"open","ping_status":"closed","sticky":false,"template":"","format":"standard","meta":[],"categories":[12],"tags":[],"_links":{"self":[{"href":"https:\/\/gazdasagportal.hu\/index.php\/wp-json\/wp\/v2\/posts\/35149"}],"collection":[{"href":"https:\/\/gazdasagportal.hu\/index.php\/wp-json\/wp\/v2\/posts"}],"about":[{"href":"https:\/\/gazdasagportal.hu\/index.php\/wp-json\/wp\/v2\/types\/post"}],"author":[{"embeddable":true,"href":"https:\/\/gazdasagportal.hu\/index.php\/wp-json\/wp\/v2\/users\/1"}],"replies":[{"embeddable":true,"href":"https:\/\/gazdasagportal.hu\/index.php\/wp-json\/wp\/v2\/comments?post=35149"}],"version-history":[{"count":1,"href":"https:\/\/gazdasagportal.hu\/index.php\/wp-json\/wp\/v2\/posts\/35149\/revisions"}],"predecessor-version":[{"id":35150,"href":"https:\/\/gazdasagportal.hu\/index.php\/wp-json\/wp\/v2\/posts\/35149\/revisions\/35150"}],"wp:attachment":[{"href":"https:\/\/gazdasagportal.hu\/index.php\/wp-json\/wp\/v2\/media?parent=35149"}],"wp:term":[{"taxonomy":"category","embeddable":true,"href":"https:\/\/gazdasagportal.hu\/index.php\/wp-json\/wp\/v2\/categories?post=35149"},{"taxonomy":"post_tag","embeddable":true,"href":"https:\/\/gazdasagportal.hu\/index.php\/wp-json\/wp\/v2\/tags?post=35149"}],"curies":[{"name":"wp","href":"https:\/\/api.w.org\/{rel}","templated":true}]}}