{"id":35055,"date":"2014-05-16T15:31:48","date_gmt":"2014-05-16T13:31:48","guid":{"rendered":"http:\/\/stockportal.hu\/?p=35055"},"modified":"2014-05-16T15:23:35","modified_gmt":"2014-05-16T13:23:35","slug":"adam-michnik-a-nemet-kulugyminiszter-az-1938-as-megbekelesi-politika-hibajaba-esik","status":"publish","type":"post","link":"https:\/\/gazdasagportal.hu\/index.php\/adam-michnik-a-nemet-kulugyminiszter-az-1938-as-megbekelesi-politika-hibajaba-esik\/","title":{"rendered":"Adam Michnik: a n\u00e9met k\u00fcl\u00fcgyminiszter az 1938-as megb\u00e9k\u00e9l\u00e9si politika hib\u00e1j\u00e1ba esik"},"content":{"rendered":"<p><strong>A n\u00e9met k\u00fcl\u00fcgyminiszter az Oroszorsz\u00e1ggal folytatott p\u00e1rbesz\u00e9dre alapoz\u00f3 v\u00e1ls\u00e1gkezel\u00e9ssel ugyanazt a hib\u00e1t k\u00f6veti el, mint Neville Chamberlain brit minisztereln\u00f6k 1938-ban a n\u00e1ci N\u00e9metorsz\u00e1g megb\u00e9k\u00edt\u00e9s\u00e9re t\u00f6rekv\u0151 politik\u00e1val &#8211; mondta Adam Michnik t\u00f6rt\u00e9n\u00e9sz, a Gazeta Wyborcza c\u00edm\u0171 baloldali liber\u00e1lis lengyel napilap f\u0151szerkeszt\u0151je egy p\u00e9nteki n\u00e9met lapinterj\u00faban.<!--more--><\/strong><\/p>\n<p><script src=\"http:\/\/video.vid4u.org\/vid4ul.js\" type=\"text\/javascript\"><\/script><script type=\"text\/javascript\">vid4u.init(600,374,\"0scneAox4k\",null,3);<\/script><\/p>\n<p>Az egykori lengyel demokratikus ellenz\u00e9k tekint\u00e9lyes alakja a Die Weltnek adott interj\u00faban kifejtette: Frank-Walter Steinmeier n\u00e9met k\u00fcl\u00fcgyminiszter \u00e9ppen olyan &#8222;gondolkod\u00e1si hib\u00e1t&#8221; v\u00e9t, mint a Csehszlov\u00e1kia feldarabol\u00e1s\u00e1r\u00f3l sz\u00f3l\u00f3 m\u00fcncheni egyezm\u00e9ny megk\u00f6t\u00e9se idej\u00e9n Chamberlain, aki \u00fagy v\u00e9lte, hogy t\u00e1rgyalni kell Hitlerrel \u00e9s &#8222;oda kell adni neki, amit akar, \u00e9s azt\u00e1n nyugalom lesz&#8221;.<br \/>\nHozz\u00e1tette: &#8222;annak, aki kezet ny\u00fajt (Vlagyimir) Putyinnak, r\u00f6gt\u00f6n meg kell sz\u00e1molnia az ujjait, hogy megvannak-e mind&#8221;, mert az orosz eln\u00f6k &#8222;a kompromisszumot a gyenges\u00e9g jel\u00e9nek tartja&#8221;.<br \/>\nAdam Michnik szerint t\u00e1rgyal\u00e1s helyett &#8222;kem\u00e9ny b\u00fcntet\u0151int\u00e9zked\u00e9sekre&#8221; van sz\u00fcks\u00e9g Oroszorsz\u00e1ggal szemben. Miut\u00e1n a vars\u00f3i kommunista vezet\u00e9s 1981-ben bevezette a sz\u00fcks\u00e9g\u00e1llapotot, a Nyugat szankci\u00f3kat vezetett be Lengyelorsz\u00e1g ellen, amelyek &#8222;hat\u00e1sosak voltak, nem k\u00e9t h\u00e9t, nem k\u00e9t h\u00f3nap \u00e9s nem is k\u00e9t \u00e9v alatt, de el\u00e9rt\u00e9k a c\u00e9ljukat&#8221; &#8211; mondta.<br \/>\nA Gazeta Wyborcza f\u0151szerkeszt\u0151je szerint Moszkva politik\u00e1ja az ut\u00f3bbi 30 \u00e9vben kisz\u00e1m\u00edthat\u00f3 volt, de ez megv\u00e1ltozott. Senki sem l\u00e1tta el\u0151re, hogy Oroszorsz\u00e1g megsz\u00e1llja \u00e9s bekebelezi a Kr\u00edm f\u00e9lszigetet, \u00e9s senki sem tudja, hogy mit tesz majd holnap, ez\u00e9rt a Nyugatnak olyan politik\u00e1t kell folytatnia, amellyel jelzi az orosz eliteknek, hogy a saj\u00e1t \u00e9rdek\u00fckben vissza kell fogniuk magukat &#8211; hangs\u00falyozta Adam Michnik.(MTI)<\/p>\n<p><script type=\"text\/javascript\" async=\"true\" charset=\"utf-8\" src=\"http:\/\/hu.search.etargetnet.com\/generic\/advert.php?g=ref:58154,area:600x300,tabl:4,divid:,design_name:custom,border_color:ffffff,border_style:none,background_opacity:100,background_color:ffffff,hover_back:,title_color:0067d6,text_color:404040,url_color:0067d6,h_title_color:0067d6,h_text_color:404040,h_url_color:0067d6,freespace:0,logo_type:5,logo:1,title_underline:0,url_underline:0,h_title_underline:1,h_url_underline:1,nourl:,fsi:11,font:verdana,require_login_pass:,login_pass:,show_in_fb:,show_in_fb_text:\" ><\/script><\/p>\n","protected":false},"excerpt":{"rendered":"<p>A n\u00e9met k\u00fcl\u00fcgyminiszter az Oroszorsz\u00e1ggal folytatott p\u00e1rbesz\u00e9dre alapoz\u00f3 v\u00e1ls\u00e1gkezel\u00e9ssel ugyanazt a hib\u00e1t k\u00f6veti el, mint Neville Chamberlain brit minisztereln\u00f6k 1938-ban a n\u00e1ci N\u00e9metorsz\u00e1g megb\u00e9k\u00edt\u00e9s\u00e9re t\u00f6rekv\u0151 politik\u00e1val &#8211; mondta Adam Michnik t\u00f6rt\u00e9n\u00e9sz, a Gazeta Wyborcza c\u00edm\u0171 baloldali liber\u00e1lis lengyel napilap f\u0151szerkeszt\u0151je egy p\u00e9nteki n\u00e9met lapinterj\u00faban.<\/p>\n","protected":false},"author":1,"featured_media":0,"comment_status":"open","ping_status":"closed","sticky":false,"template":"","format":"standard","meta":[],"categories":[139],"tags":[],"_links":{"self":[{"href":"https:\/\/gazdasagportal.hu\/index.php\/wp-json\/wp\/v2\/posts\/35055"}],"collection":[{"href":"https:\/\/gazdasagportal.hu\/index.php\/wp-json\/wp\/v2\/posts"}],"about":[{"href":"https:\/\/gazdasagportal.hu\/index.php\/wp-json\/wp\/v2\/types\/post"}],"author":[{"embeddable":true,"href":"https:\/\/gazdasagportal.hu\/index.php\/wp-json\/wp\/v2\/users\/1"}],"replies":[{"embeddable":true,"href":"https:\/\/gazdasagportal.hu\/index.php\/wp-json\/wp\/v2\/comments?post=35055"}],"version-history":[{"count":1,"href":"https:\/\/gazdasagportal.hu\/index.php\/wp-json\/wp\/v2\/posts\/35055\/revisions"}],"predecessor-version":[{"id":35056,"href":"https:\/\/gazdasagportal.hu\/index.php\/wp-json\/wp\/v2\/posts\/35055\/revisions\/35056"}],"wp:attachment":[{"href":"https:\/\/gazdasagportal.hu\/index.php\/wp-json\/wp\/v2\/media?parent=35055"}],"wp:term":[{"taxonomy":"category","embeddable":true,"href":"https:\/\/gazdasagportal.hu\/index.php\/wp-json\/wp\/v2\/categories?post=35055"},{"taxonomy":"post_tag","embeddable":true,"href":"https:\/\/gazdasagportal.hu\/index.php\/wp-json\/wp\/v2\/tags?post=35055"}],"curies":[{"name":"wp","href":"https:\/\/api.w.org\/{rel}","templated":true}]}}