{"id":34912,"date":"2014-05-15T10:47:55","date_gmt":"2014-05-15T08:47:55","guid":{"rendered":"http:\/\/stockportal.hu\/?p=34912"},"modified":"2014-05-15T10:47:55","modified_gmt":"2014-05-15T08:47:55","slug":"elemzok-25-3-szazalek-kozotti-mertekben-is-bovulhet-iden-a-gazdasag","status":"publish","type":"post","link":"https:\/\/gazdasagportal.hu\/index.php\/elemzok-25-3-szazalek-kozotti-mertekben-is-bovulhet-iden-a-gazdasag\/","title":{"rendered":"Elemz\u0151k: 2,5-3 sz\u00e1zal\u00e9k k\u00f6z\u00f6tti m\u00e9rt\u00e9kben is b\u0151v\u00fclhet id\u00e9n a gazdas\u00e1g"},"content":{"rendered":"<p><strong>Az idei els\u0151 negyed\u00e9ves, meglep\u0151en magas, 3,5 sz\u00e1zal\u00e9kos GDP-n\u00f6veked\u00e9s t\u00fckr\u00e9ben 2014-ben 2,5-3 sz\u00e1zal\u00e9kkal is b\u0151v\u00fclhet a magyar gazdas\u00e1g &#8211; v\u00e9lekedik az Erste \u00e9s a Buda-Cash elemz\u0151je.<!--more--><\/strong><\/p>\n<p><script src=\"http:\/\/video.vid4u.org\/vid4ul.js\" type=\"text\/javascript\"><\/script><script type=\"text\/javascript\">vid4u.init(600,374,\"0scneAox4k\",null,3);<\/script><\/p>\n<p>Gabler Gergely, az Erste Bank vezet\u0151 elemz\u0151je az MTI-hez eljuttatott komment\u00e1rj\u00e1ban kiemeli: er\u0151s negyed\u00e9vet z\u00e1rt a magyar gazdas\u00e1g, a 3,5 sz\u00e1zal\u00e9kos \u00e9ves GDP-n\u00f6veked\u00e9s jelent\u0151sen meghaladja a 2,3 sz\u00e1zal\u00e9kos v\u00e1rakoz\u00e1sukat \u00e9s a piaci el\u0151rejelz\u00e9seket is.<br \/>\nAz Erste a jelenlegi el\u0151rejelz\u00e9s\u00e9t &#8211; amely szerint az id\u00e9n eg\u00e9sz \u00e9vre 2,3 sz\u00e1zal\u00e9kos gazdas\u00e1gi n\u00f6veked\u00e9st v\u00e1r &#8211; a friss sz\u00e1mok t\u00fckr\u00e9ben j\u00f3 p\u00e1r tizeddel felfel\u00e9 m\u00f3dos\u00edtja: 2,5-3 sz\u00e1zal\u00e9k k\u00f6z\u00f6tti GDP-b\u0151v\u00fcl\u00e9st v\u00e1r 2014-ben &#8211; \u00edrta az elemz\u0151.<br \/>\nR\u00e9czey Zolt\u00e1n, a Buda-Cash Br\u00f3kerh\u00e1z elemz\u0151je kifejtette: az elm\u00falt h\u00f3napok kedvez\u0151 adatai alapj\u00e1n val\u00f3sz\u00edn\u0171s\u00edthet\u0151, hogy az \u00e9p\u00edt\u0151ipar \u00e9s az ipar mellett a beruh\u00e1z\u00e1sok felfut\u00e1sa is seg\u00edtette a gazdas\u00e1got, illetve sz\u00e1mos jel utal a lakoss\u00e1gi fogyaszt\u00e1s \u00e9l\u00e9nk\u00fcl\u00e9s\u00e9re is.<br \/>\n\u0150 is \u00fagy v\u00e9lte, hogy a kedvez\u0151 els\u0151 negyed\u00e9ves sz\u00e1mok hat\u00e1s\u00e1ra az idei \u00e9v eg\u00e9sz\u00e9re vonatkoz\u00f3 GDP-v\u00e1rakoz\u00e1sok javulhatnak, a jelenlegi 2 sz\u00e1zal\u00e9k k\u00f6r\u00fcli \u00e9rt\u00e9k\u00e9r\u0151l 2,5 sz\u00e1zal\u00e9k k\u00f6zel\u00e9be vagy ak\u00e1r ef\u00f6l\u00e9 is emelkedhetnek az el\u0151rejelz\u00e9sek.(MTI)<\/p>\n<p><script type=\"text\/javascript\" async=\"true\" charset=\"utf-8\" src=\"http:\/\/hu.search.etargetnet.com\/generic\/advert.php?g=ref:58154,area:600x300,tabl:4,divid:,design_name:custom,border_color:ffffff,border_style:none,background_opacity:100,background_color:ffffff,hover_back:,title_color:0067d6,text_color:404040,url_color:0067d6,h_title_color:0067d6,h_text_color:404040,h_url_color:0067d6,freespace:0,logo_type:5,logo:1,title_underline:0,url_underline:0,h_title_underline:1,h_url_underline:1,nourl:,fsi:11,font:verdana,require_login_pass:,login_pass:,show_in_fb:,show_in_fb_text:\" ><\/script><\/p>\n","protected":false},"excerpt":{"rendered":"<p>Az idei els\u0151 negyed\u00e9ves, meglep\u0151en magas, 3,5 sz\u00e1zal\u00e9kos GDP-n\u00f6veked\u00e9s t\u00fckr\u00e9ben 2014-ben 2,5-3 sz\u00e1zal\u00e9kkal is b\u0151v\u00fclhet a magyar gazdas\u00e1g &#8211; v\u00e9lekedik az Erste \u00e9s a Buda-Cash elemz\u0151je.<\/p>\n","protected":false},"author":1,"featured_media":0,"comment_status":"open","ping_status":"closed","sticky":false,"template":"","format":"standard","meta":[],"categories":[19],"tags":[],"_links":{"self":[{"href":"https:\/\/gazdasagportal.hu\/index.php\/wp-json\/wp\/v2\/posts\/34912"}],"collection":[{"href":"https:\/\/gazdasagportal.hu\/index.php\/wp-json\/wp\/v2\/posts"}],"about":[{"href":"https:\/\/gazdasagportal.hu\/index.php\/wp-json\/wp\/v2\/types\/post"}],"author":[{"embeddable":true,"href":"https:\/\/gazdasagportal.hu\/index.php\/wp-json\/wp\/v2\/users\/1"}],"replies":[{"embeddable":true,"href":"https:\/\/gazdasagportal.hu\/index.php\/wp-json\/wp\/v2\/comments?post=34912"}],"version-history":[{"count":1,"href":"https:\/\/gazdasagportal.hu\/index.php\/wp-json\/wp\/v2\/posts\/34912\/revisions"}],"predecessor-version":[{"id":34913,"href":"https:\/\/gazdasagportal.hu\/index.php\/wp-json\/wp\/v2\/posts\/34912\/revisions\/34913"}],"wp:attachment":[{"href":"https:\/\/gazdasagportal.hu\/index.php\/wp-json\/wp\/v2\/media?parent=34912"}],"wp:term":[{"taxonomy":"category","embeddable":true,"href":"https:\/\/gazdasagportal.hu\/index.php\/wp-json\/wp\/v2\/categories?post=34912"},{"taxonomy":"post_tag","embeddable":true,"href":"https:\/\/gazdasagportal.hu\/index.php\/wp-json\/wp\/v2\/tags?post=34912"}],"curies":[{"name":"wp","href":"https:\/\/api.w.org\/{rel}","templated":true}]}}