{"id":34907,"date":"2014-05-15T10:06:31","date_gmt":"2014-05-15T08:06:31","guid":{"rendered":"http:\/\/stockportal.hu\/?p=34907"},"modified":"2014-05-15T10:06:31","modified_gmt":"2014-05-15T08:06:31","slug":"dijaztak-az-energiatudatos-vallalkozasokat","status":"publish","type":"post","link":"https:\/\/gazdasagportal.hu\/index.php\/dijaztak-az-energiatudatos-vallalkozasokat\/","title":{"rendered":"D\u00edjazt\u00e1k az energiatudatos v\u00e1llalkoz\u00e1sokat"},"content":{"rendered":"<p><b>K\u00fcl\u00f6nleges, minden v\u00e1llalkoz\u00e1s sz\u00e1m\u00e1ra nyitott szakmai konferenci\u00e1t rendezett az MVM Partner ZRt. \u2013 az MVM Magyar Villamos M\u0171vek Zrt. le\u00e1nyv\u00e1llalata \u2013 a budapesti \u00d6b\u00f6lh\u00e1z Rendezv\u00e9nyk\u00f6zpontban 2014. m\u00e1jus 14-\u00e9n. Az esem\u00e9nyen az id\u00e9n tavasszal lez\u00e1rult \u201eA v\u00e1llalkoz\u00e1sok energiatudatoss\u00e1g\u00e1\u00e9rt\u201d p\u00e1ly\u00e1zat eredm\u00e9ny\u00e9t is kihirdett\u00e9k, valamint el\u0151ad\u00e1sokkal \u00e9s ki\u00e1ll\u00edt\u00e1ssal seg\u00edtettek azon c\u00e9geknek, amelyek energiatudatosabban szeretn\u00e9nek m\u0171k\u00f6dni. Az esem\u00e9nyen sz\u00e1mos v\u00e1llalkoz\u00f3 vette ig\u00e9nybe az MVM Partner ZRt. d\u00edjmentes energetikai tan\u00e1csad\u00e1s\u00e1t.<\/b><!--more--><\/p>\n<p><script src=\"http:\/\/video.vid4u.org\/vid4ul.js\" type=\"text\/javascript\"><\/script><script type=\"text\/javascript\">vid4u.init(600,374,\"0scneAox4k\",null,3);<\/script><\/p>\n<p>Az MVM Magyar Villamos M\u0171vek Zrt. energiakereskedelmi le\u00e1nyv\u00e1llalata az MVM Partner ZRt. a hazai mikro-, kis- \u00e9s k\u00f6z\u00e9pv\u00e1llalkoz\u00e1soknak sz\u00f3l\u00f3 p\u00e1ly\u00e1zata lez\u00e1r\u00e1sak\u00e9nt egyed\u00fcl\u00e1ll\u00f3 ki\u00e1ll\u00edt\u00e1st \u00e9s konferenci\u00e1t tartott m\u00e1jus 14-\u00e9n.<\/p>\n<p>A t\u00e1rsas\u00e1g egyik k\u00fcldet\u00e9se, hogy elterjessze a hazai v\u00e1llalati \u00e9s \u00f6nkorm\u00e1nyzati szerepl\u0151k k\u00f6z\u00f6tt az energiatudatoss\u00e1got. Ezt nem csak gazdas\u00e1gi, versenyk\u00e9pess\u00e9gi szempontok, hanem a j\u00f6v\u0151 gener\u00e1ci\u00f3 ir\u00e1nti felel\u0151ss\u00e9gv\u00e1llal\u00e1s miatt is kiemelked\u0151en fontos feladatnak tekinti az MVM Partner ZRt., ez\u00e9rt hirdett\u00e9k meg a p\u00e1ly\u00e1zatot energiatudatos v\u00e1llalkoz\u00e1sok sz\u00e1m\u00e1ra.<\/p><div id=\"gazda-2508895711\" class=\"gazda-tartalomban gazda-entity-placement\"><script async src=\"https:\/\/pagead2.googlesyndication.com\/pagead\/js\/adsbygoogle.js\"><\/script>\r\n<ins class=\"adsbygoogle\"\r\n     style=\"display:block\"\r\n     data-ad-format=\"fluid\"\r\n     data-ad-layout-key=\"-6t+ed+2i-1n-4w\"\r\n     data-ad-client=\"ca-pub-1959107119989764\"\r\n     data-ad-slot=\"4008251320\"><\/ins>\r\n<script>\r\n     (adsbygoogle = window.adsbygoogle || []).push({});\r\n<\/script><\/div>\n<p>Az esem\u00e9nyre t\u00f6bb mint 300 v\u00e1llalkoz\u00e1s k\u00e9pvisel\u0151je regisztr\u00e1lt. A szakmai el\u0151ad\u00e1sok mellett az \u00e9rdekl\u0151d\u0151k d\u00edjmentes energetikai tan\u00e1csad\u00e1son is r\u00e9szt vehettek, illetve hibrid aut\u00f3kat \u00e9s elektromos rollert is kipr\u00f3b\u00e1lhattak.<\/p>\n<p>A p\u00e1ly\u00e1zat f\u0151v\u00e9dn\u00f6ke, N\u00e9meth L\u00e1szl\u00f3n\u00e9 nemzeti fejleszt\u00e9si miniszter, k\u00f6sz\u00f6nt\u0151besz\u00e9d\u00e9ben elmondta<i>: \u201eA magyar korm\u00e1ny 2010 \u00f3ta kiemelt figyelmet ford\u00edt arra, hogy a hazai gazdas\u00e1g versenyk\u00e9pess\u00e9g\u00e9t fenntarthat\u00f3 m\u00f3don er\u0151s\u00edtse. Kiz\u00e1r\u00f3lag korm\u00e1nyzati int\u00e9zked\u00e9sekkel azonban nem \u00e9rhet\u0151 el, hogy okos beoszt\u00e1ssal elej\u00e9t vegy\u00fck a j\u00f6v\u0151 fel\u00e9l\u00e9s\u00e9nek, szeml\u00e9letform\u00e1l\u00e1sra van sz\u00fcks\u00e9g.\u201d<\/i><\/p>\n<p>Baji Csaba, az MVM Magyar Villamos M\u0171vek Zrt. eln\u00f6k-vez\u00e9rigazgat\u00f3ja besz\u00e9d\u00e9ben kifejtette: <i>\u201e<\/i><i>V\u00e1llaltcsoportunk siker\u00e9nek kulcsa az innovat\u00edv megold\u00e1sok folyamatos keres\u00e9s\u00e9ben rejlik. Az energiahat\u00e9kony megold\u00e1sok alkalmaz\u00e1sa ugyanilyen innovativit\u00e1st, kezdem\u00e9nyez\u0151k\u00e9szs\u00e9get \u00e9s elhat\u00e1roz\u00e1st k\u00edv\u00e1n a hazai v\u00e1llalkoz\u00f3kt\u00f3l. Az MVM Partner ZRt. kezdem\u00e9nyez\u00e9se seg\u00edt megtenni az els\u0151 l\u00e9p\u00e9seket az energiatudatoss\u00e1g fel\u00e9.\u201d<\/i><\/p>\n<p>Az MVM Partner ZRt. \u201eA v\u00e1llalkoz\u00e1sok energiatudatoss\u00e1g\u00e1\u00e9rt\u201d p\u00e1ly\u00e1zat\u00e1nak k\u00f6z\u00e9pv\u00e1llalati kateg\u00f3ri\u00e1j\u00e1ban a Centrum J\u00e1szap\u00e1ti Kereskedelmi \u00e9s Szolg\u00e1ltat\u00f3 Kft. kapta a szak\u00e9rt\u0151kt\u0151l a legt\u00f6bb pontot. A v\u00e1llalat a meg\u00fajul\u00f3 energiaforr\u00e1sok felhaszn\u00e1l\u00e1sa mellett a hullad\u00e9k h\u0151t is hasznos\u00edtja \u00e9s t\u00f6bb fel\u00fcleten h\u0151szigetel\u00e9st is alkalmazott. Emellett f\u00e1zisjav\u00edt\u00f3 kondenz\u00e1torokkal \u00e9s eszk\u00f6zeik fejleszt\u00e9s\u00e9vel tettek l\u00e9p\u00e9seket az energiatudatoss\u00e1g ir\u00e1ny\u00e1ba.<\/p>\n<p><i>\u201eA p\u00e1ly\u00e1z\u00f3 v\u00e1llalkoz\u00e1sok mindegyike elk\u00f6telezett az energiatudatoss\u00e1g mellett, \u00e9s kiemelt figyelmet ford\u00edtanak k\u00f6rnyezet\u00fcnk meg\u00f3v\u00e1s\u00e1ra is. B\u00fcszk\u00e9k vagyunk arra, hogy p\u00e1ly\u00e1zatunkkal \u00e9s konferenci\u00e1nkkal hozz\u00e1j\u00e1rulhattunk ahhoz, hogy a magyar v\u00e1llalkoz\u00e1sok energiatudatosabb\u00e1 v\u00e1ljanak a j\u00f6v\u0151ben.\u201d<\/i> \u2013 mondta el Bally Attila, az MVM Partner ZRt. vez\u00e9rigazgat\u00f3ja.<\/p>\n<p>Kisv\u00e1llalati kateg\u00f3ri\u00e1ban az Uniotech Csomagol\u00e1stechnikai Kft. gy\u0151z\u00f6tt, amely 2011-ben d\u00f6nt\u00f6tt egy k\u00f6lts\u00e9gtakar\u00e9kos, energetikai szempontb\u00f3l A+ kateg\u00f3ri\u00e1j\u00fa, modern irodah\u00e1z \u00e9s csarnok fel\u00e9p\u00edt\u00e9se mellett. T\u00f6bbek k\u00f6z\u00f6tt automatikus zsaluzia, napelem, h\u0151v\u00e9d\u00f3 f\u00f3li\u00e1k \u00e9s inverteres kl\u00edmaberendez\u00e9sek \u00fczembe \u00e1ll\u00edt\u00e1sa r\u00e9v\u00e9n tudt\u00e1k \u00e9rz\u00e9kelhet\u0151en cs\u00f6kkenteni energiak\u00f6lts\u00e9geiket, mindemellett k\u00f6rnyezettudatos int\u00e9zked\u00e9seket vezettek be a v\u00e1llalati kult\u00far\u00e1jukban.<\/p>\n<p>A mikrov\u00e1llalati kateg\u00f3ria nyertese a Bicskei Oroszl\u00e1n Patika Bt. A v\u00e1llalkoz\u00e1s energiatakar\u00e9kos f\u00e9nyforr\u00e1sok \u00e9s mozg\u00e1s\u00e9rz\u00e9kel\u0151k, h\u0151visszanyer\u0151s k\u00f6zponti szell\u0151ztet\u0151 rendszer \u00e9s h\u0151szigetel\u00e9s r\u00e9v\u00e9n jelent\u0151sen tudta cs\u00f6kkenteni energiafelhaszn\u00e1l\u00e1s\u00e1t. Emellett napelemes h\u00e1l\u00f3zati-visszat\u00e1pl\u00e1l\u00e1sos rendszer \u00e9s egy\u00e9b k\u00f6rnyezettudatos beruh\u00e1z\u00e1sok ki\u00e9p\u00edt\u00e9s\u00e9t mutatt\u00e1k be p\u00e1ly\u00e1zatukban.<\/p>\n<p>A d\u00edjakat Baji Csaba, az MVM Magyar Villamos M\u0171vek Zrt. eln\u00f6k-vez\u00e9rigazgat\u00f3ja, Bally Attila, az MVM Partner ZRt. vez\u00e9rigazgat\u00f3ja \u00e9s Major Gy\u00f6rgy \u00e9rt\u00e9kes\u00edt\u00e9si vez\u00e9rigazgat\u00f3-helyettes adt\u00e1k \u00e1t a legjobbaknak, m\u00edg az esem\u00e9nyt a t\u00e9m\u00e1ban rendezett kerekasztal-besz\u00e9lget\u00e9s z\u00e1rta.<\/p>\n<p>&nbsp;<\/p>\n<p>Az MVM Csoport, mint nemzeti tulajdon\u00fa integr\u00e1lt energetikai v\u00e1llalatcsoport, m\u0171k\u00f6d\u00e9se lefedi a hazai energiarendszer szinte teljes vertikum\u00e1t. A villamosenergia-rendszer ir\u00e1ny\u00edt\u00e1s mellett keresked\u0151c\u00e9gei r\u00e9v\u00e9n a fogyaszt\u00f3k teljes spektrum\u00e1t l\u00e1tja el villamos energi\u00e1val \u00e9s f\u00f6ldg\u00e1zzal. Az MVM Csoport sz\u00e1m\u00e1ra gazdas\u00e1gi s\u00falya, valamint a region\u00e1lis \u00e9s hazai energetik\u00e1ban bet\u00f6lt\u00f6tt megker\u00fclhetetlen szerepe miatt nem csak felel\u0151ss\u00e9ge, hanem k\u00f6teless\u00e9ge is, hogy a k\u00fcl\u00f6nb\u00f6z\u0151 fogyaszt\u00f3i csoportok energiatudatoss\u00e1g\u00e1t er\u0151s\u00edtse.<\/p>\n<p><script type=\"text\/javascript\" async=\"true\" charset=\"utf-8\" src=\"http:\/\/hu.search.etargetnet.com\/generic\/advert.php?g=ref:58154,area:600x300,tabl:4,divid:,design_name:custom,border_color:ffffff,border_style:none,background_opacity:100,background_color:ffffff,hover_back:,title_color:0067d6,text_color:404040,url_color:0067d6,h_title_color:0067d6,h_text_color:404040,h_url_color:0067d6,freespace:0,logo_type:5,logo:1,title_underline:0,url_underline:0,h_title_underline:1,h_url_underline:1,nourl:,fsi:11,font:verdana,require_login_pass:,login_pass:,show_in_fb:,show_in_fb_text:\" ><\/script><\/p>\n","protected":false},"excerpt":{"rendered":"<p>K\u00fcl\u00f6nleges, minden v\u00e1llalkoz\u00e1s sz\u00e1m\u00e1ra nyitott szakmai konferenci\u00e1t rendezett az MVM Partner ZRt. \u2013 az MVM Magyar Villamos M\u0171vek Zrt. le\u00e1nyv\u00e1llalata \u2013 a budapesti \u00d6b\u00f6lh\u00e1z Rendezv\u00e9nyk\u00f6zpontban 2014. m\u00e1jus 14-\u00e9n. Az esem\u00e9nyen az id\u00e9n tavasszal lez\u00e1rult \u201eA v\u00e1llalkoz\u00e1sok energiatudatoss\u00e1g\u00e1\u00e9rt\u201d p\u00e1ly\u00e1zat eredm\u00e9ny\u00e9t is kihirdett\u00e9k, valamint el\u0151ad\u00e1sokkal \u00e9s ki\u00e1ll\u00edt\u00e1ssal seg\u00edtettek azon c\u00e9geknek, amelyek energiatudatosabban szeretn\u00e9nek m\u0171k\u00f6dni. Az esem\u00e9nyen sz\u00e1mos &#8230;<\/p>\n","protected":false},"author":1,"featured_media":0,"comment_status":"open","ping_status":"closed","sticky":false,"template":"","format":"standard","meta":[],"categories":[19],"tags":[],"_links":{"self":[{"href":"https:\/\/gazdasagportal.hu\/index.php\/wp-json\/wp\/v2\/posts\/34907"}],"collection":[{"href":"https:\/\/gazdasagportal.hu\/index.php\/wp-json\/wp\/v2\/posts"}],"about":[{"href":"https:\/\/gazdasagportal.hu\/index.php\/wp-json\/wp\/v2\/types\/post"}],"author":[{"embeddable":true,"href":"https:\/\/gazdasagportal.hu\/index.php\/wp-json\/wp\/v2\/users\/1"}],"replies":[{"embeddable":true,"href":"https:\/\/gazdasagportal.hu\/index.php\/wp-json\/wp\/v2\/comments?post=34907"}],"version-history":[{"count":1,"href":"https:\/\/gazdasagportal.hu\/index.php\/wp-json\/wp\/v2\/posts\/34907\/revisions"}],"predecessor-version":[{"id":34908,"href":"https:\/\/gazdasagportal.hu\/index.php\/wp-json\/wp\/v2\/posts\/34907\/revisions\/34908"}],"wp:attachment":[{"href":"https:\/\/gazdasagportal.hu\/index.php\/wp-json\/wp\/v2\/media?parent=34907"}],"wp:term":[{"taxonomy":"category","embeddable":true,"href":"https:\/\/gazdasagportal.hu\/index.php\/wp-json\/wp\/v2\/categories?post=34907"},{"taxonomy":"post_tag","embeddable":true,"href":"https:\/\/gazdasagportal.hu\/index.php\/wp-json\/wp\/v2\/tags?post=34907"}],"curies":[{"name":"wp","href":"https:\/\/api.w.org\/{rel}","templated":true}]}}