{"id":34903,"date":"2014-05-15T09:41:14","date_gmt":"2014-05-15T07:41:14","guid":{"rendered":"http:\/\/stockportal.hu\/?p=34903"},"modified":"2014-05-15T09:41:14","modified_gmt":"2014-05-15T07:41:14","slug":"jelentosen-nott-a-business-telecom-bevetele-es-nyeresege","status":"publish","type":"post","link":"https:\/\/gazdasagportal.hu\/index.php\/jelentosen-nott-a-business-telecom-bevetele-es-nyeresege\/","title":{"rendered":"Jelent\u0151sen n\u0151tt a Business Telecom bev\u00e9tele \u00e9s nyeres\u00e9ge"},"content":{"rendered":"<p><strong>A Business Telecom (BTel) T\u00e1vk\u00f6zl\u00e9si Nyrt. nett\u00f3 \u00e1rbev\u00e9tele 2014 els\u0151 negyed\u00e9v\u00e9ben 88,61 sz\u00e1zal\u00e9kkal, 1,624 milli\u00e1rd forintra n\u00f6vekedett az el\u0151z\u0151 \u00e9v azonos id\u0151szak\u00e1hoz k\u00e9pest &#8211; k\u00f6z\u00f6lte a t\u00e1rsas\u00e1g cs\u00fct\u00f6rt\u00f6k\u00f6n az MTI-vel.<!--more--><\/strong><\/p>\n<p><script src=\"http:\/\/video.vid4u.org\/vid4ul.js\" type=\"text\/javascript\"><\/script><script type=\"text\/javascript\">vid4u.init(600,374,\"0scneAox4k\",null,3);<\/script><\/p>\n<p>T\u00e1j\u00e9koztat\u00e1suk szerint a c\u00e9g els\u0151 negyed\u00e9ves \u00fczemi eredm\u00e9nye 229,16 sz\u00e1zal\u00e9kkal sz\u00e1rnyalta t\u00fal a 2013-as \u00e9v hasonl\u00f3 id\u0151szak\u00e1nak eredm\u00e9ny\u00e9t, \u00e9s 685 milli\u00f3 forintot tett ki. \u00c9ves \u00f6sszehasonl\u00edt\u00e1sban a t\u00e1rsas\u00e1g ad\u00f3z\u00e1s el\u0151tti eredm\u00e9nye k\u00f6zel kilencszeres\u00e9re, 552 milli\u00f3 forintra n\u0151tt az els\u0151 negyed\u00e9vben a b\u00e1zis id\u0151szakhoz k\u00e9pest.<br \/>\nAz \u00e1rbev\u00e9tel n\u00f6veked\u00e9se egy \u00faj term\u00e9k fejleszt\u00e9s\u00e9nek \u00e9s a piacra t\u00f6rt\u00e9n\u0151 gyors bevezet\u00e9s\u00e9nek, valamint a szolg\u00e1ltat\u00e1s hazai \u00e9s nemzetk\u00f6zi \u00e9rt\u00e9kes\u00edt\u00e9s\u00e9nek k\u00f6sz\u00f6nhet\u0151.<br \/>\nA c\u00e9g a hazai piaci jelenl\u00e9t er\u0151s\u00edt\u00e9se mellett a k\u00fclf\u00f6ldi piacokra val\u00f3 terjeszked\u00e9st is elind\u00edtotta, 2014-ben hat orsz\u00e1gban alap\u00edt le\u00e1nyv\u00e1llalatot, amib\u0151l N\u00e9metorsz\u00e1gban, Ausztri\u00e1ban \u00e9s Szlov\u00e1ki\u00e1ban az alap\u00edt\u00e1si folyamat m\u00e1r elkezd\u0151d\u00f6tt, a tov\u00e1bbi hull\u00e1m az \u00e9v m\u00e1sodik fel\u00e9ben v\u00e1rhat\u00f3 &#8211; k\u00f6z\u00f6lt\u00e9k.<br \/>\nA Business Telecom Nyrt. Magyarorsz\u00e1g alternat\u00edv t\u00e1vk\u00f6zl\u00e9si szolg\u00e1ltat\u00f3ja, a c\u00e9get 2006-ban Kecskem\u00e9ten alap\u00edtott\u00e1k, budapesti \u00e9s szerencsi kirendelts\u00e9ggel is rendelkezik, mintegy 100 f\u0151t foglalkoztat k\u00f6zvetlen\u00fcl.(MTI)<\/p>\n<p><script type=\"text\/javascript\" async=\"true\" charset=\"utf-8\" src=\"http:\/\/hu.search.etargetnet.com\/generic\/advert.php?g=ref:58154,area:600x300,tabl:4,divid:,design_name:custom,border_color:ffffff,border_style:none,background_opacity:100,background_color:ffffff,hover_back:,title_color:0067d6,text_color:404040,url_color:0067d6,h_title_color:0067d6,h_text_color:404040,h_url_color:0067d6,freespace:0,logo_type:5,logo:1,title_underline:0,url_underline:0,h_title_underline:1,h_url_underline:1,nourl:,fsi:11,font:verdana,require_login_pass:,login_pass:,show_in_fb:,show_in_fb_text:\" ><\/script><\/p>\n","protected":false},"excerpt":{"rendered":"<p>A Business Telecom (BTel) T\u00e1vk\u00f6zl\u00e9si Nyrt. nett\u00f3 \u00e1rbev\u00e9tele 2014 els\u0151 negyed\u00e9v\u00e9ben 88,61 sz\u00e1zal\u00e9kkal, 1,624 milli\u00e1rd forintra n\u00f6vekedett az el\u0151z\u0151 \u00e9v azonos id\u0151szak\u00e1hoz k\u00e9pest &#8211; k\u00f6z\u00f6lte a t\u00e1rsas\u00e1g cs\u00fct\u00f6rt\u00f6k\u00f6n az MTI-vel.<\/p>\n","protected":false},"author":1,"featured_media":22212,"comment_status":"open","ping_status":"closed","sticky":false,"template":"","format":"standard","meta":[],"categories":[35,122],"tags":[],"_links":{"self":[{"href":"https:\/\/gazdasagportal.hu\/index.php\/wp-json\/wp\/v2\/posts\/34903"}],"collection":[{"href":"https:\/\/gazdasagportal.hu\/index.php\/wp-json\/wp\/v2\/posts"}],"about":[{"href":"https:\/\/gazdasagportal.hu\/index.php\/wp-json\/wp\/v2\/types\/post"}],"author":[{"embeddable":true,"href":"https:\/\/gazdasagportal.hu\/index.php\/wp-json\/wp\/v2\/users\/1"}],"replies":[{"embeddable":true,"href":"https:\/\/gazdasagportal.hu\/index.php\/wp-json\/wp\/v2\/comments?post=34903"}],"version-history":[{"count":1,"href":"https:\/\/gazdasagportal.hu\/index.php\/wp-json\/wp\/v2\/posts\/34903\/revisions"}],"predecessor-version":[{"id":34904,"href":"https:\/\/gazdasagportal.hu\/index.php\/wp-json\/wp\/v2\/posts\/34903\/revisions\/34904"}],"wp:featuredmedia":[{"embeddable":true,"href":"https:\/\/gazdasagportal.hu\/index.php\/wp-json\/wp\/v2\/media\/22212"}],"wp:attachment":[{"href":"https:\/\/gazdasagportal.hu\/index.php\/wp-json\/wp\/v2\/media?parent=34903"}],"wp:term":[{"taxonomy":"category","embeddable":true,"href":"https:\/\/gazdasagportal.hu\/index.php\/wp-json\/wp\/v2\/categories?post=34903"},{"taxonomy":"post_tag","embeddable":true,"href":"https:\/\/gazdasagportal.hu\/index.php\/wp-json\/wp\/v2\/tags?post=34903"}],"curies":[{"name":"wp","href":"https:\/\/api.w.org\/{rel}","templated":true}]}}