{"id":34804,"date":"2014-05-13T16:22:13","date_gmt":"2014-05-13T14:22:13","guid":{"rendered":"http:\/\/stockportal.hu\/?p=34804"},"modified":"2014-05-13T16:22:13","modified_gmt":"2014-05-13T14:22:13","slug":"szarnyal-az-europai-repulogepipar","status":"publish","type":"post","link":"https:\/\/gazdasagportal.hu\/index.php\/szarnyal-az-europai-repulogepipar\/","title":{"rendered":"Sz\u00e1rnyal az eur\u00f3pai rep\u00fcl\u0151g\u00e9pipar"},"content":{"rendered":"<p><strong>Kellemes meglepet\u00e9st hozott a rep\u00fcl\u0151g\u00e9pgy\u00e1rt\u00f3 \u00f3ri\u00e1s, az Airbus, a menedzsment meger\u0151s\u00edtette az idei \u00e9vi v\u00e1rakoz\u00e1sokat, a v\u00e1rtn\u00e1l jobb profitr\u00f3l sz\u00e1molt be a v\u00e1llalat. Ism\u00e9t nyeres\u00e9ges a ThyssenKrupp, 5 sz\u00e1zal\u00e9kos emelked\u00e9sben a pap\u00edr.<!--more--><\/strong><\/p>\n<p><script type=\"text\/javascript\" async=\"true\" charset=\"utf-8\" src=\"http:\/\/hu.search.etargetnet.com\/generic\/advert.php?g=ref:58154,area:600x90,tabl:4,divid:,design_name:custom,border_color:ffffff,border_style:none,background_opacity:100,background_color:ffffff,hover_back:,title_color:0067d6,text_color:404040,url_color:0067d6,h_title_color:0067d6,h_text_color:404040,h_url_color:0067d6,freespace:0,logo_type:4,logo:1,title_underline:0,url_underline:0,h_title_underline:1,h_url_underline:1,nourl:,fsi:11,font:verdana,require_login_pass:,login_pass:,show_in_fb:,show_in_fb_text:\" ><\/script><\/p>\n<p><object width=\"512\" height=\"288\" data=\"http:\/\/gazdasagtv.hu\/embed\/?id=7109\" type=\"application\/x-shockwave-flash\"><param value=\"http:\/\/gazdasagtv.hu\/embed\/?id=7109\" name=\"data\"><param value=\"http:\/\/gazdasagtv.hu\/embed\/?id=7109\" name=\"src\"><param value=\"false\" name=\"menu\"><param value=\"high\" name=\"quality\"><param value=\"#000000\" name=\"bgcolor\"><param value=\"transparent\" name=\"wmode\"><param value=\"file=http:\/\/5.159.232.236\/video\/2014-05-13\/gtv-tozsdelive-kbc-2014-05-13-hd.mp4&#038;image=http:\/\/5.159.232.236\/\/videoimage\/600x338\/2014-05-13\/a380.jpg&#038;showdigits=true&#038;autostart=false&#038;repeat=false&#038;dock=true&#038;controlbar=over&#038;plugins=http:\/\/plugins.longtailvideo.com\/yourlytics-1.swf,timeslidertooltipplugin-2&#038;skin=http:\/\/gazdasagtv.hu\/swf\/skin.zip\" name=\"flashvars\"><\/object><br \/>Forr\u00e1s: <a href=\"http:\/\/gazdasagtv.hu\" style=\"color: #df1100; font-weight: bold; text-decoration: none;\" target=\"_blank\" rel=\"noopener\">Gazdas\u00e1gTV.hu<\/a><\/p>\n","protected":false},"excerpt":{"rendered":"<p>Kellemes meglepet\u00e9st hozott a rep\u00fcl\u0151g\u00e9pgy\u00e1rt\u00f3 \u00f3ri\u00e1s, az Airbus, a menedzsment meger\u0151s\u00edtette az idei \u00e9vi v\u00e1rakoz\u00e1sokat, a v\u00e1rtn\u00e1l jobb profitr\u00f3l sz\u00e1molt be a v\u00e1llalat. Ism\u00e9t nyeres\u00e9ges a ThyssenKrupp, 5 sz\u00e1zal\u00e9kos emelked\u00e9sben a pap\u00edr.<\/p>\n","protected":false},"author":1,"featured_media":0,"comment_status":"open","ping_status":"closed","sticky":false,"template":"","format":"standard","meta":[],"categories":[8],"tags":[],"_links":{"self":[{"href":"https:\/\/gazdasagportal.hu\/index.php\/wp-json\/wp\/v2\/posts\/34804"}],"collection":[{"href":"https:\/\/gazdasagportal.hu\/index.php\/wp-json\/wp\/v2\/posts"}],"about":[{"href":"https:\/\/gazdasagportal.hu\/index.php\/wp-json\/wp\/v2\/types\/post"}],"author":[{"embeddable":true,"href":"https:\/\/gazdasagportal.hu\/index.php\/wp-json\/wp\/v2\/users\/1"}],"replies":[{"embeddable":true,"href":"https:\/\/gazdasagportal.hu\/index.php\/wp-json\/wp\/v2\/comments?post=34804"}],"version-history":[{"count":1,"href":"https:\/\/gazdasagportal.hu\/index.php\/wp-json\/wp\/v2\/posts\/34804\/revisions"}],"predecessor-version":[{"id":34805,"href":"https:\/\/gazdasagportal.hu\/index.php\/wp-json\/wp\/v2\/posts\/34804\/revisions\/34805"}],"wp:attachment":[{"href":"https:\/\/gazdasagportal.hu\/index.php\/wp-json\/wp\/v2\/media?parent=34804"}],"wp:term":[{"taxonomy":"category","embeddable":true,"href":"https:\/\/gazdasagportal.hu\/index.php\/wp-json\/wp\/v2\/categories?post=34804"},{"taxonomy":"post_tag","embeddable":true,"href":"https:\/\/gazdasagportal.hu\/index.php\/wp-json\/wp\/v2\/tags?post=34804"}],"curies":[{"name":"wp","href":"https:\/\/api.w.org\/{rel}","templated":true}]}}