{"id":34801,"date":"2014-05-13T17:57:37","date_gmt":"2014-05-13T15:57:37","guid":{"rendered":"http:\/\/stockportal.hu\/?p=34801"},"modified":"2014-05-13T17:05:26","modified_gmt":"2014-05-13T15:05:26","slug":"mol-a-horvat-gazdasagi-miniszterium-rontja-az-ina-jo-hirnevet","status":"publish","type":"post","link":"https:\/\/gazdasagportal.hu\/index.php\/mol-a-horvat-gazdasagi-miniszterium-rontja-az-ina-jo-hirnevet\/","title":{"rendered":"Mol: a horv\u00e1t gazdas\u00e1gi miniszt\u00e9rium rontja az INA j\u00f3 h\u00edrnev\u00e9t"},"content":{"rendered":"<p><strong>Sz\u00e9gyenteljesnek nevezte a Mol-csoport kommunik\u00e1ci\u00f3s igazgat\u00f3ja k\u00f6zlem\u00e9ny\u00e9ben azt a tanulm\u00e1nyt, amelyet a horv\u00e1t korm\u00e1ny megb\u00edz\u00e1s\u00e1b\u00f3l k\u00e9sz\u00edtett k\u00e9t tan\u00e1csad\u00f3 c\u00e9g, \u00e9s amelyben azzal v\u00e1dolj\u00e1k a magyar olajc\u00e9get, hogy t\u00f6bb milli\u00e1rd doll\u00e1ros vesztes\u00e9get okozott az INA horv\u00e1t olajipari v\u00e1llalatnak. A Mol szerint a horv\u00e1t gazdas\u00e1gi miniszt\u00e9rium, amely a tanulm\u00e1nyt megrendelte, rontja az INA j\u00f3 h\u00edrnev\u00e9t.<!--more--><\/strong><\/p>\n<p><script src=\"http:\/\/video.vid4u.org\/vid4ul.js\" type=\"text\/javascript\"><\/script><script type=\"text\/javascript\">vid4u.init(600,374,\"0scneAox4k\",null,3);<\/script><\/p>\n<p>Az AT&amp;Karney \u00e9s az Oil &amp; Gas Consulting c\u00e9gek \u00e1ltal k\u00e9sz\u00edtett tanulm\u00e1nyt a Jutarnji list c\u00edm\u0171 \u00fajs\u00e1g ismertette h\u00e9tf\u0151n. E szerint a Mol nem teljes\u00edtette az INA-val k\u00f6t\u00f6tt r\u00e9szv\u00e9nyesi szerz\u0151d\u00e9sben v\u00e1llaltakat, ez\u00e9rt a horv\u00e1t olajt\u00e1rsas\u00e1g 6,2 milli\u00e1rd doll\u00e1r (csaknem 1400 milli\u00e1rd forint) vesztes\u00e9get szenvedett el.<br \/>\n&#8222;Ha olyan alapvet\u0151 t\u00e9nyek is nyilv\u00e1nval\u00f3an t\u00e9vesek a tanulm\u00e1nyban, mint hogy az INA mennyivel j\u00e1rul hozz\u00e1 a horv\u00e1t hazai \u00f6sszterm\u00e9khez (GDP) &#8211; a tanulm\u00e1ny szerint 9,4 sz\u00e1zal\u00e9kkal, mik\u00f6zben val\u00f3j\u00e1ban 2-3 sz\u00e1zal\u00e9kkal -, akkor \u00e9rthet\u0151, ha komoly fenntart\u00e1saink vannak a jelent\u00e9s eg\u00e9sz\u00e9nek hiteless\u00e9g\u00e9t illet\u0151en&#8221; &#8211; \u00e1ll a molincroatia.com honlapon megjelent k\u00f6zlem\u00e9nyben, amelyet Dominic K\u00f6fner, a Mol-csoport kommunik\u00e1ci\u00f3s igazgat\u00f3ja jegyez.<br \/>\nA Mol-csoport szerint ez egy megrendel\u00e9sre \u00edrt, sz\u00e9gyenteljes dokumentum, amely semmit sem \u00e9r egy f\u00fcggetlen b\u00edr\u00f3s\u00e1g el\u0151tt &#8211; olvashat\u00f3 a k\u00f6zlem\u00e9nyben, amely szerint a horv\u00e1t gazdas\u00e1gi miniszt\u00e9rium f\u00e9lrevezet\u0151 sz\u00e1mokat k\u00f6z\u00f6lt a m\u00e9di\u00e1val, a Mol szerint az\u00e9rt, hogy &#8222;megpr\u00f3b\u00e1lja elterelni a figyelmet arr\u00f3l a k\u00f6zelm\u00faltbeli rendelet\u00e9r\u0151l, amellyel 1 milli\u00e1rd kuna (40 milli\u00e1rd forint) k\u00e1rt okozott az IN\u00c1-nak&#8221;.<br \/>\nA k\u00f6zlem\u00e9ny megjegyezte, megk\u00e9rd\u0151jelezhet\u0151 a tanulm\u00e1nyt k\u00e9sz\u00edt\u0151 egyik c\u00e9g vezet\u0151j\u00e9nek, Jasminko Umicevicnek a f\u00fcggetlens\u00e9ge. A Mol arra utalt, hogy Umicevic vezet\u0151 tiszts\u00e9get viselt a horv\u00e1t olajt\u00e1rsas\u00e1gban az INA privatiz\u00e1ci\u00f3ja el\u0151tt.<br \/>\n&#8222;A Mol-csoportot nagyon aggasztja, hogy a horv\u00e1t gazdas\u00e1gi miniszt\u00e9rium rontja az INA j\u00f3 h\u00edrnev\u00e9t, \u00e9s politikai sz\u00e1m\u00edt\u00e1sb\u00f3l gyal\u00e1zza a horv\u00e1t olajt\u00e1rsas\u00e1g 14 ezer dolgoz\u00f3j\u00e1t&#8221; &#8211; z\u00e1rul a k\u00f6zlem\u00e9ny.(MTI)<\/p>\n<p><script type=\"text\/javascript\" async=\"true\" charset=\"utf-8\" src=\"http:\/\/hu.search.etargetnet.com\/generic\/advert.php?g=ref:58154,area:600x90,tabl:4,divid:,design_name:custom,border_color:ffffff,border_style:none,background_opacity:100,background_color:ffffff,hover_back:,title_color:0067d6,text_color:404040,url_color:0067d6,h_title_color:0067d6,h_text_color:404040,h_url_color:0067d6,freespace:0,logo_type:4,logo:1,title_underline:0,url_underline:0,h_title_underline:1,h_url_underline:1,nourl:,fsi:11,font:verdana,require_login_pass:,login_pass:,show_in_fb:,show_in_fb_text:\" ><\/script><\/p>\n","protected":false},"excerpt":{"rendered":"<p>Sz\u00e9gyenteljesnek nevezte a Mol-csoport kommunik\u00e1ci\u00f3s igazgat\u00f3ja k\u00f6zlem\u00e9ny\u00e9ben azt a tanulm\u00e1nyt, amelyet a horv\u00e1t korm\u00e1ny megb\u00edz\u00e1s\u00e1b\u00f3l k\u00e9sz\u00edtett k\u00e9t tan\u00e1csad\u00f3 c\u00e9g, \u00e9s amelyben azzal v\u00e1dolj\u00e1k a magyar olajc\u00e9get, hogy t\u00f6bb milli\u00e1rd doll\u00e1ros vesztes\u00e9get okozott az INA horv\u00e1t olajipari v\u00e1llalatnak. A Mol szerint a horv\u00e1t gazdas\u00e1gi miniszt\u00e9rium, amely a tanulm\u00e1nyt megrendelte, rontja az INA j\u00f3 h\u00edrnev\u00e9t.<\/p>\n","protected":false},"author":1,"featured_media":33873,"comment_status":"open","ping_status":"closed","sticky":false,"template":"","format":"standard","meta":[],"categories":[140],"tags":[],"_links":{"self":[{"href":"https:\/\/gazdasagportal.hu\/index.php\/wp-json\/wp\/v2\/posts\/34801"}],"collection":[{"href":"https:\/\/gazdasagportal.hu\/index.php\/wp-json\/wp\/v2\/posts"}],"about":[{"href":"https:\/\/gazdasagportal.hu\/index.php\/wp-json\/wp\/v2\/types\/post"}],"author":[{"embeddable":true,"href":"https:\/\/gazdasagportal.hu\/index.php\/wp-json\/wp\/v2\/users\/1"}],"replies":[{"embeddable":true,"href":"https:\/\/gazdasagportal.hu\/index.php\/wp-json\/wp\/v2\/comments?post=34801"}],"version-history":[{"count":3,"href":"https:\/\/gazdasagportal.hu\/index.php\/wp-json\/wp\/v2\/posts\/34801\/revisions"}],"predecessor-version":[{"id":34812,"href":"https:\/\/gazdasagportal.hu\/index.php\/wp-json\/wp\/v2\/posts\/34801\/revisions\/34812"}],"wp:featuredmedia":[{"embeddable":true,"href":"https:\/\/gazdasagportal.hu\/index.php\/wp-json\/wp\/v2\/media\/33873"}],"wp:attachment":[{"href":"https:\/\/gazdasagportal.hu\/index.php\/wp-json\/wp\/v2\/media?parent=34801"}],"wp:term":[{"taxonomy":"category","embeddable":true,"href":"https:\/\/gazdasagportal.hu\/index.php\/wp-json\/wp\/v2\/categories?post=34801"},{"taxonomy":"post_tag","embeddable":true,"href":"https:\/\/gazdasagportal.hu\/index.php\/wp-json\/wp\/v2\/tags?post=34801"}],"curies":[{"name":"wp","href":"https:\/\/api.w.org\/{rel}","templated":true}]}}