{"id":34787,"date":"2014-05-13T13:40:47","date_gmt":"2014-05-13T11:40:47","guid":{"rendered":"http:\/\/stockportal.hu\/?p=34787"},"modified":"2014-05-13T13:40:47","modified_gmt":"2014-05-13T11:40:47","slug":"kulfoldi-sajto-magyarorszagrol-francia-nemet-szlovak-roman-es-orosz-media","status":"publish","type":"post","link":"https:\/\/gazdasagportal.hu\/index.php\/kulfoldi-sajto-magyarorszagrol-francia-nemet-szlovak-roman-es-orosz-media\/","title":{"rendered":"K\u00fclf\u00f6ldi sajt\u00f3 Magyarorsz\u00e1gr\u00f3l: Francia, n\u00e9met, szlov\u00e1k, rom\u00e1n \u00e9s orosz m\u00e9dia"},"content":{"rendered":"<p><strong>A francia Le Figaro a magyar korm\u00e1nyf\u0151 \u00e9s Br\u00fcsszel viszony\u00e1r\u00f3l, a rom\u00e1n Adevarul \u00e9s az orosz Pervij Kanal a k\u00fclhoni magyarok auton\u00f3mi\u00e1j\u00e1val kapcsolatban k\u00f6z\u00f6lt komment\u00e1rt, a felvid\u00e9ki Szabad \u00dajs\u00e1g a k\u00f6vetkez\u0151 korm\u00e1nyzati ciklusr\u00f3l \u00edrt, m\u00edg a n\u00e9met Deutschlandradio Kultur a holokauszt eml\u00e9k\u00e9vvel kapcsolatban adott tud\u00f3s\u00edt\u00e1st kedden.<!--more--><\/strong><\/p>\n<p><script src=\"http:\/\/video.vid4u.org\/vid4ul.js\" type=\"text\/javascript\"><\/script><script type=\"text\/javascript\">vid4u.init(600,374,\"0scneAox4k\",null,3);<\/script><\/p>\n<p>A magyar Orb\u00e1n kett\u0151s j\u00e1t\u00e9ka &#8222;Br\u00fcsszel dikt\u00e1tum\u00e1val&#8221; szemben c\u00edmmel k\u00f6z\u00f6lt budapesti tud\u00f3s\u00edt\u00e1st a Le Figaro. A francia konzervat\u00edv lap szerint nem k\u00e9rd\u00e9s, hogy a Fidesz fog gy\u0151zni az eur\u00f3pai parlamenti v\u00e1laszt\u00e1sokon Magyarorsz\u00e1gon indul\u00f3 nyolc p\u00e1rt k\u00f6z\u00fcl, a m\u00e1sodik hely viszont m\u00e9g nem d\u0151lt el a Jobbik \u00e9s az MSZP k\u00f6z\u00f6tt. A cikkszerz\u0151 Helene Bienvenu \u00fagy v\u00e9li, hogy &#8222;egyetlen dolog biztos&#8221;: a Fidesz a nemzeti \u00e9rdekek v\u00e9delm\u00e9nek k\u00e1rty\u00e1j\u00e1t j\u00e1tssza ki Br\u00fcsszelben. Orb\u00e1n t\u00e1bor\u00e1nak strat\u00e9gi\u00e1ja az uni\u00f3s csatlakoz\u00e1sban csal\u00f3dottak sz\u00e1m\u00e1ra is v\u00e1laszt pr\u00f3b\u00e1l k\u00edn\u00e1lni, mik\u00f6zben a minisztereln\u00f6k a m\u00falt h\u00e9ten Berlinben a WDR n\u00e9met region\u00e1lis k\u00f6zszolg\u00e1lati m\u0171sorsz\u00f3r\u00f3 t\u00e1rsas\u00e1g Europa Forum c\u00edm\u0171 konferenci\u00e1j\u00e1n t\u00f6rt\u00e9nelmi sikerk\u00e9nt \u00e9rt\u00e9kelte a 2004-es b\u0151v\u00edt\u00e9st.<br \/>\nA tud\u00f3s\u00edt\u00f3 hangs\u00falyozta: Orb\u00e1n &#8222;finom kett\u0151s j\u00e1t\u00e9kot folytat: a k\u00f6r\u00fclm\u00e9nyekt\u0151l f\u00fcgg\u0151en Eur\u00f3pa-bar\u00e1t vagy szuverenista&#8221;. Mik\u00f6zben els\u0151 korm\u00e1nya idej\u00e9n \u0151 k\u00e9sz\u00edtette el\u0151 Magyarorsz\u00e1g uni\u00f3s csatlakoz\u00e1s\u00e1t, majd 2011-ben szint\u00e9n az \u0151 korm\u00e1nyz\u00e1sa idej\u00e9n t\u00f6lt\u00f6tte be Magyarorsz\u00e1g az Eur\u00f3pai Tan\u00e1cs eln\u00f6ki posztj\u00e1t, a nemzeti \u00fcnnepek alkalm\u00e1val Budapesten tartott besz\u00e9deiben &#8222;Br\u00fcsszel dikt\u00e1tum\u00e1r\u00f3l&#8221; \u00e9s a &#8222;birodalom b\u00fcrokrat\u00e1ir\u00f3l&#8221; besz\u00e9l. \u00c9s mik\u00f6zben &#8222;nem lesz\u00fcnk gyarmat&#8221; felirat alatt t\u00f6bb t\u00edzezer h\u00edve vonul az utc\u00e1kon, ellens\u00e9ges megnyilv\u00e1nul\u00e1sai ellen\u00e9re a v\u00e9grehajt\u00f3 hatalom mindig meghajlott Br\u00fcsszel figyelmeztet\u00e9sei el\u0151tt &#8211; \u00edrta a Le Figaro.<br \/>\nA Deutschlandradio Kultur n\u00e9met orsz\u00e1gos k\u00f6zszolg\u00e1lati r\u00e1di\u00f3 a holokauszt-eml\u00e9k\u00e9vvel kapcsolatban k\u00f6z\u00f6lt \u00f6ssze\u00e1ll\u00edt\u00e1st. A mulaszt\u00e1s p\u00f3tl\u00e1sa &#8211; a fasiszta m\u00falt feldolgoz\u00e1sa Magyarorsz\u00e1gon c\u00edm\u0171 anyagban a szerkeszt\u0151, Keno Verseck a holokauszt-eml\u00e9k\u00e9vvel kapcsolatban kiemelte, hogy a korm\u00e1ny nagyszab\u00e1s\u00fa megeml\u00e9kez\u00e9s-sorozatot tervezett, de vit\u00e1k alakultak ki.<br \/>\nA n\u00e9met r\u00e1di\u00f3 szerint &#8222;idilli&#8221; az a k\u00e9p, hogy az orsz\u00e1g &#8222;nagyon j\u00f3l \u00e1ll a holokauszttal val\u00f3 szemben\u00e9z\u00e9sben&#8221;. Val\u00f3j\u00e1ban viszont Magyarorsz\u00e1gon tov\u00e1bbra is sz\u00e9les k\u00f6rben elterjedt n\u00e9zet, hogy mindenekel\u0151tt a megsz\u00e1ll\u00f3k szervezt\u00e9k a magyar zsid\u00f3k deport\u00e1l\u00e1s\u00e1t, \u00e9s csak lassan ker\u00fclnek a k\u00f6ztudatba a &#8222;f\u00e1jdalmas val\u00f3s\u00e1g&#8221; elemei, mint p\u00e9ld\u00e1ul az, hogy a magyar \u00e1llam &#8222;a legnagyobb igyekezettel teljes\u00edtette Eichmann k\u00edv\u00e1ns\u00e1gait&#8221; &#8211; jelentette ki a szerkeszt\u0151. Szerinte korm\u00e1nyp\u00e1rti politikusok megnyilatkoz\u00e1sai a holokausztr\u00f3l &#8222;gyakran s\u00farolj\u00e1k a botr\u00e1nyoss\u00e1g hat\u00e1r\u00e1t&#8221;.<br \/>\n<a title=\"Hely megnyit\u00e1sa\" href=\"http:\/\/www.deutschlandradiokultur.de\/zankapfel-holocaust-nachsitzen.979.de.html?dram:article_id=285162\" target=\"_blank\" rel=\"noopener\">http:\/\/www.deutschlandradiokultur.de\/zankapfel-holocaust-nachsitzen.979.de.html?dram:article_id=285162<\/a><br \/>\nOrb\u00e1n Viktor harmadik korm\u00e1nyf\u0151i esk\u00fct\u00e9tele kapcs\u00e1n k\u00f6z\u00f6lt jegyzetet a Szabad \u00dajs\u00e1g felvid\u00e9ki magyar h\u00e9tk\u00f6zi lap kedden, amelyben a cikk \u00edr\u00f3ja a k\u00f6vetkez\u0151 korm\u00e1nyzati ciklus kil\u00e1t\u00e1sait elemzi. A r\u00e9gi-\u00faj korm\u00e1nyf\u0151 m\u00e1r negyedsz\u00e1zada a magyar politikai \u00e9let els\u0151 vonal\u00e1nak \u00e1lland\u00f3 szerepl\u0151je, s b\u00e1r p\u00e1ly\u00e1j\u00e1nak \u00edve kor\u00e1ntsem volt t\u00f6retlen, a k\u00f6z\u00e9let \u00e9lvonal\u00e1ban elt\u00f6lt\u00f6tt negyedsz\u00e1zad vitathatatlan politikusi teljes\u00edtm\u00e9ny &#8211; sz\u00f6gezi le a magyar nyelv\u0171 lap komment\u00e1r\u00edr\u00f3ja.<br \/>\nA Szabad \u00dajs\u00e1g cikk\u00edr\u00f3ja a k\u00f6vetkez\u0151 korm\u00e1nyzati ciklus kil\u00e1t\u00e1sai kapcs\u00e1n kiemeli: a magyar politik\u00e1ban tov\u00e1bbra sincs konszenzus a Fidesz \u00e1ltal \u00e1talak\u00edtott k\u00f6zjogi rendszerr\u0151l, s \u00edgy a korm\u00e1nyp\u00e1rt &#8222;mindk\u00e9t oldalr\u00f3l rendszerkritikus ellenz\u00e9kkel szemben lesz k\u00e9nytelen politiz\u00e1lni.&#8221; Ez pedig felveti a k\u00e9rd\u00e9st, hogy a korm\u00e1nyzat a k\u00f6vetkez\u0151 n\u00e9gy \u00e9vben &#8222;k\u00eds\u00e9rletet tesz-e az \u00e1ltala \u00e9letre h\u00edvott rendszer konszolid\u00e1ci\u00f3j\u00e1ra, vagy megel\u00e9gszik annak tov\u00e1bbi stabiliz\u00e1l\u00e1s\u00e1val.&#8221; Megjegyzi: az \u00fajrav\u00e1lasztott korm\u00e1nyf\u0151 felsz\u00f3lal\u00e1sa ink\u00e1bb az ut\u00f3bbi eshet\u0151s\u00e9get val\u00f3sz\u00edn\u0171s\u00edti.<br \/>\nA rom\u00e1n Adevarul c\u00edm\u0171 liber\u00e1lis lap jegyzet\u00edr\u00f3ja az ukrajnai oroszok szakad\u00e1r t\u00f6rekv\u00e9seit azzal \u00e1ll\u00edtja p\u00e1rhuzamba, hogy Orb\u00e1n Viktor az Orsz\u00e1ggy\u0171l\u00e9sben elmondott besz\u00e9d\u00e9ben a k\u00fclhoni magyarok magyar \u00e1llampolg\u00e1rs\u00e1ghoz \u00e9s auton\u00f3mi\u00e1hoz val\u00f3 jog\u00e1r\u00f3l besz\u00e9lt. A &#8222;Tartsuk szemmel Oroszorsz\u00e1got, de figyelj\u00fcnk Magyarorsz\u00e1gra&#8221; c\u00edm\u0171 \u00edr\u00e1sban Ion M. Ionita \u00fagy v\u00e9lekedett: Ukrajna sz\u00e9tes\u00e9se megmutatta, hogyan lehet klasszikus katonai inv\u00e1zi\u00f3 n\u00e9lk\u00fcl sz\u00e9tverni egy orsz\u00e1got. Megjegyezte: az orosz m\u00f3dszert ig\u00e9ny szerint export\u00e1lni is lehet a &#8222;haszn\u00e1lati utas\u00edt\u00e1ssal&#8221; egy\u00fctt.<br \/>\nA szerz\u0151 szerint az ukrajnai helyzet &#8222;fel\u00e9bresztette a rem\u00e9nyt&#8221; Orb\u00e1n Viktorban, hogy a magyar kisebbs\u00e9g is auton\u00f3mi\u00e1t kaphat, ebben a hit\u00e9ben pedig meger\u0151s\u00edtette a Putyinnal \u00e1polt nagyszer\u0171 kapcsolata. Ionita hangs\u00falyozta: a k\u00e1rp\u00e1t-medencei magyarok auton\u00f3mi\u00e1ja Orb\u00e1n Viktor politik\u00e1j\u00e1nak vez\u00e9rfonal\u00e1v\u00e1 v\u00e1lt, ez pedig k\u00f6zvetlen\u00fcl \u00e9rinti Rom\u00e1ni\u00e1t.<br \/>\n<a title=\"Hely megnyit\u00e1sa\" href=\"http:\/\/adevarul.ro\/news\/politica\/cu-ochii-rusia-atentie-ungaria-1_5370fdf80d133766a89750e4\/index.html\" target=\"_blank\" rel=\"noopener\">http:\/\/adevarul.ro\/news\/politica\/cu-ochii-rusia-atentie-ungaria-1_5370fdf80d133766a89750e4\/index.html<\/a><br \/>\nA magyar korm\u00e1nyf\u0151 szombati parlamenti besz\u00e9d\u00e9t kedden a Pervij Kanal orosz \u00e1llami telev\u00edzi\u00f3s csatorna \u00fagy komment\u00e1lta, hogy elvileg lehets\u00e9ges, hogy Nyugat-Ukrajn\u00e1ban is tartanak n\u00e9pszavaz\u00e1sokat az \u00f6nrendelkez\u00e9sr\u0151l, Orb\u00e1n Viktor m\u00e1r auton\u00f3mi\u00e1t k\u00f6vetelt a szomsz\u00e9dos orsz\u00e1gokban \u00e9l\u0151 &#8211; els\u0151sorban a k\u00e1rp\u00e1taljai &#8211; magyaroknak.<br \/>\nAz orosz t\u00e9v\u00e9 h\u00edrad\u00f3j\u00e1ban hozz\u00e1tett\u00e9k, hogy a k\u00e1rp\u00e1taljai magyars\u00e1g k\u00e9pvisel\u0151i m\u00e1rcius v\u00e9g\u00e9n felsz\u00f3l\u00edtott\u00e1k a kijevi vezet\u00e9st, hogy biztos\u00edtson v\u00e9delmet sz\u00e1mukra a politikai v\u00e1ls\u00e1g k\u00f6zepette. &#8222;Most Budapest hasonl\u00f3 k\u00f6vetel\u00e9sekkel l\u00e9p fel&#8221;. Megjegyezt\u00e9k, hogy Kijev egyel\u0151re egy\u00e1ltal\u00e1n nem reag\u00e1lt Orb\u00e1n Viktor kijelent\u00e9s\u00e9re, sem a magyar k\u00f6z\u00f6ss\u00e9g k\u00f6vetel\u00e9seire.<br \/>\n<a title=\"Hely megnyit\u00e1sa\" href=\"http:\/\/www.1tv.ru\/news\/world\/258581\" target=\"_blank\" rel=\"noopener\">www.1tv.ru\/news\/world\/258581<\/a><\/p>\n<p>(MTI)<\/p><div id=\"gazda-715726138\" class=\"gazda-tartalomban gazda-entity-placement\"><script async src=\"https:\/\/pagead2.googlesyndication.com\/pagead\/js\/adsbygoogle.js\"><\/script>\r\n<ins class=\"adsbygoogle\"\r\n     style=\"display:block\"\r\n     data-ad-format=\"fluid\"\r\n     data-ad-layout-key=\"-6t+ed+2i-1n-4w\"\r\n     data-ad-client=\"ca-pub-1959107119989764\"\r\n     data-ad-slot=\"4008251320\"><\/ins>\r\n<script>\r\n     (adsbygoogle = window.adsbygoogle || []).push({});\r\n<\/script><\/div>\n<p><script type=\"text\/javascript\" async=\"true\" charset=\"utf-8\" src=\"http:\/\/hu.search.etargetnet.com\/generic\/advert.php?g=ref:58154,area:600x90,tabl:4,divid:,design_name:custom,border_color:ffffff,border_style:none,background_opacity:100,background_color:ffffff,hover_back:,title_color:0067d6,text_color:404040,url_color:0067d6,h_title_color:0067d6,h_text_color:404040,h_url_color:0067d6,freespace:0,logo_type:4,logo:1,title_underline:0,url_underline:0,h_title_underline:1,h_url_underline:1,nourl:,fsi:11,font:verdana,require_login_pass:,login_pass:,show_in_fb:,show_in_fb_text:\" ><\/script><\/p>\n","protected":false},"excerpt":{"rendered":"<p>A francia Le Figaro a magyar korm\u00e1nyf\u0151 \u00e9s Br\u00fcsszel viszony\u00e1r\u00f3l, a rom\u00e1n Adevarul \u00e9s az orosz Pervij Kanal a k\u00fclhoni magyarok auton\u00f3mi\u00e1j\u00e1val kapcsolatban k\u00f6z\u00f6lt komment\u00e1rt, a felvid\u00e9ki Szabad \u00dajs\u00e1g a k\u00f6vetkez\u0151 korm\u00e1nyzati ciklusr\u00f3l \u00edrt, m\u00edg a n\u00e9met Deutschlandradio Kultur a holokauszt eml\u00e9k\u00e9vvel kapcsolatban adott tud\u00f3s\u00edt\u00e1st kedden.<\/p>\n","protected":false},"author":1,"featured_media":0,"comment_status":"open","ping_status":"closed","sticky":false,"template":"","format":"standard","meta":[],"categories":[18],"tags":[],"_links":{"self":[{"href":"https:\/\/gazdasagportal.hu\/index.php\/wp-json\/wp\/v2\/posts\/34787"}],"collection":[{"href":"https:\/\/gazdasagportal.hu\/index.php\/wp-json\/wp\/v2\/posts"}],"about":[{"href":"https:\/\/gazdasagportal.hu\/index.php\/wp-json\/wp\/v2\/types\/post"}],"author":[{"embeddable":true,"href":"https:\/\/gazdasagportal.hu\/index.php\/wp-json\/wp\/v2\/users\/1"}],"replies":[{"embeddable":true,"href":"https:\/\/gazdasagportal.hu\/index.php\/wp-json\/wp\/v2\/comments?post=34787"}],"version-history":[{"count":1,"href":"https:\/\/gazdasagportal.hu\/index.php\/wp-json\/wp\/v2\/posts\/34787\/revisions"}],"predecessor-version":[{"id":34788,"href":"https:\/\/gazdasagportal.hu\/index.php\/wp-json\/wp\/v2\/posts\/34787\/revisions\/34788"}],"wp:attachment":[{"href":"https:\/\/gazdasagportal.hu\/index.php\/wp-json\/wp\/v2\/media?parent=34787"}],"wp:term":[{"taxonomy":"category","embeddable":true,"href":"https:\/\/gazdasagportal.hu\/index.php\/wp-json\/wp\/v2\/categories?post=34787"},{"taxonomy":"post_tag","embeddable":true,"href":"https:\/\/gazdasagportal.hu\/index.php\/wp-json\/wp\/v2\/tags?post=34787"}],"curies":[{"name":"wp","href":"https:\/\/api.w.org\/{rel}","templated":true}]}}