{"id":34782,"date":"2014-05-13T13:16:31","date_gmt":"2014-05-13T11:16:31","guid":{"rendered":"http:\/\/stockportal.hu\/?p=34782"},"modified":"2014-05-13T13:06:03","modified_gmt":"2014-05-13T11:06:03","slug":"admiral-markets-heti-kitekintes-2014-05-13","status":"publish","type":"post","link":"https:\/\/gazdasagportal.hu\/index.php\/admiral-markets-heti-kitekintes-2014-05-13\/","title":{"rendered":"Admiral Markets: Heti Kitekint\u00e9s 2014.05.13."},"content":{"rendered":"<p><strong>Az elm\u00falt h\u00e9t m\u00e1sodik fel\u00e9ben, az Eur\u00f3pai K\u00f6zponti Bank kamat-meghat\u00e1roz\u00f3 \u00fcl\u00e9s\u00e9n Mario Draghi jelezte, hogy az EKB ak\u00e1r m\u00e1r j\u00faniusban \u00e9lhet az \u00fajabb monet\u00e1ris laz\u00edt\u00e1s eszk\u00f6z\u00e9vel, amennyiben ezt az infl\u00e1ci\u00f3s progn\u00f3zisok indokoln\u00e1k. Az EKB eln\u00f6k\u00e9nek szavai nyom\u00e1n az 1,40-es szint k\u00f6zel\u00e9ben tart\u00f3zkod\u00f3 EUR\/USD kurzusa jelent\u0151s cs\u00f6kken\u00e9st produk\u00e1lt, majd az ism\u00e9t el\u0151t\u00e9rbe ker\u00fcl\u0151 jegybanki \u00e9l\u00e9nk\u00edt\u00e9s nyom\u00e1n m\u00f3dosul\u00f3 befektet\u0151i v\u00e1rakoz\u00e1sok k\u00f6vetkezt\u00e9ben a p\u00e9nteki keresked\u00e9s m\u00e1sodik fel\u00e9re az \u00e1rfolyam 1,3750 k\u00f6zel\u00e9be s\u00fcllyedt.<!--more--><\/strong><\/p>\n<p><script src=\"http:\/\/video.vid4u.org\/vid4ul.js\" type=\"text\/javascript\"><\/script><script type=\"text\/javascript\">vid4u.init(600,374,\"0scneAox4k\",null,3);<\/script><\/p>\n<p><strong>Az elm\u00falt h\u00e9t m\u00e1sodik fel\u00e9ben<\/strong>, az Eur\u00f3pai K\u00f6zponti Bank kamat-meghat\u00e1roz\u00f3 \u00fcl\u00e9s\u00e9n Mario Draghi\u00a0jelezte, hogy az EKB ak\u00e1r m\u00e1r j\u00faniusban \u00e9lhet az \u00fajabb monet\u00e1ris laz\u00edt\u00e1s eszk\u00f6z\u00e9vel, amennyiben ezt\u00a0az infl\u00e1ci\u00f3s progn\u00f3zisok indokoln\u00e1k. Az EKB eln\u00f6k\u00e9nek szavai nyom\u00e1n az 1,40-es szint k\u00f6zel\u00e9ben\u00a0tart\u00f3zkod\u00f3 EUR\/USD kurzusa jelent\u0151s cs\u00f6kken\u00e9st produk\u00e1lt, majd az ism\u00e9t el\u0151t\u00e9rbe ker\u00fcl\u0151 jegybanki\u00a0\u00e9l\u00e9nk\u00edt\u00e9s nyom\u00e1n m\u00f3dosul\u00f3 befektet\u0151i v\u00e1rakoz\u00e1sok k\u00f6vetkezt\u00e9ben a p\u00e9nteki keresked\u00e9s m\u00e1sodik\u00a0fel\u00e9re az \u00e1rfolyam 1,3750 k\u00f6zel\u00e9be s\u00fcllyedt.<\/p>\n<p>B\u00e1r a jegybanki st\u00e1b legfrissebb infl\u00e1ci\u00f3s el\u0151rejelz\u00e9sei egyel\u0151re v\u00e1ratnak magukra: azonban a piaci f\u00f3kusz k\u00f6z\u00e9ppontj\u00e1ban az EKB vezet\u0151 tiszts\u00e9gvisel\u0151inek h\u00e9ten be\u00e9rkez\u0151 komment\u00e1rjai \u00e1llhatnak majd; m\u00edg a befektet\u0151k mindemellett kiemelt figyelmet szentelhetnek majd a cs\u00fct\u00f6rt\u00f6ki, euro\u00f6vezeti infl\u00e1ci\u00f3s adatnak is, amelynek fel\u00fclvizsg\u00e1lt, \u00e1prilisi \u00e9rt\u00e9ke fontos momentummal szolg\u00e1lhat majd az EKB \u00e1ltal k\u00f6vetett mone\u00e1t\u00e1ris politik\u00e1val kapcsolatban.<\/p><div id=\"gazda-3312546435\" class=\"gazda-tartalomban gazda-entity-placement\"><script async src=\"https:\/\/pagead2.googlesyndication.com\/pagead\/js\/adsbygoogle.js\"><\/script>\r\n<ins class=\"adsbygoogle\"\r\n     style=\"display:block\"\r\n     data-ad-format=\"fluid\"\r\n     data-ad-layout-key=\"-6t+ed+2i-1n-4w\"\r\n     data-ad-client=\"ca-pub-1959107119989764\"\r\n     data-ad-slot=\"4008251320\"><\/ins>\r\n<script>\r\n     (adsbygoogle = window.adsbygoogle || []).push({});\r\n<\/script><\/div>\n<p><strong>Az angol fonttal keresked\u0151k sz\u00e1m\u00e1ra<\/strong> a h\u00e9t harmadik napja tartogathat izgalmakat: szerd\u00e1n \u00e1tfog\u00f3 brit munkaer\u0151piaci adatsorok \u00e9rkeznek majd. A piaci konszenzus szerint m\u00e1rciussal bez\u00e1r\u00f3lag 6,9%-r\u00f3l 6.8%-ra s\u00fcllyedhetett a munkan\u00e9lk\u00fclis\u00e9gi r\u00e1ta a szigetorsz\u00e1gban, m\u00edg az \u00e1prilisi munkan\u00e9lk\u00fcli k\u00e9relmek sz\u00e1ma a v\u00e1rakoz\u00e1sok alapj\u00e1n 30ezer f\u0151vel m\u00e9rs\u00e9kl\u0151dhetett. B\u00e1r a Bank of England m\u00e9g febru\u00e1rban a 7.0%-os munkan\u00e9lk\u00fclis\u00e9gi r\u00e1t\u00e1ra el\u00e9r\u00e9se helyett imm\u00e1r a brit gazdas\u00e1gban rejl\u0151 felesleges kapacit\u00e1sokra koncentr\u00e1l, azonban a font sz\u00e1m\u00e1ra a foglalkoztatotts\u00e1gi mutat\u00f3k mellett a \u00a0brit jegybank \u00e1ltal szint\u00e9n szerd\u00e1n publik\u00e1lt, negyed\u00e9ves infl\u00e1ci\u00f3s jelent\u00e9s lehet majd ir\u00e1nymutat\u00f3.<\/p>\n<p>Az el\u0151zetes v\u00e1rakoz\u00e1sok alapj\u00e1n a brit jegybank 2014-es \u00e9vre vonatkoz\u00f3 febru\u00e1ri, 3,4%-os GDP el\u0151rejelz\u00e9s\u00e9t szerd\u00e1n 3,5%-ra m\u00f3dos\u00edthatja majd; m\u00edg a piaci konszenzus jelenleg arra sz\u00e1m\u00edt, hogy a Bank of England az els\u0151 kamatemel\u00e9s lehets\u00e9ges id\u0151pontj\u00e1t 2015 els\u0151 negyed\u00e9v\u00e9re m\u00f3dos\u00edtja majd, szemben a febru\u00e1ri progn\u00f3zissal, amely m\u00e9g 2015 m\u00e1sodik negyed\u00e9v\u00e9re tette a monet\u00e1ris szigor\u00edt\u00e1s id\u0151pontj\u00e1t. Amennyiben a Bank of England jegybank\u00e1rai kedvez\u0151bben \u00edt\u00e9ln\u00e9k meg a szigetorsz\u00e1g gazdas\u00e1g\u00e1nak helyzet\u00e9t: a felesleges kapacit\u00e1sok a v\u00e1rtn\u00e1l esetlegesen gyorsabb \u00fctem\u0171 le\u00e9p\u00fcl\u00e9se-, valamint az er\u0151re kap\u00f3 infl\u00e1ci\u00f3s r\u00e1ta nyom\u00e1n-, a piacok \u00e1ltal jelenleg \u00e1razottn\u00e1l kor\u00e1bbi kamatemel\u00e9s lehet\u0151s\u00e9g\u00e9re az angol font ism\u00e9t er\u0151s\u00f6d\u00e9ssel reag\u00e1lhatna. Amennyiben ez a forgat\u00f3k\u00f6nyv val\u00f3sulna meg, a GBP\/USD kurzusa alighanem \u00fajra a l\u00e9lektani 1,70-es szintet tesztelhetn\u00e9 meg.<\/p>\n<p><script type=\"text\/javascript\" async=\"true\" charset=\"utf-8\" src=\"http:\/\/hu.search.etargetnet.com\/generic\/advert.php?g=ref:58154,area:600x90,tabl:4,divid:,design_name:custom,border_color:ffffff,border_style:none,background_opacity:100,background_color:ffffff,hover_back:,title_color:0067d6,text_color:404040,url_color:0067d6,h_title_color:0067d6,h_text_color:404040,h_url_color:0067d6,freespace:0,logo_type:4,logo:1,title_underline:0,url_underline:0,h_title_underline:1,h_url_underline:1,nourl:,fsi:11,font:verdana,require_login_pass:,login_pass:,show_in_fb:,show_in_fb_text:\" ><\/script><\/p>\n","protected":false},"excerpt":{"rendered":"<p>Az elm\u00falt h\u00e9t m\u00e1sodik fel\u00e9ben, az Eur\u00f3pai K\u00f6zponti Bank kamat-meghat\u00e1roz\u00f3 \u00fcl\u00e9s\u00e9n Mario Draghi jelezte, hogy az EKB ak\u00e1r m\u00e1r j\u00faniusban \u00e9lhet az \u00fajabb monet\u00e1ris laz\u00edt\u00e1s eszk\u00f6z\u00e9vel, amennyiben ezt az infl\u00e1ci\u00f3s progn\u00f3zisok indokoln\u00e1k. Az EKB eln\u00f6k\u00e9nek szavai nyom\u00e1n az 1,40-es szint k\u00f6zel\u00e9ben tart\u00f3zkod\u00f3 EUR\/USD kurzusa jelent\u0151s cs\u00f6kken\u00e9st produk\u00e1lt, majd az ism\u00e9t el\u0151t\u00e9rbe ker\u00fcl\u0151 jegybanki \u00e9l\u00e9nk\u00edt\u00e9s nyom\u00e1n &#8230;<\/p>\n","protected":false},"author":1,"featured_media":0,"comment_status":"open","ping_status":"closed","sticky":false,"template":"","format":"standard","meta":[],"categories":[8],"tags":[],"_links":{"self":[{"href":"https:\/\/gazdasagportal.hu\/index.php\/wp-json\/wp\/v2\/posts\/34782"}],"collection":[{"href":"https:\/\/gazdasagportal.hu\/index.php\/wp-json\/wp\/v2\/posts"}],"about":[{"href":"https:\/\/gazdasagportal.hu\/index.php\/wp-json\/wp\/v2\/types\/post"}],"author":[{"embeddable":true,"href":"https:\/\/gazdasagportal.hu\/index.php\/wp-json\/wp\/v2\/users\/1"}],"replies":[{"embeddable":true,"href":"https:\/\/gazdasagportal.hu\/index.php\/wp-json\/wp\/v2\/comments?post=34782"}],"version-history":[{"count":1,"href":"https:\/\/gazdasagportal.hu\/index.php\/wp-json\/wp\/v2\/posts\/34782\/revisions"}],"predecessor-version":[{"id":34783,"href":"https:\/\/gazdasagportal.hu\/index.php\/wp-json\/wp\/v2\/posts\/34782\/revisions\/34783"}],"wp:attachment":[{"href":"https:\/\/gazdasagportal.hu\/index.php\/wp-json\/wp\/v2\/media?parent=34782"}],"wp:term":[{"taxonomy":"category","embeddable":true,"href":"https:\/\/gazdasagportal.hu\/index.php\/wp-json\/wp\/v2\/categories?post=34782"},{"taxonomy":"post_tag","embeddable":true,"href":"https:\/\/gazdasagportal.hu\/index.php\/wp-json\/wp\/v2\/tags?post=34782"}],"curies":[{"name":"wp","href":"https:\/\/api.w.org\/{rel}","templated":true}]}}