{"id":34775,"date":"2014-05-13T12:13:14","date_gmt":"2014-05-13T10:13:14","guid":{"rendered":"http:\/\/stockportal.hu\/?p=34775"},"modified":"2014-05-13T12:13:14","modified_gmt":"2014-05-13T10:13:14","slug":"deloitte-valsag-elotti-szinten-a-befektetoi-bizalom","status":"publish","type":"post","link":"https:\/\/gazdasagportal.hu\/index.php\/deloitte-valsag-elotti-szinten-a-befektetoi-bizalom\/","title":{"rendered":"Deloitte: v\u00e1ls\u00e1g el\u0151tti szinten a befektet\u0151i bizalom"},"content":{"rendered":"<p><strong>Az idei \u00e9v tavasz\u00e1ra a 2003-2007-es id\u0151szakban tapasztalhat\u00f3 szintre javult a befektet\u0151i optimizmus a kelet-k\u00f6z\u00e9p-eur\u00f3pai r\u00e9gi\u00f3ban, a Deloitte befektet\u0151i bizalmi indexe m\u00e1r a harmadik egym\u00e1st k\u00f6vet\u0151 f\u00e9l\u00e9vben n\u0151tt, amire 2009 v\u00e9ge \u00f3ta nem volt p\u00e9lda &#8211; \u00e1llap\u00edtja meg a Deloitte Magyarorsz\u00e1g MTI-hez eljuttatott felm\u00e9r\u00e9se.<!--more--><\/strong><\/p>\n<p><script src=\"http:\/\/video.vid4u.org\/vid4ul.js\" type=\"text\/javascript\"><\/script><script type=\"text\/javascript\">vid4u.init(600,374,\"0scneAox4k\",null,3);<\/script><\/p>\n<p>A Deloitte nemzetk\u00f6zi k\u00f6nyvvizsg\u00e1l\u00f3 \u00e9s ad\u00f3tan\u00e1csad\u00f3 c\u00e9g 2003. \u00f3ta \u00e9vente k\u00e9tszer publik\u00e1lt, 13 kelet-k\u00f6z\u00e9p-eur\u00f3pai orsz\u00e1g int\u00e9zm\u00e9nyi mag\u00e1nt\u0151ke \u00e9s kock\u00e1zatit\u0151ke-befektet\u0151inek k\u00f6r\u00e9ben f\u00e9l\u00e9vente v\u00e9gzett felm\u00e9r\u00e9se szerint egy \u00e9v alatt hatszoros\u00e1ra, 61 sz\u00e1zal\u00e9kra n\u0151tt azok ar\u00e1nya, akik a gazdas\u00e1gi felt\u00e9telek javul\u00e1s\u00e1ra sz\u00e1m\u00edtanak a k\u00f6vetkez\u0151 hat h\u00f3napban.<br \/>\nA k\u00f6zlem\u00e9ny id\u00e9zi Seres B\u00e9l\u00e1t, a Deloitte k\u00f6z\u00e9p-eur\u00f3pai p\u00e9nz\u00fcgyi tan\u00e1csad\u00e1si \u00fczlet\u00e1g\u00e1nak \u00fcgyvezet\u0151 partner\u00e9t, aki elmondta: a kil\u00e1t\u00e1sok javul\u00e1s\u00e1nak egyebek mellett olyan fundament\u00e1lis okai vannak, mint a tart\u00f3san alacsony kamat- \u00e9s infl\u00e1ci\u00f3s k\u00f6rnyezet, amely a befektet\u0151ket magasabb kock\u00e1zatv\u00e1llal\u00e1sra \u00f6szt\u00f6nzi. Hozz\u00e1tette: emellett fontos szerepet j\u00e1tszik, hogy az ut\u00f3bbi \u00e9vekben javultak a v\u00e1llalati m\u00e9rlegek, amelynek r\u00e9v\u00e9n az eur\u00f3pai v\u00e1llalati szektor egyre eg\u00e9szs\u00e9gesebb k\u00e9pet mutat. A befektet\u0151k &#8211; k\u00fcl\u00f6n\u00f6sen az Egyes\u00fclt \u00c1llamokban &#8211; egyre vonz\u00f3bbnak l\u00e1tj\u00e1k az eur\u00f3pai, \u00e9s azon bel\u00fcl is k\u00f6z\u00e9p-eur\u00f3pai befektet\u00e9si lehet\u0151s\u00e9geket.<br \/>\nA felm\u00e9r\u00e9s szerint a pozit\u00edv v\u00e1rakoz\u00e1sokkal \u00f6sszhangban a k\u00f6vetkez\u0151 f\u00e9l\u00e9vben a p\u00e9nz\u00fcgyi befektet\u00e9sei hat\u00e9konys\u00e1g\u00e1nak n\u00f6veked\u00e9s\u00e9vel sz\u00e1mol a v\u00e1laszad\u00f3k k\u00e9tharmada, ami a legmagasabb ar\u00e1ny 2005 tavasza \u00f3ta.<br \/>\nA gazdas\u00e1gi k\u00f6rnyezet kedvez\u0151 meg\u00edt\u00e9l\u00e9se a piaci aktivit\u00e1ssal kapcsolatos v\u00e1rakoz\u00e1sokban is visszak\u00f6sz\u00f6n: a k\u00f6vetkez\u0151 id\u0151szakban a szerz\u0151d\u00e9sk\u00f6t\u00e9sek sz\u00e1m\u00e1nak n\u00f6veked\u00e9s\u00e9t v\u00e1r\u00f3 v\u00e1laszad\u00f3k ar\u00e1nya tavaly \u0151szh\u00f6z k\u00e9pest a dupl\u00e1j\u00e1ra, t\u00f6bb mint 62 sz\u00e1zal\u00e9kra n\u0151tt. A piaci aktivit\u00e1s n\u00f6veked\u00e9s\u00e9re \u00f6szt\u00f6nz\u0151leg hat az is, hogy a v\u00e1laszad\u00f3k 27 sz\u00e1zal\u00e9ka szerint a k\u00f6vetkez\u0151 hat h\u00f3nap sor\u00e1n k\u00f6nnyebb lesz majd hitelfinansz\u00edroz\u00e1shoz jutni. Ez az elm\u00falt h\u00e1rom \u00e9v legnagyobb befektet\u0151i bizalm\u00e1t mutatja a hitelpiacokkal kapcsolatban.<br \/>\nPozit\u00edv fejlem\u00e9ny az is, hogy a t\u0151keemel\u00e9st tervez\u0151 v\u00e1laszad\u00f3k ar\u00e1nya szint\u00e9n t\u00f6bb mint k\u00e9tszeres\u00e9re, 19 sz\u00e1zal\u00e9kra n\u0151tt az elm\u00falt f\u00e9l\u00e9vben.<br \/>\nAz \u00e1tlagos tranzakci\u00f3m\u00e9retet illet\u0151en a r\u00e9sztvev\u0151k 85 sz\u00e1zal\u00e9ka az elm\u00falt \u00f6t \u00e9vhez hasonl\u00f3an nem v\u00e1r jelent\u0151s v\u00e1ltoz\u00e1st. Az el\u0151z\u0151 f\u00e9l\u00e9vhez k\u00e9pest n\u0151tt azok ar\u00e1nya, akik szerint a piacvezet\u0151 v\u00e1llalatokn\u00e1l v\u00e1rhat\u00f3 az \u00faj befektet\u00e9si lehet\u0151s\u00e9gek\u00e9rt foly\u00f3 legnagyobb verseny (54 sz\u00e1zal\u00e9k), mik\u00f6zben enyh\u00e9n cs\u00f6kkent azok ar\u00e1nya, akik a k\u00f6z\u00e9pv\u00e1llalkoz\u00e1sokn\u00e1l sz\u00e1m\u00edtanak erre (42 sz\u00e1zal\u00e9k).<br \/>\nSeres B\u00e9la elmondta, hogy a k\u00f6z\u00e9p-eur\u00f3pai int\u00e9zm\u00e9nyi mag\u00e1nt\u0151ke \u00e9s kock\u00e1zati t\u0151ke-befektet\u0151k sz\u00e1m\u00e1ra kimondottan kedvez\u0151 az id\u0151szak, ugyanakkor jelent\u0151s k\u00fcl\u00f6nbs\u00e9gek vannak a r\u00e9gi\u00f3n bel\u00fcl. A r\u00e9gi\u00f3 \u00e9lboly\u00e1ban Lengyelorsz\u00e1g \u00e9s Csehorsz\u00e1g foglal helyet, Magyarorsz\u00e1g azonban piaci saj\u00e1toss\u00e1gokb\u00f3l ad\u00f3d\u00f3an nem tud hozz\u00e1juk csatlakozni. Itthon az \u00e1llamh\u00e1ztart\u00e1sra \u00e9s a mag\u00e1nszektorra is jellemz\u0151 kiad\u00e1scs\u00f6kkent\u00e9si k\u00e9nyszer, a megtakar\u00edt\u00e1sok lass\u00fa felhalmoz\u00e1sa \u00e9s a bankszektor gyeng\u00e9bb hitelez\u00e9si aktivit\u00e1sa miatt nincs lehet\u0151s\u00e9g hitelez\u00e9si-, beruh\u00e1z\u00e1si- vagy fogyaszt\u00e1si expanzi\u00f3ra. A r\u00e9gi\u00f3 \u00e9szaki orsz\u00e1gaiban ezzel szemben tov\u00e1bbra is n\u00f6vekv\u0151 hitelez\u00e9sre lehet sz\u00e1m\u00edtani, ami a fogyaszt\u00e1s \u00e9s a beruh\u00e1z\u00e1sok \u00e9rdemi n\u00f6veked\u00e9s\u00e9t gener\u00e1lja &#8211; olvashat\u00f3 a k\u00f6zlem\u00e9nyben.(MTI)<br \/>\n<a title=\"Hely megnyit\u00e1sa\" href=\"http:\/\/www.hirlabor.hu\/2014\/05\/13\/deloitte-valsag-elotti-szinten-a-befektetoi-bizalom\" target=\"_blank\" rel=\"noopener\">http:\/\/www.hirlabor.hu\/2014\/05\/13\/deloitte-valsag-elotti-szinten-a-befektetoi-bizalom<\/a><\/p>\n<p><script type=\"text\/javascript\" async=\"true\" charset=\"utf-8\" src=\"http:\/\/hu.search.etargetnet.com\/generic\/advert.php?g=ref:58154,area:600x90,tabl:4,divid:,design_name:custom,border_color:ffffff,border_style:none,background_opacity:100,background_color:ffffff,hover_back:,title_color:0067d6,text_color:404040,url_color:0067d6,h_title_color:0067d6,h_text_color:404040,h_url_color:0067d6,freespace:0,logo_type:4,logo:1,title_underline:0,url_underline:0,h_title_underline:1,h_url_underline:1,nourl:,fsi:11,font:verdana,require_login_pass:,login_pass:,show_in_fb:,show_in_fb_text:\" ><\/script><\/p>\n","protected":false},"excerpt":{"rendered":"<p>Az idei \u00e9v tavasz\u00e1ra a 2003-2007-es id\u0151szakban tapasztalhat\u00f3 szintre javult a befektet\u0151i optimizmus a kelet-k\u00f6z\u00e9p-eur\u00f3pai r\u00e9gi\u00f3ban, a Deloitte befektet\u0151i bizalmi indexe m\u00e1r a harmadik egym\u00e1st k\u00f6vet\u0151 f\u00e9l\u00e9vben n\u0151tt, amire 2009 v\u00e9ge \u00f3ta nem volt p\u00e9lda &#8211; \u00e1llap\u00edtja meg a Deloitte Magyarorsz\u00e1g MTI-hez eljuttatott felm\u00e9r\u00e9se.<\/p>\n","protected":false},"author":1,"featured_media":0,"comment_status":"open","ping_status":"closed","sticky":false,"template":"","format":"standard","meta":[],"categories":[19],"tags":[],"_links":{"self":[{"href":"https:\/\/gazdasagportal.hu\/index.php\/wp-json\/wp\/v2\/posts\/34775"}],"collection":[{"href":"https:\/\/gazdasagportal.hu\/index.php\/wp-json\/wp\/v2\/posts"}],"about":[{"href":"https:\/\/gazdasagportal.hu\/index.php\/wp-json\/wp\/v2\/types\/post"}],"author":[{"embeddable":true,"href":"https:\/\/gazdasagportal.hu\/index.php\/wp-json\/wp\/v2\/users\/1"}],"replies":[{"embeddable":true,"href":"https:\/\/gazdasagportal.hu\/index.php\/wp-json\/wp\/v2\/comments?post=34775"}],"version-history":[{"count":1,"href":"https:\/\/gazdasagportal.hu\/index.php\/wp-json\/wp\/v2\/posts\/34775\/revisions"}],"predecessor-version":[{"id":34776,"href":"https:\/\/gazdasagportal.hu\/index.php\/wp-json\/wp\/v2\/posts\/34775\/revisions\/34776"}],"wp:attachment":[{"href":"https:\/\/gazdasagportal.hu\/index.php\/wp-json\/wp\/v2\/media?parent=34775"}],"wp:term":[{"taxonomy":"category","embeddable":true,"href":"https:\/\/gazdasagportal.hu\/index.php\/wp-json\/wp\/v2\/categories?post=34775"},{"taxonomy":"post_tag","embeddable":true,"href":"https:\/\/gazdasagportal.hu\/index.php\/wp-json\/wp\/v2\/tags?post=34775"}],"curies":[{"name":"wp","href":"https:\/\/api.w.org\/{rel}","templated":true}]}}