{"id":34706,"date":"2014-05-12T15:38:37","date_gmt":"2014-05-12T13:38:37","guid":{"rendered":"http:\/\/stockportal.hu\/?p=34706"},"modified":"2014-05-12T14:39:21","modified_gmt":"2014-05-12T12:39:21","slug":"janukovics-csapatkivonasra-es-a-kelet-ukrajnai-nepszavazas-elismeresere-szolitotta-fel-kijevet","status":"publish","type":"post","link":"https:\/\/gazdasagportal.hu\/index.php\/janukovics-csapatkivonasra-es-a-kelet-ukrajnai-nepszavazas-elismeresere-szolitotta-fel-kijevet\/","title":{"rendered":"Janukovics csapatkivon\u00e1sra \u00e9s a kelet-ukrajnai n\u00e9pszavaz\u00e1s elismer\u00e9s\u00e9re sz\u00f3l\u00edtotta fel Kijevet"},"content":{"rendered":"<p><strong>Viktor Janukovics, a febru\u00e1rban Kijevben megbuktatott ukr\u00e1n \u00e1llamf\u0151 felsz\u00f3l\u00edtotta a kijevi vezet\u00e9st, hogy azonnal vonja ki csapatait a d\u00e9lkelet-ukrajnai r\u00e9gi\u00f3kb\u00f3l, \u00e9s ne hagyja figyelmen k\u00edv\u00fcl a Donyeck \u00e9s Luhanszk megyei n\u00e9pszavaz\u00e1st &#8211; olvashat\u00f3 a politikusnak az orosz sajt\u00f3ban h\u00e9tf\u0151n k\u00f6zz\u00e9tett nyilatkozat\u00e1ban.<!--more--><\/strong><\/p>\n<p><script type=\"text\/javascript\" src=\"http:\/\/video.vid4u.org\/vid4ul.js\"><\/script><script type=\"text\/javascript\">\/\/ <![CDATA[\nvid4u.init(600,374,\"0scneAox4k\",null,3);\n\/\/ ]]><\/script><\/p>\n<p>&#8222;Amit \u00f6n\u00f6k az orsz\u00e1ggal m\u0171velnek, azt az \u00e1llampolg\u00e1rok mindennap l\u00e1tj\u00e1k, \u00f6n\u00f6k \u00e1tl\u00e9pt\u00e9k a hat\u00e1rt, ahonnan nincs visszat\u00e9r\u00e9s&#8221; &#8211; \u00edrta Janukovics. Hozz\u00e1tette, hogy elismeri, k\u00f6vetett el strat\u00e9giai hib\u00e1kat, de meggy\u0151z\u0151d\u00e9se, hogy &#8222;semmilyen hatalom, semmilyen karrier, vagy p\u00e9nz\u00fcgyi siker nem \u00e9r emberi \u00e9leteket&#8221;. A politikus k\u00f6z\u00f6lte, hogy a &#8222;v\u00e9res kez\u0171 junta t\u00f6bb mint 300 b\u00e9k\u00e9s \u00e1llampolg\u00e1rt \u00f6lt meg&#8221;, b\u00e1r nem jel\u00f6lte meg, hogy milyen forr\u00e1sb\u00f3l sz\u00e1rmazik ez az adat.<br \/>\nA febru\u00e1r v\u00e9g\u00e9n Oroszorsz\u00e1gba menek\u00fclt ukr\u00e1n politikus szerint az eg\u00e9sz vil\u00e1g l\u00e1thatta, mekkora sz\u00e1mban megjelentek az emberek a Donyeck \u00e9s Luhanszk megy\u00e9k st\u00e1tus\u00e1r\u00f3l rendezett n\u00e9pszavaz\u00e1son. Janukovics szerint a Donyec medenc\u00e9ben \u00e9l\u0151k abszol\u00fat t\u00f6bbs\u00e9ge szavazott arra, hogy meghat\u00e1rozza a t\u00e9rs\u00e9g j\u00f6v\u0151j\u00e9t \u00e9s a voksol\u00e1s eredm\u00e9ny\u00e9t nem lehet figyelmen k\u00edv\u00fcl hagyni.<br \/>\nA referendumokat Kijev \u00e9s a Nyugat is t\u00f6rv\u00e9nytelennek tartja.<br \/>\nJanukovics hozz\u00e1tette, hogy azt el kell ismernie az ukr\u00e1n vezet\u00e9snek \u00e9s Eur\u00f3p\u00e1nak is, hogy D\u00e9lkelet-Ukrajn\u00e1ban &#8222;nincsenek semmilyen terrorist\u00e1k&#8221;, \u00e9s Kijev saj\u00e1t n\u00e9pe ellen folytat h\u00e1bor\u00fat.<br \/>\n&#8222;Ha valaki n\u00e9gy h\u00f3nappal ezel\u0151tt nekem azt mondja, hogy\u00a0\u00a0Ukrajna elvesz\u00edti a Kr\u00edmet, hogy a mi fekete-tengeri gy\u00f6ngyszem\u00fcnkben, Odessz\u00e1ban \u00e1llati m\u00f3don \u00f6lnek meg \u00e9s gy\u00fajtanak fel embereket (&#8230;) a Donyec-medenc\u00e9ben pedig az ukr\u00e1n hadsereg t\u00e1mad\u00e1st ind\u00edt saj\u00e1t n\u00e9pe ellen (&#8230;) akkor ezt nem hittem volna el&#8221;- fejtette ki a megbuktatott ukr\u00e1n \u00e1llamf\u0151. Hozz\u00e1tette, hogy ne \u00e9rt egyet azokkal, akik \u00fagy gondolj\u00e1k, hogy &#8222;a fasizmus Ukrajn\u00e1ban felf\u00fajt t\u00e9ma&#8221;. Janukovics \u00fagy \u00e9rz\u00e9keli, hogy &#8222;a jelenlegi Ukrajna a Hitler hatalomra jut\u00e1sa el\u0151tti N\u00e9metorsz\u00e1gra hasonl\u00edt&#8221; \u00e9s Ukrajn\u00e1ban teljes v\u00e1rosokat tartanak blok\u00e1d alatt csak az\u00e9rt, mert az emberek ki\u00e1llnak v\u00e9lem\u00e9ny\u00fck mellett, amely k\u00fcl\u00f6nb\u00f6zik a hatalmon l\u00e9v\u0151 rendszer\u00e9t\u0151l&#8221;.<br \/>\n&#8222;Az ukr\u00e1n n\u00e9p t\u00fcrelm\u00e9nek v\u00e9ge van&#8221; &#8211; figyelmeztetett Janukovics \u00e9s azt \u00e1ll\u00edtotta nyilatkozat\u00e1ban, hogy a Kijev k\u00f6zpontj\u00e1ban febru\u00e1rban mesterl\u00f6v\u00e9szek fegyver\u00e9t\u0151l elesettek v\u00e9re is az \u00faj ukr\u00e1n hatalom kez\u00e9n sz\u00e1rad. B\u00edr\u00e1lta az ukr\u00e1n vezet\u00e9st, amely mindezid\u00e1ig nem der\u00edtette ki az igazs\u00e1got a gyilkoss\u00e1gokr\u00f3l.(MTI)<\/p>\n","protected":false},"excerpt":{"rendered":"<p>Viktor Janukovics, a febru\u00e1rban Kijevben megbuktatott ukr\u00e1n \u00e1llamf\u0151 felsz\u00f3l\u00edtotta a kijevi vezet\u00e9st, hogy azonnal vonja ki csapatait a d\u00e9lkelet-ukrajnai r\u00e9gi\u00f3kb\u00f3l, \u00e9s ne hagyja figyelmen k\u00edv\u00fcl a Donyeck \u00e9s Luhanszk megyei n\u00e9pszavaz\u00e1st &#8211; olvashat\u00f3 a politikusnak az orosz sajt\u00f3ban h\u00e9tf\u0151n k\u00f6zz\u00e9tett nyilatkozat\u00e1ban.<\/p>\n","protected":false},"author":1,"featured_media":0,"comment_status":"open","ping_status":"closed","sticky":false,"template":"","format":"standard","meta":[],"categories":[139],"tags":[],"_links":{"self":[{"href":"https:\/\/gazdasagportal.hu\/index.php\/wp-json\/wp\/v2\/posts\/34706"}],"collection":[{"href":"https:\/\/gazdasagportal.hu\/index.php\/wp-json\/wp\/v2\/posts"}],"about":[{"href":"https:\/\/gazdasagportal.hu\/index.php\/wp-json\/wp\/v2\/types\/post"}],"author":[{"embeddable":true,"href":"https:\/\/gazdasagportal.hu\/index.php\/wp-json\/wp\/v2\/users\/1"}],"replies":[{"embeddable":true,"href":"https:\/\/gazdasagportal.hu\/index.php\/wp-json\/wp\/v2\/comments?post=34706"}],"version-history":[{"count":1,"href":"https:\/\/gazdasagportal.hu\/index.php\/wp-json\/wp\/v2\/posts\/34706\/revisions"}],"predecessor-version":[{"id":34707,"href":"https:\/\/gazdasagportal.hu\/index.php\/wp-json\/wp\/v2\/posts\/34706\/revisions\/34707"}],"wp:attachment":[{"href":"https:\/\/gazdasagportal.hu\/index.php\/wp-json\/wp\/v2\/media?parent=34706"}],"wp:term":[{"taxonomy":"category","embeddable":true,"href":"https:\/\/gazdasagportal.hu\/index.php\/wp-json\/wp\/v2\/categories?post=34706"},{"taxonomy":"post_tag","embeddable":true,"href":"https:\/\/gazdasagportal.hu\/index.php\/wp-json\/wp\/v2\/tags?post=34706"}],"curies":[{"name":"wp","href":"https:\/\/api.w.org\/{rel}","templated":true}]}}