{"id":34693,"date":"2014-05-12T12:08:28","date_gmt":"2014-05-12T10:08:28","guid":{"rendered":"http:\/\/stockportal.hu\/?p=34693"},"modified":"2014-05-12T12:08:28","modified_gmt":"2014-05-12T10:08:28","slug":"a-kreml-tisztelettel-viszonyul-a-kelet-ukrajnai-lakosok-akaratnyilvanitasahoz","status":"publish","type":"post","link":"https:\/\/gazdasagportal.hu\/index.php\/a-kreml-tisztelettel-viszonyul-a-kelet-ukrajnai-lakosok-akaratnyilvanitasahoz\/","title":{"rendered":"A Kreml tisztelettel viszonyul a kelet-ukrajnai lakosok akaratnyilv\u00e1n\u00edt\u00e1s\u00e1hoz"},"content":{"rendered":"<p><strong>Oroszorsz\u00e1g tisztelettel viszonyul a kelet-ukrajnai Donyeck \u00e9s Luhanszk megye lakosainak akaratnyilv\u00e1n\u00edt\u00e1s\u00e1hoz, \u00e9s arra sz\u00e1m\u00edt, hogy ezut\u00e1n civiliz\u00e1lt p\u00e1rbesz\u00e9d kezd\u0151dik a kijevi hat\u00f3s\u00e1g k\u00e9pvisel\u0151ivel &#8211; k\u00f6z\u00f6lte h\u00e9tf\u0151n a Kreml sajt\u00f3szolg\u00e1lata, a k\u00e9t megy\u00e9ben el\u0151z\u0151 nap megtartott &#8222;n\u00e9pszavaz\u00e1s&#8221; eredm\u00e9ny\u00e9re reag\u00e1lva.<!--more--><\/strong><\/p>\n<p><script src=\"http:\/\/video.vid4u.org\/vid4ul.js\" type=\"text\/javascript\"><\/script><script type=\"text\/javascript\">vid4u.init(600,374,\"0scneAox4k\",null,3);<\/script><\/p>\n<p>Az orosz eln\u00f6ki hivatal k\u00f6zlem\u00e9ny\u00e9ben kiemelte a voksol\u00e1son megjelentek nagy sz\u00e1m\u00e1t. &#8222;Oroszorsz\u00e1gban figyelmesen k\u00f6vett\u00e9k a referendum el\u0151k\u00e9sz\u00fcleteit \u00e9s azok lebonyol\u00edt\u00e1s\u00e1t Donyeck \u00e9s Luhanszk megy\u00e9kben. Megjegyezz\u00fck a lakoss\u00e1g magas r\u00e9szv\u00e9teli ar\u00e1ny\u00e1t a szavaz\u00e1s meghi\u00fas\u00edt\u00e1s\u00e1ra tett pr\u00f3b\u00e1lkoz\u00e1sok ellen\u00e9re&#8221; &#8211; \u00edrt\u00e1k a Kremlben.<br \/>\nMoszkva egy\u00fattal el\u00edt\u00e9lte azt, hogy (a kijevi hat\u00f3s\u00e1gok) er\u0151t alkalmaztak Kelet-Ukrajn\u00e1ban a referendumok megakad\u00e1lyoz\u00e1sa \u00e9rdek\u00e9ben, a &#8222;neh\u00e9zfegyverek alkalmaz\u00e1s\u00e1t a b\u00e9k\u00e9s \u00e1llampolg\u00e1rokkal szemben, amely \u00e1ldozatokat k\u00f6vetelt&#8221;.<br \/>\nAz orosz eln\u00f6ki hivatal k\u00f6zlem\u00e9ny\u00e9ben kiemelt\u00e9k, hogy Moszkva \u00fcdv\u00f6z\u00f6l mindenfajta k\u00f6zvet\u00edt\u00e9st, bele\u00e9rtve az Eur\u00f3pai Biztons\u00e1gi \u00e9s Egy\u00fcttm\u0171k\u00f6d\u00e9si Szervezet\u00e9t (EBESZ) is, hogy l\u00e9trej\u00f6jj\u00f6n egy ilyen dial\u00f3gus.<br \/>\nId\u0151k\u00f6zben Szergej Lavrov orosz k\u00fcl\u00fcgyminiszter kijelentette, hogy nincs t\u00e1vlata az ukr\u00e1n v\u00e1ls\u00e1g rendez\u00e9s\u00e9t szolg\u00e1l\u00f3 n\u00e9gyoldal\u00fa t\u00e1rgyal\u00e1soknak. Az orosz diplom\u00e1cia vezet\u0151je ugandai koll\u00e9g\u00e1j\u00e1val folytatott moszkvai t\u00e1rgyal\u00e1sait k\u00f6vet\u0151en nyilatkozott.<br \/>\nLavrov ugyanakkor azt hangoztatta, hogy az EBESZ soros eln\u00f6k\u00e9nek javaslatai alapj\u00e1n kell megteremteni az ukr\u00e1n nemzeti p\u00e1rbesz\u00e9det. Hozz\u00e1tette, nem biztos abban, hogy ez hamarosan siker\u00fclhet.<br \/>\nDidier Burkhalter sv\u00e1jci k\u00fcl\u00fcgyminiszter, az EBESZ soros eln\u00f6ke a m\u00falt szerd\u00e1n Vlagyimir Putyin orosz eln\u00f6kkel t\u00e1rgyalt \u00e9s bejelentette, hogy javaslatokat dolgoztak ki az ukr\u00e1n v\u00e1ls\u00e1g rendez\u00e9si menetrendj\u00e9re. Ezek a fegyversz\u00fcnetre, a fesz\u00fclts\u00e9g tov\u00e1bbterjed\u00e9s\u00e9nek megakad\u00e1lyoz\u00e1s\u00e1ra, a p\u00e1rbesz\u00e9d megteremt\u00e9s\u00e9re \u00e9s a v\u00e1laszt\u00e1sok megtart\u00e1s\u00e1ra vonatkoznak.<br \/>\nA javaslatokat az EBESZ a m\u00falt h\u00e9ten \u00e1tadta az \u00e1prilis 17-\u00e9n tartott genfi t\u00e1rgyal\u00e1s r\u00e9sztvev\u0151inek: Ukrajn\u00e1nak, Oroszorsz\u00e1gnak, az Egyes\u00fclt \u00c1llamoknak \u00e9s az Eur\u00f3pai Uni\u00f3nak.(MTI)<\/p>\n","protected":false},"excerpt":{"rendered":"<p>Oroszorsz\u00e1g tisztelettel viszonyul a kelet-ukrajnai Donyeck \u00e9s Luhanszk megye lakosainak akaratnyilv\u00e1n\u00edt\u00e1s\u00e1hoz, \u00e9s arra sz\u00e1m\u00edt, hogy ezut\u00e1n civiliz\u00e1lt p\u00e1rbesz\u00e9d kezd\u0151dik a kijevi hat\u00f3s\u00e1g k\u00e9pvisel\u0151ivel &#8211; k\u00f6z\u00f6lte h\u00e9tf\u0151n a Kreml sajt\u00f3szolg\u00e1lata, a k\u00e9t megy\u00e9ben el\u0151z\u0151 nap megtartott &#8222;n\u00e9pszavaz\u00e1s&#8221; eredm\u00e9ny\u00e9re reag\u00e1lva.<\/p>\n","protected":false},"author":1,"featured_media":0,"comment_status":"open","ping_status":"closed","sticky":false,"template":"","format":"standard","meta":[],"categories":[139],"tags":[],"_links":{"self":[{"href":"https:\/\/gazdasagportal.hu\/index.php\/wp-json\/wp\/v2\/posts\/34693"}],"collection":[{"href":"https:\/\/gazdasagportal.hu\/index.php\/wp-json\/wp\/v2\/posts"}],"about":[{"href":"https:\/\/gazdasagportal.hu\/index.php\/wp-json\/wp\/v2\/types\/post"}],"author":[{"embeddable":true,"href":"https:\/\/gazdasagportal.hu\/index.php\/wp-json\/wp\/v2\/users\/1"}],"replies":[{"embeddable":true,"href":"https:\/\/gazdasagportal.hu\/index.php\/wp-json\/wp\/v2\/comments?post=34693"}],"version-history":[{"count":1,"href":"https:\/\/gazdasagportal.hu\/index.php\/wp-json\/wp\/v2\/posts\/34693\/revisions"}],"predecessor-version":[{"id":34694,"href":"https:\/\/gazdasagportal.hu\/index.php\/wp-json\/wp\/v2\/posts\/34693\/revisions\/34694"}],"wp:attachment":[{"href":"https:\/\/gazdasagportal.hu\/index.php\/wp-json\/wp\/v2\/media?parent=34693"}],"wp:term":[{"taxonomy":"category","embeddable":true,"href":"https:\/\/gazdasagportal.hu\/index.php\/wp-json\/wp\/v2\/categories?post=34693"},{"taxonomy":"post_tag","embeddable":true,"href":"https:\/\/gazdasagportal.hu\/index.php\/wp-json\/wp\/v2\/tags?post=34693"}],"curies":[{"name":"wp","href":"https:\/\/api.w.org\/{rel}","templated":true}]}}