{"id":34691,"date":"2014-05-12T11:05:35","date_gmt":"2014-05-12T09:05:35","guid":{"rendered":"http:\/\/stockportal.hu\/?p=34691"},"modified":"2014-05-12T11:05:35","modified_gmt":"2014-05-12T09:05:35","slug":"ez-varhato-a-hazai-gazdasagpolitikaban","status":"publish","type":"post","link":"https:\/\/gazdasagportal.hu\/index.php\/ez-varhato-a-hazai-gazdasagpolitikaban\/","title":{"rendered":"Ez v\u00e1rhat\u00f3 a hazai gazdas\u00e1gpolitik\u00e1ban"},"content":{"rendered":"<p><strong>Az ad\u00f3rezsim nagy \u00e1talak\u00edt\u00e1sa megt\u00f6rt\u00e9nt ez el\u0151z\u0151 ciklusban nem sz\u00e1m\u00edthatunk jelent\u0151s ad\u00f3v\u00e1ltoztat\u00e1sra a j\u00f6v\u0151ben. A gazdas\u00e1gpolitika f\u0151 ir\u00e1nyvonala az alacsony kamat \u00e9s a gyeng\u00fcl\u0151 forint, ami a hitelez\u00e9st \u00f6szt\u00f6nzi, \u00e9s a kis- \u00e9s k\u00f6z\u00e9pv\u00e1llalatok helyzetbe hoz\u00e1s\u00e1t igyekszik el\u00e9rni.<!--more--><\/strong><\/p>\n<p><object width=\"512\" height=\"288\" data=\"http:\/\/gazdasagtv.hu\/embed\/?id=7035\" type=\"application\/x-shockwave-flash\"><param value=\"http:\/\/gazdasagtv.hu\/embed\/?id=7035\" name=\"data\"><param value=\"http:\/\/gazdasagtv.hu\/embed\/?id=7035\" name=\"src\"><param value=\"false\" name=\"menu\"><param value=\"high\" name=\"quality\"><param value=\"#000000\" name=\"bgcolor\"><param value=\"transparent\" name=\"wmode\"><param value=\"file=http:\/\/5.159.232.236\/video\/2014-05-08\/gtv-sztorik-raiffeisen-gazdasagpolitika-hd.mp4&#038;image=http:\/\/5.159.232.236\/videoimage\/gen\/2014-05-09\/7035.jpg&#038;showdigits=true&#038;autostart=false&#038;repeat=false&#038;dock=true&#038;controlbar=over&#038;plugins=http:\/\/plugins.longtailvideo.com\/yourlytics-1.swf,timeslidertooltipplugin-2&#038;skin=http:\/\/gazdasagtv.hu\/swf\/skin.zip\" name=\"flashvars\"><\/object><br \/>Forr\u00e1s: <a href=\"http:\/\/gazdasagtv.hu\" style=\"color: #df1100; font-weight: bold; text-decoration: none;\" target=\"_blank\" rel=\"noopener\">Gazdas\u00e1gTV.hu<\/a><\/p>\n","protected":false},"excerpt":{"rendered":"<p>Az ad\u00f3rezsim nagy \u00e1talak\u00edt\u00e1sa megt\u00f6rt\u00e9nt ez el\u0151z\u0151 ciklusban nem sz\u00e1m\u00edthatunk jelent\u0151s ad\u00f3v\u00e1ltoztat\u00e1sra a j\u00f6v\u0151ben. A gazdas\u00e1gpolitika f\u0151 ir\u00e1nyvonala az alacsony kamat \u00e9s a gyeng\u00fcl\u0151 forint, ami a hitelez\u00e9st \u00f6szt\u00f6nzi, \u00e9s a kis- \u00e9s k\u00f6z\u00e9pv\u00e1llalatok helyzetbe hoz\u00e1s\u00e1t igyekszik el\u00e9rni.<\/p>\n","protected":false},"author":1,"featured_media":0,"comment_status":"open","ping_status":"closed","sticky":false,"template":"","format":"standard","meta":[],"categories":[19],"tags":[],"_links":{"self":[{"href":"https:\/\/gazdasagportal.hu\/index.php\/wp-json\/wp\/v2\/posts\/34691"}],"collection":[{"href":"https:\/\/gazdasagportal.hu\/index.php\/wp-json\/wp\/v2\/posts"}],"about":[{"href":"https:\/\/gazdasagportal.hu\/index.php\/wp-json\/wp\/v2\/types\/post"}],"author":[{"embeddable":true,"href":"https:\/\/gazdasagportal.hu\/index.php\/wp-json\/wp\/v2\/users\/1"}],"replies":[{"embeddable":true,"href":"https:\/\/gazdasagportal.hu\/index.php\/wp-json\/wp\/v2\/comments?post=34691"}],"version-history":[{"count":1,"href":"https:\/\/gazdasagportal.hu\/index.php\/wp-json\/wp\/v2\/posts\/34691\/revisions"}],"predecessor-version":[{"id":34692,"href":"https:\/\/gazdasagportal.hu\/index.php\/wp-json\/wp\/v2\/posts\/34691\/revisions\/34692"}],"wp:attachment":[{"href":"https:\/\/gazdasagportal.hu\/index.php\/wp-json\/wp\/v2\/media?parent=34691"}],"wp:term":[{"taxonomy":"category","embeddable":true,"href":"https:\/\/gazdasagportal.hu\/index.php\/wp-json\/wp\/v2\/categories?post=34691"},{"taxonomy":"post_tag","embeddable":true,"href":"https:\/\/gazdasagportal.hu\/index.php\/wp-json\/wp\/v2\/tags?post=34691"}],"curies":[{"name":"wp","href":"https:\/\/api.w.org\/{rel}","templated":true}]}}