{"id":34683,"date":"2014-05-12T09:49:50","date_gmt":"2014-05-12T07:49:50","guid":{"rendered":"http:\/\/stockportal.hu\/?p=34683"},"modified":"2014-05-12T09:51:11","modified_gmt":"2014-05-12T07:51:11","slug":"luhanszkban-a-szavazok-94-98-szazaleka-tamogatta-a-fuggetlenseget","status":"publish","type":"post","link":"https:\/\/gazdasagportal.hu\/index.php\/luhanszkban-a-szavazok-94-98-szazaleka-tamogatta-a-fuggetlenseget\/","title":{"rendered":"Luhanszkban a szavaz\u00f3k 94-98 sz\u00e1zal\u00e9ka t\u00e1mogatta a f\u00fcggetlens\u00e9get"},"content":{"rendered":"<p><strong>A szavaz\u00f3k 94-98 sz\u00e1zal\u00e9ka a kelet-ukrajnai Luhanszk megye f\u00fcggetlens\u00e9ge mellett d\u00f6nt\u00f6tt \u2013 k\u00f6z\u00f6lte a szakad\u00e1rok \u00e1ltal egyoldal\u00faan kiki\u00e1ltott &#8222;luhanszki n\u00e9pk\u00f6zt\u00e1rsas\u00e1g&#8221; v\u00e1laszt\u00e1si bizotts\u00e1g\u00e1nak eln\u00f6ke az Unian h\u00edr\u00fcgyn\u00f6ks\u00e9g h\u00e9tf\u0151i jelent\u00e9se szerint.<!--more--><\/strong><\/p>\n<p><script type=\"text\/javascript\" src=\"http:\/\/video.vid4u.org\/vid4ul.js\"><\/script><script type=\"text\/javascript\">\/\/ <![CDATA[\nvid4u.init(600,374,\"0scneAox4k\",null,3);\n\/\/ ]]><\/script><\/p>\n<p>Olekszandr Malihin azt mondta, hogy h\u00e9tf\u0151 reggelig 28 v\u00e1laszt\u00f3 ker\u00fcleti szavaz\u00f3bizotts\u00e1gban dolgozt\u00e1k fel a vas\u00e1rnapi n\u00e9pszavaz\u00e1s voksait. Hozz\u00e1tette, hogy v\u00e1rj\u00e1k m\u00e9g a szavazatokat azokr\u00f3l ter\u00fcletekr\u0151l, ahol a kijevi vezet\u00e9s \u00e1ltal fel\u00e1ll\u00edtott Nemzeti G\u00e1rda tev\u00e9kenys\u00e9ge nehez\u00edtette a szavaz\u00e1st.<br \/>\nAz el\u0151zetes adatok szerint a szavaz\u00f3k 94-98 sz\u00e1zal\u00e9ka t\u00e1mogatja a megye f\u00fcggetlenn\u00e9 v\u00e1l\u00e1s\u00e1t, s a r\u00e9szv\u00e9teli ar\u00e1ny 81 sz\u00e1zal\u00e9kos volt &#8211; mondta.<br \/>\nMalihin k\u00f6z\u00f6lte: helyi id\u0151 szerint d\u00e9lre (13 \u00f3ra) v\u00e1rj\u00e1k a pontosabb adatokat, illetve a Moszkv\u00e1ban lak\u00f3 luhanszkiak szavaz\u00e1s\u00e1nak \u00f6sszes\u00edt\u00e9s\u00e9t, amit szint\u00e9n besz\u00e1m\u00edtanak majd a v\u00e9geredm\u00e9nybe.<br \/>\nRoman Ljahin, a szakad\u00e1rok \u00e1ltal donyecki n\u00e9pk\u00f6zt\u00e1rsas\u00e1gnak kiki\u00e1ltott Donyeck megye v\u00e1laszt\u00e1si bizotts\u00e1g\u00e1nak eln\u00f6ke vas\u00e1rnap este\u00a0\u00a0az el\u0151zetes eredm\u00e9nyeket ismertet\u0151 sajt\u00f3t\u00e1j\u00e9koztat\u00f3j\u00e1n azt k\u00f6z\u00f6lte, hogy a v\u00e1laszt\u00f3polg\u00e1rok 89,07 sz\u00e1zal\u00e9ka adta voks\u00e1t a ter\u00fclet f\u00fcggetlens\u00e9g\u00e9re, m\u00edg 10,19 sz\u00e1zal\u00e9kuk ellene szavazott. Ljahin szerint a r\u00e9szv\u00e9teli ar\u00e1ny n\u00e1luk 74,87 sz\u00e1zal\u00e9kos volt. V\u00e9gleges eredm\u00e9nyeket h\u00e9tf\u0151re \u00edg\u00e9rt.<br \/>\nA kijevi vezet\u00e9s \u00e9s t\u00f6bb k\u00fclf\u00f6ldi orsz\u00e1g k\u00f6z\u00f6lte, nem ismeri el a kelet-ukrajnai \u00fagynevezett n\u00e9pszavaz\u00e1sok eredm\u00e9ny\u00e9t.<br \/>\n<a title=\"Hely megnyit\u00e1sa\" href=\"http:\/\/www.unian.net\/politics\/916775-tsik-terroristov-v-luganskoy-oblasti-94-98-izbirateley-progolosovali-za-nezavisimost.html\" target=\"_blank\" rel=\"noopener\">http:\/\/www.unian.net\/politics\/916775-tsik-terroristov-v-luganskoy-oblasti-94-98-izbirateley-progolosovali-za-nezavisimost.html<\/a><\/p>\n","protected":false},"excerpt":{"rendered":"<p>A szavaz\u00f3k 94-98 sz\u00e1zal\u00e9ka a kelet-ukrajnai Luhanszk megye f\u00fcggetlens\u00e9ge mellett d\u00f6nt\u00f6tt \u2013 k\u00f6z\u00f6lte a szakad\u00e1rok \u00e1ltal egyoldal\u00faan kiki\u00e1ltott &#8222;luhanszki n\u00e9pk\u00f6zt\u00e1rsas\u00e1g&#8221; v\u00e1laszt\u00e1si bizotts\u00e1g\u00e1nak eln\u00f6ke az Unian h\u00edr\u00fcgyn\u00f6ks\u00e9g h\u00e9tf\u0151i jelent\u00e9se szerint.<\/p>\n","protected":false},"author":1,"featured_media":0,"comment_status":"open","ping_status":"closed","sticky":false,"template":"","format":"standard","meta":[],"categories":[139],"tags":[],"_links":{"self":[{"href":"https:\/\/gazdasagportal.hu\/index.php\/wp-json\/wp\/v2\/posts\/34683"}],"collection":[{"href":"https:\/\/gazdasagportal.hu\/index.php\/wp-json\/wp\/v2\/posts"}],"about":[{"href":"https:\/\/gazdasagportal.hu\/index.php\/wp-json\/wp\/v2\/types\/post"}],"author":[{"embeddable":true,"href":"https:\/\/gazdasagportal.hu\/index.php\/wp-json\/wp\/v2\/users\/1"}],"replies":[{"embeddable":true,"href":"https:\/\/gazdasagportal.hu\/index.php\/wp-json\/wp\/v2\/comments?post=34683"}],"version-history":[{"count":2,"href":"https:\/\/gazdasagportal.hu\/index.php\/wp-json\/wp\/v2\/posts\/34683\/revisions"}],"predecessor-version":[{"id":34685,"href":"https:\/\/gazdasagportal.hu\/index.php\/wp-json\/wp\/v2\/posts\/34683\/revisions\/34685"}],"wp:attachment":[{"href":"https:\/\/gazdasagportal.hu\/index.php\/wp-json\/wp\/v2\/media?parent=34683"}],"wp:term":[{"taxonomy":"category","embeddable":true,"href":"https:\/\/gazdasagportal.hu\/index.php\/wp-json\/wp\/v2\/categories?post=34683"},{"taxonomy":"post_tag","embeddable":true,"href":"https:\/\/gazdasagportal.hu\/index.php\/wp-json\/wp\/v2\/tags?post=34683"}],"curies":[{"name":"wp","href":"https:\/\/api.w.org\/{rel}","templated":true}]}}