{"id":34662,"date":"2014-05-11T18:15:28","date_gmt":"2014-05-11T16:15:28","guid":{"rendered":"http:\/\/stockportal.hu\/?p=34662"},"modified":"2014-05-11T11:36:50","modified_gmt":"2014-05-11T09:36:50","slug":"paksi-eromu-javor-a-kormany-fuggessze-fel-targyalasait-oroszorszaggal","status":"publish","type":"post","link":"https:\/\/gazdasagportal.hu\/index.php\/paksi-eromu-javor-a-kormany-fuggessze-fel-targyalasait-oroszorszaggal\/","title":{"rendered":"Paksi er\u0151m\u0171 &#8211; J\u00e1vor: a korm\u00e1ny f\u00fcggessze fel t\u00e1rgyal\u00e1sait Oroszorsz\u00e1ggal!"},"content":{"rendered":"<p><strong>Az Oroszorsz\u00e1ggal folytatott t\u00e1rgyal\u00e1sok \u00e9s tov\u00e1bbi egy\u00fcttm\u0171k\u00f6d\u00e9s azonnali hat\u00e1ly\u00fa felf\u00fcggeszt\u00e9s\u00e9re sz\u00f3l\u00edtotta fel a korm\u00e1nyt vas\u00e1rnap J\u00e1vor Benedek, az Egy\u00fctt-PM sz\u00f6vets\u00e9g t\u00e1rseln\u00f6ke.<!--more--><\/strong><\/p>\n<p>A politikus az MTI-hez eljuttatott k\u00f6zlem\u00e9ny\u00e9ben eml\u00e9keztetett: Dmitrij Medvegyev orosz korm\u00e1nyf\u0151 &#8211; mint az a szombaton k\u00f6zz\u00e9tett rendelkez\u00e9s\u00e9b\u0151l kider\u00fclt &#8211; utas\u00edt\u00e1st adott az illet\u00e9kes hat\u00f3s\u00e1goknak, hogy kezdj\u00e9k meg a t\u00e1rgyal\u00e1sokat Magyarorsz\u00e1ggal a nukle\u00e1ris \u00e9s sug\u00e1rbiztons\u00e1gi egyezm\u00e9nyr\u0151l.<br \/>\nJ\u00e1vor Benedek reag\u00e1l\u00e1s\u00e1ban kifog\u00e1solta, hogy a paksi atomer\u0151m\u0171 b\u0151v\u00edt\u00e9s\u00e9t el\u0151k\u00e9sz\u00edt\u0151 \u00fajabb meg\u00e1llapod\u00e1si tervekr\u0151l &#8222;ism\u00e9telten csup\u00e1n az orosz korm\u00e1ny honlapj\u00e1r\u00f3l lehet tudom\u00e1st szerezni&#8221;.<br \/>\nAz Egy\u00fctt-PM elfogadhatatlannak tartja, hogy Orb\u00e1n Viktor minisztereln\u00f6k &#8222;viharos temp\u00f3ban k\u00f6telezi el mag\u00e1t az Ukrajn\u00e1ban \u00e9ppen a nemzetk\u00f6zi joggal ellent\u00e9tes katonai beavatkoz\u00e1st folytat\u00f3 Oroszorsz\u00e1g mellett&#8221;, mik\u00f6zben a magyar polg\u00e1rok elemi t\u00e1j\u00e9koztat\u00e1st sem kapnak saj\u00e1t korm\u00e1nyukt\u00f3l &#8211; k\u00f6z\u00f6lte a sz\u00f6vets\u00e9g t\u00e1rseln\u00f6ke.<br \/>\nA politikus felsz\u00f3l\u00edtotta a kabinetet, hogy azonnali hat\u00e1llyal f\u00fcggesszen fel minden t\u00e1rgyal\u00e1st \u00e9s tov\u00e1bbi egy\u00fcttm\u0171k\u00f6d\u00e9st a katonai agresszi\u00f3t v\u00e9grehajt\u00f3 Oroszorsz\u00e1ggal, fejezze be Magyarorsz\u00e1g &#8222;g\u00e1tl\u00e1stalan kiszolg\u00e1ltat\u00e1s\u00e1t&#8221; Vlagyimir Putyin orosz eln\u00f6knek, \u00e9s minden eddigi l\u00e9p\u00e9s\u00e9r\u0151l marad\u00e9ktalanul, a megk\u00f6t\u00f6tt, illetve megk\u00f6tni sz\u00e1nd\u00e9kozott meg\u00e1llapod\u00e1sok hiteles magyar sz\u00f6veg\u00e9nek nyilv\u00e1noss\u00e1gra hozatal\u00e1val sz\u00e1moljon el a magyar v\u00e1laszt\u00f3k el\u0151tt.(MTI)<\/p>\n","protected":false},"excerpt":{"rendered":"<p>Az Oroszorsz\u00e1ggal folytatott t\u00e1rgyal\u00e1sok \u00e9s tov\u00e1bbi egy\u00fcttm\u0171k\u00f6d\u00e9s azonnali hat\u00e1ly\u00fa felf\u00fcggeszt\u00e9s\u00e9re sz\u00f3l\u00edtotta fel a korm\u00e1nyt vas\u00e1rnap J\u00e1vor Benedek, az Egy\u00fctt-PM sz\u00f6vets\u00e9g t\u00e1rseln\u00f6ke.<\/p>\n","protected":false},"author":1,"featured_media":0,"comment_status":"open","ping_status":"closed","sticky":false,"template":"","format":"standard","meta":[],"categories":[18],"tags":[],"_links":{"self":[{"href":"https:\/\/gazdasagportal.hu\/index.php\/wp-json\/wp\/v2\/posts\/34662"}],"collection":[{"href":"https:\/\/gazdasagportal.hu\/index.php\/wp-json\/wp\/v2\/posts"}],"about":[{"href":"https:\/\/gazdasagportal.hu\/index.php\/wp-json\/wp\/v2\/types\/post"}],"author":[{"embeddable":true,"href":"https:\/\/gazdasagportal.hu\/index.php\/wp-json\/wp\/v2\/users\/1"}],"replies":[{"embeddable":true,"href":"https:\/\/gazdasagportal.hu\/index.php\/wp-json\/wp\/v2\/comments?post=34662"}],"version-history":[{"count":1,"href":"https:\/\/gazdasagportal.hu\/index.php\/wp-json\/wp\/v2\/posts\/34662\/revisions"}],"predecessor-version":[{"id":34663,"href":"https:\/\/gazdasagportal.hu\/index.php\/wp-json\/wp\/v2\/posts\/34662\/revisions\/34663"}],"wp:attachment":[{"href":"https:\/\/gazdasagportal.hu\/index.php\/wp-json\/wp\/v2\/media?parent=34662"}],"wp:term":[{"taxonomy":"category","embeddable":true,"href":"https:\/\/gazdasagportal.hu\/index.php\/wp-json\/wp\/v2\/categories?post=34662"},{"taxonomy":"post_tag","embeddable":true,"href":"https:\/\/gazdasagportal.hu\/index.php\/wp-json\/wp\/v2\/tags?post=34662"}],"curies":[{"name":"wp","href":"https:\/\/api.w.org\/{rel}","templated":true}]}}