{"id":34334,"date":"2014-05-06T18:33:04","date_gmt":"2014-05-06T16:33:04","guid":{"rendered":"http:\/\/stockportal.hu\/?p=34334"},"modified":"2014-05-06T15:59:07","modified_gmt":"2014-05-06T13:59:07","slug":"eu-forrasokkal-novelne-a-felsooktatas-versenykepesseget-magyarorszag","status":"publish","type":"post","link":"https:\/\/gazdasagportal.hu\/index.php\/eu-forrasokkal-novelne-a-felsooktatas-versenykepesseget-magyarorszag\/","title":{"rendered":"EU-forr\u00e1sokkal n\u00f6veln\u00e9 a fels\u0151oktat\u00e1s versenyk\u00e9pess\u00e9g\u00e9t Magyarorsz\u00e1g"},"content":{"rendered":"<p><strong>Az id\u00e9n indul\u00f3 uni\u00f3s k\u00f6lts\u00e9gvet\u00e9si ciklusban t\u00f6bb mint sz\u00e1zmilli\u00e1rd forint jut a hazai fels\u0151oktat\u00e1s versenyk\u00e9pess\u00e9g\u00e9nek n\u00f6vel\u00e9s\u00e9re &#8211; mondta az Emberi Er\u0151forr\u00e1sok Miniszt\u00e9rium\u00e1nak (Emmi) EU-fejleszt\u00e9si \u00e9s strat\u00e9giai helyettes \u00e1llamtitk\u00e1ra kedden P\u00e9csen.<!--more--><\/strong><\/p>\n<p><script src=\"http:\/\/video.vid4u.org\/vid4ul.js\" type=\"text\/javascript\"><\/script><script type=\"text\/javascript\">vid4u.init(600,374,\"0scneAox4k\",null,3);<\/script><\/p>\n<p>K\u00f6peczi-B\u00f3cz Tam\u00e1s a Tempus K\u00f6zalap\u00edtv\u00e1ny \u00e9s a Magyar Rektori Konferencia \u00e1ltal szervezett, Nemzeti fels\u0151oktat\u00e1si kiv\u00e1l\u00f3s\u00e1g c\u00edm\u0171 konferenci\u00e1n k\u00f6z\u00f6lte, az Emberi Er\u0151forr\u00e1s Fejleszt\u00e9si Operat\u00edv Program (EFOP) keret\u00e9ben a t\u00f6bbi k\u00f6z\u00f6tt infrastruktur\u00e1lis fejleszt\u00e9sekre \u00e9s a fels\u0151oktat\u00e1s szerkezet\u00e1talak\u00edt\u00e1s\u00e1t c\u00e9lz\u00f3 int\u00e9zked\u00e9sekre \u00f6sszesen 120-130 milli\u00e1rd forintot ford\u00edthat 2020-ig Magyarorsz\u00e1g.<br \/>\nAz indokokr\u00f3l sz\u00f3lva megjegyezte: egyre nagyobb a verseny Eur\u00f3p\u00e1ban \u00e9s a vil\u00e1gban a fels\u0151oktat\u00e1sban, ami haz\u00e1nkat is arra k\u00e9szteti, hogy p\u00e1ly\u00e1zatokkal \u00f6szt\u00f6n\u00f6zze az \u00e1gazat fejleszt\u00e9seit.<br \/>\nA helyettes \u00e1llamtitk\u00e1r azt mondta, a vil\u00e1g fels\u0151oktat\u00e1si int\u00e9zm\u00e9nyeinek rangsor\u00e1ban Magyarorsz\u00e1g legnagyobb egyetemei k\u00f6z\u00fcl jelenleg n\u00e9gy van az 500. \u00e9s a 700. hely k\u00f6z\u00f6tt, a fejleszt\u00e9seket szolg\u00e1l\u00f3 int\u00e9zked\u00e9seknek k\u00f6sz\u00f6nhet\u0151en viszont azt t\u0171zt\u00e9k ki c\u00e9lul, hogy t\u00f6bb is beker\u00fclj\u00f6n a vil\u00e1g 200 legjobb fels\u0151oktat\u00e1si int\u00e9zm\u00e9nye k\u00f6z\u00e9. \u00a0\u00a0\u00a0\u00a0K\u00f6z\u00f6lte, ehhez a t\u00f6bbi k\u00f6z\u00f6tt olyan szerkezet\u00e1talak\u00edt\u00e1sokra van sz\u00fcks\u00e9g, amelyekkel n\u00f6velhet\u0151 a term\u00e9szettudom\u00e1nyi, m\u00e9rn\u00f6ki, informatikai k\u00e9pz\u00e9sben r\u00e9szt vev\u0151k, az idegen nyelvet, nyelveket kit\u0171n\u0151en besz\u00e9l\u0151 diplom\u00e1sok ar\u00e1nya, a re\u00e1lgazdas\u00e1gban elhelyezkedni k\u00e9pes kutat\u00f3k sz\u00e1ma.<br \/>\nK\u00f6peczi-B\u00f3cz Tam\u00e1s elmondta, ez \u00e9v m\u00e1sodik fel\u00e9ben, v\u00e1rhat\u00f3an augusztus v\u00e9g\u00e9n, szeptember elej\u00e9n jelenhetnek meg az els\u0151 olyan p\u00e1ly\u00e1zatok, amelyek szolg\u00e1lhatj\u00e1k a korm\u00e1nyzat c\u00e9lkit\u0171z\u00e9seit.<br \/>\nKardon B\u00e9la, az Emmi f\u0151oszt\u00e1lyvezet\u0151je a konferenci\u00e1n azt hangoztatta, hogy a megfelel\u0151 hum\u00e1n er\u0151forr\u00e1s seg\u00edts\u00e9g\u00e9vel lend\u00edthet\u0151 fel a legink\u00e1bb a gazdas\u00e1g, ez\u00e9rt Magyarorsz\u00e1gnak t\u00f6rekednie kell arra, hogy magasabb legyen a fels\u0151oktat\u00e1sban v\u00e9gzettek ar\u00e1nya, ezzel egy\u00fctt pedig tov\u00e1bb n\u00f6vekedjen az oktat\u00e1s sz\u00ednvonala. Az uni\u00f3s forr\u00e1sokkal \u00e9s a hazai \u00e1llami t\u00e1mogat\u00e1sokkal mindezeket a c\u00e9lkit\u0171z\u00e9seket szeretn\u00e9k el\u00e9rni &#8211; tette hozz\u00e1.(MTI)<\/p>\n","protected":false},"excerpt":{"rendered":"<p>Az id\u00e9n indul\u00f3 uni\u00f3s k\u00f6lts\u00e9gvet\u00e9si ciklusban t\u00f6bb mint sz\u00e1zmilli\u00e1rd forint jut a hazai fels\u0151oktat\u00e1s versenyk\u00e9pess\u00e9g\u00e9nek n\u00f6vel\u00e9s\u00e9re &#8211; mondta az Emberi Er\u0151forr\u00e1sok Miniszt\u00e9rium\u00e1nak (Emmi) EU-fejleszt\u00e9si \u00e9s strat\u00e9giai helyettes \u00e1llamtitk\u00e1ra kedden P\u00e9csen.<\/p>\n","protected":false},"author":1,"featured_media":0,"comment_status":"open","ping_status":"closed","sticky":false,"template":"","format":"standard","meta":[],"categories":[48],"tags":[],"_links":{"self":[{"href":"https:\/\/gazdasagportal.hu\/index.php\/wp-json\/wp\/v2\/posts\/34334"}],"collection":[{"href":"https:\/\/gazdasagportal.hu\/index.php\/wp-json\/wp\/v2\/posts"}],"about":[{"href":"https:\/\/gazdasagportal.hu\/index.php\/wp-json\/wp\/v2\/types\/post"}],"author":[{"embeddable":true,"href":"https:\/\/gazdasagportal.hu\/index.php\/wp-json\/wp\/v2\/users\/1"}],"replies":[{"embeddable":true,"href":"https:\/\/gazdasagportal.hu\/index.php\/wp-json\/wp\/v2\/comments?post=34334"}],"version-history":[{"count":1,"href":"https:\/\/gazdasagportal.hu\/index.php\/wp-json\/wp\/v2\/posts\/34334\/revisions"}],"predecessor-version":[{"id":34339,"href":"https:\/\/gazdasagportal.hu\/index.php\/wp-json\/wp\/v2\/posts\/34334\/revisions\/34339"}],"wp:attachment":[{"href":"https:\/\/gazdasagportal.hu\/index.php\/wp-json\/wp\/v2\/media?parent=34334"}],"wp:term":[{"taxonomy":"category","embeddable":true,"href":"https:\/\/gazdasagportal.hu\/index.php\/wp-json\/wp\/v2\/categories?post=34334"},{"taxonomy":"post_tag","embeddable":true,"href":"https:\/\/gazdasagportal.hu\/index.php\/wp-json\/wp\/v2\/tags?post=34334"}],"curies":[{"name":"wp","href":"https:\/\/api.w.org\/{rel}","templated":true}]}}