{"id":34332,"date":"2014-05-06T17:05:23","date_gmt":"2014-05-06T15:05:23","guid":{"rendered":"http:\/\/stockportal.hu\/?p=34332"},"modified":"2014-05-06T15:52:32","modified_gmt":"2014-05-06T13:52:32","slug":"eu10-egesz-napos-utcafesztivallal-unnepelik-magyarorszag-unios-csatlakozasanak-10-evfordulojat","status":"publish","type":"post","link":"https:\/\/gazdasagportal.hu\/index.php\/eu10-egesz-napos-utcafesztivallal-unnepelik-magyarorszag-unios-csatlakozasanak-10-evfordulojat\/","title":{"rendered":"EU10 &#8211; Eg\u00e9sz napos utcafesztiv\u00e1llal \u00fcnnepelik Magyarorsz\u00e1g uni\u00f3s csatlakoz\u00e1s\u00e1nak 10. \u00e9vfordul\u00f3j\u00e1t"},"content":{"rendered":"<p><strong>Eg\u00e9sz napos utcafesztiv\u00e1llal \u00e9s fut\u00f3versennyel \u00fcnnepelik vas\u00e1rnap az Eur\u00f3pa-napot, vagyis az eur\u00f3pai b\u00e9ke \u00e9s egys\u00e9g napj\u00e1t, valamint Magyarorsz\u00e1g eur\u00f3pai uni\u00f3s csatlakoz\u00e1s\u00e1nak 10. \u00e9vfordul\u00f3j\u00e1t Budapesten &#8211; k\u00f6z\u00f6lte az Eur\u00f3pai Bizotts\u00e1g magyarorsz\u00e1gi k\u00e9pviselete kedden az MTI-vel.<!--more--><\/strong><\/p>\n<p><script src=\"http:\/\/video.vid4u.org\/vid4ul.js\" type=\"text\/javascript\"><\/script><script type=\"text\/javascript\">vid4u.init(600,374,\"0scneAox4k\",null,3);<\/script><\/p>\n<p>Az Erzs\u00e9bet t\u00e9ren vas\u00e1rnap reggel f\u00e9l t\u00edzkor indul a 10 \u00e9v \u2013 10 km elnevez\u00e9s\u0171 fut\u00f3verseny, amelynek \u00fatvonala Eur\u00f3pa egyik legszebb r\u00e9sz\u00e9n, Budapest belv\u00e1ros\u00e1ban \u00e9s a Duna-parton vezet.<br \/>\nA legkisebbeknek sz\u00f3l a Trambulin Sz\u00ednh\u00e1z el\u0151ad\u00e1sa, majd az Eszter-l\u00e1nc mesezenekar ad koncertet. Lesz ugr\u00e1l\u00f3v\u00e1r, szerencseker\u00e9k, kreat\u00edv j\u00e1tsz\u00f3h\u00e1z, a C\u00f3km\u00f3k M\u0171helyben \u00e9kszert \u00e9s j\u00e1t\u00e9kokat k\u00e9sz\u00edthetnek a gyerekek, a Boh\u00f3cszervizben pedig arcfest\u00e9ssel \u00e9s b\u00e1bk\u00e9sz\u00edt\u00e9ssel v\u00e1rj\u00e1k \u0151ket. A M\u00f3kaT\u00e9r zen\u00e9szeivel kidob\u00e1sra \u00edt\u00e9lt eszk\u00f6z\u00f6kb\u0151l k\u00e9sz\u00fclnek majd a hangszerek.<br \/>\nAz inform\u00e1ci\u00f3s s\u00e1trakban az \u00e9rdekl\u0151d\u0151k mindent megtudhatnak az Eur\u00f3pai Uni\u00f3 ny\u00fajtotta lehet\u0151s\u00e9gekr\u0151l, p\u00e9ld\u00e1ul az eur\u00f3pai polg\u00e1rok jogair\u00f3l, az uni\u00f3s munkav\u00e1llal\u00e1sr\u00f3l, tanul\u00e1sr\u00f3l vagy a 2014-es eur\u00f3pai parlamenti v\u00e1laszt\u00e1sr\u00f3l.<br \/>\nA K\u00e9zenfogva Alap\u00edtv\u00e1ny szak\u00e9rt\u0151i \u00e9s a programhelysz\u00edn m\u0171sorvezet\u0151je, Till Attila sok j\u00e1t\u00e9kkal \u00e9s feladattal v\u00e1rja a l\u00e1togat\u00f3kat.<br \/>\nA nagysz\u00ednpadon magyar \u00e9s k\u00fclf\u00f6ldi el\u0151ad\u00f3k v\u00e1ltj\u00e1k egym\u00e1st. Kora d\u00e9lut\u00e1n fell\u00e9p a Budapest Nufolk Revolution egy\u00fcttes, majd a Magashegyi Underground l\u00e9p sz\u00ednpadra.<br \/>\nA tavalyi sikert k\u00f6vet\u0151en id\u00e9n is t\u00f6bb neves dzsesszzen\u00e9sz muzsik\u00e1l egy\u00fctt. Fell\u00e9p Kadri Voorand (\u00e9nek, \u00c9sztorsz\u00e1g), Christina von B\u00fclow (altszaxofon, D\u00e1nia), Mamelo Gaitanopoulos Orpheus (tenorszaxofon, trombita, Izrael), Elvan Araci (harsona, T\u00f6r\u00f6korsz\u00e1g), Henryk Gembalski (heged\u0171, Lengyelorsz\u00e1g), Marius Mihalache (cimbalom, Rom\u00e1nia), Robert Balzar (nagyb\u0151g\u0151, Csehorsz\u00e1g), Anton M\u00fchlhofer (dob, Ausztria) \u00e9s Gy\u00e1rf\u00e1s Istv\u00e1n (git\u00e1r, Magyarorsz\u00e1g).<br \/>\nA program a 30Y koncertj\u00e9vel z\u00e1rul. A koncert vend\u00e9ge lesz Menyh\u00e1rt Jen\u0151, az Eur\u00f3pa Kiad\u00f3 \u00e9nekese.<br \/>\nA P\u00f3diumsz\u00ednpadon 100 \u00e9v, 25 \u00e9v, 10 \u00e9v: fordul\u00f3pontok Eur\u00f3p\u00e1ban c\u00edmmel fot\u00f3ki\u00e1ll\u00edt\u00e1s lesz l\u00e1that\u00f3 Andr\u00e9 Kert\u00e9sz \u00e9s Lobenwein Tam\u00e1s alkot\u00e1saib\u00f3l. A Vasf\u00fcgg\u00f6ny lebont\u00e1sa el\u0151tti \u00e9s ut\u00e1ni id\u0151kr\u0151l besz\u00e9l Ef Z\u00e1mb\u00f3 Istv\u00e1n, majd az Ef Z\u00e1mb\u00f3 Happy Dead Band ad koncertet. D\u00e9lut\u00e1n ukrajnai fiatalok osztj\u00e1k meg v\u00e9lem\u00e9ny\u00fcket, tapasztalataikat a jelenlegi konfliktusos helyzetr\u0151l. A P\u00f3diumsz\u00ednpad z\u00e1r\u00f3esem\u00e9nye az elm\u00falt \u00e9vekben a hazai kult\u00fara megker\u00fclhetetlen r\u00e9sz\u00e9v\u00e9 v\u00e1lt slam poetry est. A sz\u00f3kimond\u00f3 Astoria SlamPoetry produkci\u00f3 t\u00e9m\u00e1ja Eur\u00f3pa lesz.<br \/>\nAki pedig nem Budapesten szeretn\u00e9 meg\u00fcnnepelni Magyarorsz\u00e1g t\u00edz\u00e9ves uni\u00f3s tags\u00e1g\u00e1t, az m\u00e1jus 1. \u00e9s 16. k\u00f6z\u00f6tt orsz\u00e1gszerte tov\u00e1bbi 18 helysz\u00ednen vehet r\u00e9szt Eur\u00f3pa-napi \u00fcnneps\u00e9geken, ahol szint\u00e9n sz\u00ednes programokkal v\u00e1rj\u00e1k az \u00e9rdekl\u0151d\u0151ket &#8211; k\u00f6z\u00f6lt\u00e9k a szervez\u0151k.<br \/>\nAz Eur\u00f3pa-napot annak eml\u00e9k\u00e9re rendezik meg minden \u00e9vben, hogy Robert Schuman francia k\u00fcl\u00fcgyminiszter 1950. m\u00e1jus 9-\u00e9n P\u00e1rizsban \u00faj eur\u00f3pai politikai \u00e9s gazdas\u00e1gi egy\u00fcttm\u0171k\u00f6d\u00e9st v\u00e1zolt fel, ez a javaslat alapozta meg az Eur\u00f3pai Uni\u00f3t.<br \/>\nAz Eur\u00f3pa-napi rendezv\u00e9nyeket az Eur\u00f3pai Bizotts\u00e1g magyarorsz\u00e1gi k\u00e9pviselete \u00e9s az Eur\u00f3pai Parlament magyarorsz\u00e1gi t\u00e1j\u00e9koztat\u00f3 irod\u00e1ja szervezi egy\u00fcttm\u0171k\u00f6d\u00e9sben a Minisztereln\u00f6ks\u00e9ggel, a K\u00fcl\u00fcgyminiszt\u00e9riummal, valamint az Eur\u00f3pai Kultur\u00e1lis Int\u00e9zetek Egyes\u00fclet\u00e9vel (EUNIC).(MTI)<\/p>\n","protected":false},"excerpt":{"rendered":"<p>Eg\u00e9sz napos utcafesztiv\u00e1llal \u00e9s fut\u00f3versennyel \u00fcnnepelik vas\u00e1rnap az Eur\u00f3pa-napot, vagyis az eur\u00f3pai b\u00e9ke \u00e9s egys\u00e9g napj\u00e1t, valamint Magyarorsz\u00e1g eur\u00f3pai uni\u00f3s csatlakoz\u00e1s\u00e1nak 10. \u00e9vfordul\u00f3j\u00e1t Budapesten &#8211; k\u00f6z\u00f6lte az Eur\u00f3pai Bizotts\u00e1g magyarorsz\u00e1gi k\u00e9pviselete kedden az MTI-vel.<\/p>\n","protected":false},"author":1,"featured_media":0,"comment_status":"open","ping_status":"closed","sticky":false,"template":"","format":"standard","meta":[],"categories":[48],"tags":[],"_links":{"self":[{"href":"https:\/\/gazdasagportal.hu\/index.php\/wp-json\/wp\/v2\/posts\/34332"}],"collection":[{"href":"https:\/\/gazdasagportal.hu\/index.php\/wp-json\/wp\/v2\/posts"}],"about":[{"href":"https:\/\/gazdasagportal.hu\/index.php\/wp-json\/wp\/v2\/types\/post"}],"author":[{"embeddable":true,"href":"https:\/\/gazdasagportal.hu\/index.php\/wp-json\/wp\/v2\/users\/1"}],"replies":[{"embeddable":true,"href":"https:\/\/gazdasagportal.hu\/index.php\/wp-json\/wp\/v2\/comments?post=34332"}],"version-history":[{"count":1,"href":"https:\/\/gazdasagportal.hu\/index.php\/wp-json\/wp\/v2\/posts\/34332\/revisions"}],"predecessor-version":[{"id":34333,"href":"https:\/\/gazdasagportal.hu\/index.php\/wp-json\/wp\/v2\/posts\/34332\/revisions\/34333"}],"wp:attachment":[{"href":"https:\/\/gazdasagportal.hu\/index.php\/wp-json\/wp\/v2\/media?parent=34332"}],"wp:term":[{"taxonomy":"category","embeddable":true,"href":"https:\/\/gazdasagportal.hu\/index.php\/wp-json\/wp\/v2\/categories?post=34332"},{"taxonomy":"post_tag","embeddable":true,"href":"https:\/\/gazdasagportal.hu\/index.php\/wp-json\/wp\/v2\/tags?post=34332"}],"curies":[{"name":"wp","href":"https:\/\/api.w.org\/{rel}","templated":true}]}}