{"id":34324,"date":"2014-05-06T17:49:48","date_gmt":"2014-05-06T15:49:48","guid":{"rendered":"http:\/\/stockportal.hu\/?p=34324"},"modified":"2014-05-06T15:55:33","modified_gmt":"2014-05-06T13:55:33","slug":"ab-alkotmanyellenes-a-csaladi-potlek-szabalyozasa","status":"publish","type":"post","link":"https:\/\/gazdasagportal.hu\/index.php\/ab-alkotmanyellenes-a-csaladi-potlek-szabalyozasa\/","title":{"rendered":"Ab: alkotm\u00e1nyellenes a csal\u00e1di p\u00f3tl\u00e9k szab\u00e1lyoz\u00e1sa"},"content":{"rendered":"<p><strong>Az Alkotm\u00e1nyb\u00edr\u00f3s\u00e1g (Ab) szerint a k\u00f6z\u00f6s h\u00e1ztart\u00e1sban, egy\u00fctt nevelt gyermekek ut\u00e1n ugyanannyi csal\u00e1di p\u00f3tl\u00e9k j\u00e1r akkori is, ha az \u0151ket nevel\u0151 sz\u00fcl\u0151k h\u00e1zass\u00e1gban, \u00e9s akkor is, ha \u00e9lett\u00e1rsi kapcsolatban \u00e9lnek. Ennek biztos\u00edt\u00e1sa azonban hi\u00e1nyzik a csal\u00e1dt\u00e1mogat\u00e1si t\u00f6rv\u00e9ny csal\u00e1di p\u00f3tl\u00e9kr\u00f3l sz\u00f3l\u00f3 szab\u00e1lyaib\u00f3l, ez\u00e9rt az Ab felh\u00edvta az Orsz\u00e1ggy\u0171l\u00e9st, hogy az alapt\u00f6rv\u00e9ny-elleness\u00e9get el\u0151id\u00e9zett hi\u00e1nyoss\u00e1got december 31-ig orvosolja.<!--more--><\/strong><\/p>\n<p><script src=\"http:\/\/video.vid4u.org\/vid4ul.js\" type=\"text\/javascript\"><\/script><script type=\"text\/javascript\">vid4u.init(600,374,\"0scneAox4k\",null,3);<\/script><\/p>\n<p>A h\u00e9tf\u0151i hat\u00e1rozatot kedden tett\u00e9k k\u00f6zz\u00e9 Ab honlapj\u00e1n. Az ott olvashat\u00f3 \u00f6sszefoglal\u00f3 szerint az Ab az alapvet\u0151 jogok biztos\u00e1nak ind\u00edtv\u00e1ny\u00e1ra, hivatalb\u00f3l elj\u00e1rva \u00e1llap\u00edtotta meg, hogy az Orsz\u00e1ggy\u0171l\u00e9s mulaszt\u00e1sban megnyilv\u00e1nul\u00f3 alapt\u00f6rv\u00e9ny-elleness\u00e9get id\u00e9zett el\u0151. Az Orsz\u00e1ggy\u0171l\u00e9s ugyanis a csal\u00e1dt\u00e1mogat\u00e1si t\u00f6rv\u00e9ny csal\u00e1di p\u00f3tl\u00e9kr\u00f3l sz\u00f3l\u00f3 szab\u00e1lyaiban nem alak\u00edtotta ki az alapt\u00f6rv\u00e9ny erre vonatkoz\u00f3 r\u00e9sz\u00e9nek megfelel\u0151en a h\u00e1zass\u00e1gban, illetve az \u00e9lett\u00e1rsi viszonyban egy\u00fctt \u00e9l\u0151 sz\u00fcl\u0151k jogegyenl\u0151s\u00e9g\u00e9nek lehet\u0151s\u00e9g\u00e9t.<br \/>\nAz Ab meg\u00e1llap\u00edtotta: a csal\u00e1di p\u00f3tl\u00e9k \u00f6sszeg\u00e9nek szempontj\u00e1b\u00f3l fenn\u00e1ll a megk\u00fcl\u00f6nb\u00f6ztet\u00e9s az azonos szab\u00e1lyoz\u00e1si csoportba tartoz\u00f3 gyermekek k\u00f6z\u00f6tt. Ugyanis ha a sz\u00fcl\u0151k k\u00f6z\u00f6s h\u00e1ztart\u00e1sukban egy\u00fctt nevelnek t\u00f6bb, nem egym\u00e1st\u00f3l, hanem kor\u00e1bbi kapcsolatukb\u00f3l sz\u00e1rmaz\u00f3 gyermeket, akikre tekintettel csal\u00e1di p\u00f3tl\u00e9kra jogosultak, akkor magasabb \u00f6sszeg\u0171 t\u00e1mogat\u00e1s j\u00e1r azoknak a gyermekeknek, akiknek a sz\u00fclei egym\u00e1ssal h\u00e1zass\u00e1got k\u00f6t\u00f6ttek, mint azoknak a gyermekeknek, akiknek a sz\u00fclei, b\u00e1r jogszab\u00e1lyi lehet\u0151s\u00e9g\u00fck volna r\u00e1, nem l\u00e9ptek h\u00e1zass\u00e1gra, hanem \u00e9lett\u00e1rsi kapcsolatban \u00e9lnek.<br \/>\nA hat\u00e1rozat indokol\u00e1sa szerint a t\u00e1madott rendelkez\u00e9sek nem vett\u00e9k kell\u0151 m\u00f3don figyelembe a gyermekek \u00e9rdekeit, amikor a csal\u00e1di p\u00f3tl\u00e9k m\u00e9rt\u00e9k\u00e9t az azonos szab\u00e1lyoz\u00e1si csoportba tartoz\u00f3 gyermekek tekintet\u00e9ben elt\u00e9r\u0151en \u00e1llap\u00edtott\u00e1k meg, \u00e9s ezzel alapt\u00f6rv\u00e9ny-ellenes megk\u00fcl\u00f6nb\u00f6ztet\u00e9st val\u00f3s\u00edtottak meg.<br \/>\nEnnek a jelenleg fenn\u00e1ll\u00f3, \u00e9s az alapt\u00f6rv\u00e9nyt s\u00e9rt\u0151 h\u00e1tr\u00e1nyos megk\u00fcl\u00f6nb\u00f6ztet\u00e9snek a megsz\u00fcntet\u00e9s\u00e9hez a t\u00f6rv\u00e9nyhoz\u00f3 akt\u00edv k\u00f6zrem\u0171k\u00f6d\u00e9s\u00e9re, \u00e9s a t\u00f6rv\u00e9ny megfelel\u0151 szab\u00e1lyainak megv\u00e1ltoztat\u00e1s\u00e1ra van sz\u00fcks\u00e9g &#8211; olvashat\u00f3 az \u00f6sszefoglal\u00f3ban. Ez\u00e9rt az Ab felh\u00edvta az Orsz\u00e1ggy\u0171l\u00e9st, hogy jogalkot\u00f3i k\u00f6telezetts\u00e9g\u00e9nek az idei \u00e9v v\u00e9g\u00e9ig tegyen eleget.<br \/>\nA hat\u00e1rozathoz Bragyova Andr\u00e1s \u00e9s L\u00e9vay Mikl\u00f3s alkotm\u00e1nyb\u00edr\u00f3k p\u00e1rhuzamos indokol\u00e1st, Juh\u00e1sz Imre, Pokol B\u00e9la, Salamon L\u00e1szl\u00f3 \u00e9s Sz\u00edv\u00f3s M\u00e1ria alkotm\u00e1nyb\u00edr\u00f3k pedig k\u00fcl\u00f6nv\u00e9lem\u00e9nyt csatoltak.(MTI)<\/p>\n","protected":false},"excerpt":{"rendered":"<p>Az Alkotm\u00e1nyb\u00edr\u00f3s\u00e1g (Ab) szerint a k\u00f6z\u00f6s h\u00e1ztart\u00e1sban, egy\u00fctt nevelt gyermekek ut\u00e1n ugyanannyi csal\u00e1di p\u00f3tl\u00e9k j\u00e1r akkori is, ha az \u0151ket nevel\u0151 sz\u00fcl\u0151k h\u00e1zass\u00e1gban, \u00e9s akkor is, ha \u00e9lett\u00e1rsi kapcsolatban \u00e9lnek. Ennek biztos\u00edt\u00e1sa azonban hi\u00e1nyzik a csal\u00e1dt\u00e1mogat\u00e1si t\u00f6rv\u00e9ny csal\u00e1di p\u00f3tl\u00e9kr\u00f3l sz\u00f3l\u00f3 szab\u00e1lyaib\u00f3l, ez\u00e9rt az Ab felh\u00edvta az Orsz\u00e1ggy\u0171l\u00e9st, hogy az alapt\u00f6rv\u00e9ny-elleness\u00e9get el\u0151id\u00e9zett hi\u00e1nyoss\u00e1got december 31-ig orvosolja.<\/p>\n","protected":false},"author":1,"featured_media":0,"comment_status":"open","ping_status":"closed","sticky":false,"template":"","format":"standard","meta":[],"categories":[19],"tags":[],"_links":{"self":[{"href":"https:\/\/gazdasagportal.hu\/index.php\/wp-json\/wp\/v2\/posts\/34324"}],"collection":[{"href":"https:\/\/gazdasagportal.hu\/index.php\/wp-json\/wp\/v2\/posts"}],"about":[{"href":"https:\/\/gazdasagportal.hu\/index.php\/wp-json\/wp\/v2\/types\/post"}],"author":[{"embeddable":true,"href":"https:\/\/gazdasagportal.hu\/index.php\/wp-json\/wp\/v2\/users\/1"}],"replies":[{"embeddable":true,"href":"https:\/\/gazdasagportal.hu\/index.php\/wp-json\/wp\/v2\/comments?post=34324"}],"version-history":[{"count":1,"href":"https:\/\/gazdasagportal.hu\/index.php\/wp-json\/wp\/v2\/posts\/34324\/revisions"}],"predecessor-version":[{"id":34331,"href":"https:\/\/gazdasagportal.hu\/index.php\/wp-json\/wp\/v2\/posts\/34324\/revisions\/34331"}],"wp:attachment":[{"href":"https:\/\/gazdasagportal.hu\/index.php\/wp-json\/wp\/v2\/media?parent=34324"}],"wp:term":[{"taxonomy":"category","embeddable":true,"href":"https:\/\/gazdasagportal.hu\/index.php\/wp-json\/wp\/v2\/categories?post=34324"},{"taxonomy":"post_tag","embeddable":true,"href":"https:\/\/gazdasagportal.hu\/index.php\/wp-json\/wp\/v2\/tags?post=34324"}],"curies":[{"name":"wp","href":"https:\/\/api.w.org\/{rel}","templated":true}]}}