{"id":34308,"date":"2014-05-06T12:15:04","date_gmt":"2014-05-06T10:15:04","guid":{"rendered":"http:\/\/stockportal.hu\/?p=34308"},"modified":"2014-05-06T12:15:04","modified_gmt":"2014-05-06T10:15:04","slug":"ukran-valsag-jugoszlavia-szetesesere-emlekeztet-az-ukran-valsag","status":"publish","type":"post","link":"https:\/\/gazdasagportal.hu\/index.php\/ukran-valsag-jugoszlavia-szetesesere-emlekeztet-az-ukran-valsag\/","title":{"rendered":"Ukr\u00e1n v\u00e1ls\u00e1g: Jugoszl\u00e1via sz\u00e9tes\u00e9s\u00e9re eml\u00e9keztet az ukr\u00e1n v\u00e1ls\u00e1g"},"content":{"rendered":"<p><strong>Egyre ink\u00e1bb a Jugoszl\u00e1via sz\u00e9tes\u00e9s\u00e9hez vezet\u0151 v\u00e1ls\u00e1gra eml\u00e9keztetnek az Ukrajna keleti \u00e9s d\u00e9li r\u00e9sz\u00e9n kibontakozott folyamatok &#8211; \u00edrta a Frankfurter Allgemeine Zeitung (FAZ) a D\u00e9ja vu c\u00edm\u0171 keddi komment\u00e1rj\u00e1ban.<!--more--><\/strong><\/p>\n<p><script src=\"http:\/\/video.vid4u.org\/vid4ul.js\" type=\"text\/javascript\"><\/script><script type=\"text\/javascript\">vid4u.init(600,374,\"0scneAox4k\",null,3);<\/script><\/p>\n<p>A n\u00e9met konzervat\u00edv lap szerint Ban Ki Mun ENSZ-f\u0151titk\u00e1r aj\u00e1nlata a k\u00f6zvet\u00edt\u0151 szerep elv\u00e1llal\u00e1s\u00e1ra hib\u00e1s l\u00e9p\u00e9s, \u00e9ppen \u00fagy, mint az ukrajnai v\u00e1ls\u00e1g megold\u00e1s\u00e1t c\u00e9lz\u00f3 \u00f6sszes eddigi nemzetk\u00f6zi er\u0151fesz\u00edt\u00e9s, mert azon a felt\u00e9telez\u00e9sen alapul, hogy a konfliktusnak k\u00e9t r\u00e9sztvev\u0151je van, akiknek \u00e9rdekeit ki lehet egyenl\u00edteni. Ez azonban t\u00e9ved\u00e9s, hiszen az orosz vezet\u00e9s folyamatosan gerjeszti a visz\u00e1lyt, \u00e9s semmi nem utal arra, hogy visszafogja mag\u00e1t.<br \/>\nA diplom\u00e1cia porondj\u00e1n \u00e9s az ukrajnai v\u00e1ls\u00e1gg\u00f3cokban zajl\u00f3 folyamatok egyre ink\u00e1bb &#8222;jugoszl\u00e1v d\u00e9ja vu-k\u00e9nt hatnak&#8221; &#8211; emelt\u00e9k ki a komment\u00e1rban. &#8222;Eml\u00e9kszik m\u00e9g valaki, hogy a szerbek a kilencvenes \u00e9vek elej\u00e9n h\u00e1nyszor egyeztek bele a fegyversz\u00fcnetbe, mik\u00f6zben tov\u00e1bb sz\u00edtott\u00e1k az er\u0151szakos konfliktus l\u00e1ngj\u00e1t?&#8221; &#8211; tett\u00e9k hozz\u00e1.<br \/>\n&#8222;Nem lehet szem el\u0151l t\u00e9veszteni, hogy Moszkva had\u00fczenet n\u00e9lk\u00fcli h\u00e1bor\u00fat folytat Ukrajna ellen az ukr\u00e1n t\u00e1rsadalom szoci\u00e1lis probl\u00e9m\u00e1inak elm\u00e9ly\u00edt\u00e9s\u00e9vel, \u00e9s a nyelvi, kultur\u00e1lis \u00e9s t\u00f6rt\u00e9nelmi identit\u00e1sainak manipul\u00e1l\u00e1s\u00e1val&#8221; &#8211; \u00edrta a n\u00e9met konzervat\u00edv lap, amely szerint minden egyes v\u00e9res \u00f6sszet\u0171z\u00e9ssel cs\u00f6kken a val\u00f3sz\u00edn\u0171s\u00e9ge annak, hogy Moszkva &#8222;vissza tudja parancsolni a szellemet a palackba, ha egy\u00e1ltal\u00e1n akarja&#8221;.<br \/>\nAz odesszai szakszervezeti sz\u00e9kh\u00e1zb\u00f3l kicsap\u00f3 l\u00e1ngok azt jelzik, hogy a megt\u00e1madott f\u00e9l is mindjobban eldurvul. Min\u00e9l s\u00falyosabb az er\u0151szak, ann\u00e1l nagyobb a vesz\u00e9lye annak, hogy az eddig \u00e1thidalhat\u00f3nak t\u0171n\u0151 t\u00f6r\u00e9svonalak hely\u00e9n m\u00e9ly \u00e1rkok keletkeznek \u00e9s az ellens\u00e9gesked\u00e9s bel\u00fclr\u0151l szak\u00edtja sz\u00e9t az ukr\u00e1n \u00e1llamot, ami &#8222;nem csup\u00e1n Ukrajna trag\u00e9di\u00e1ja lenne&#8221;, hiszen az orsz\u00e1g ter\u00fclet\u00e9nek \u00e9s lakoss\u00e1g\u00e1nak nagys\u00e1ga miatt az esetleges \u00f6sszeoml\u00e1s a szomsz\u00e9dos orsz\u00e1gokban komolyabb k\u00f6vetkezm\u00e9nyekkel j\u00e1rna, mint amilyen hat\u00e1st Jugoszl\u00e1via sz\u00e9tes\u00e9se gyakorolt Eur\u00f3p\u00e1ra &#8211; \u00edrta az FAZ.(MTI)<\/p>\n","protected":false},"excerpt":{"rendered":"<p>Egyre ink\u00e1bb a Jugoszl\u00e1via sz\u00e9tes\u00e9s\u00e9hez vezet\u0151 v\u00e1ls\u00e1gra eml\u00e9keztetnek az Ukrajna keleti \u00e9s d\u00e9li r\u00e9sz\u00e9n kibontakozott folyamatok &#8211; \u00edrta a Frankfurter Allgemeine Zeitung (FAZ) a D\u00e9ja vu c\u00edm\u0171 keddi komment\u00e1rj\u00e1ban.<\/p>\n","protected":false},"author":1,"featured_media":0,"comment_status":"open","ping_status":"closed","sticky":false,"template":"","format":"standard","meta":[],"categories":[139],"tags":[],"_links":{"self":[{"href":"https:\/\/gazdasagportal.hu\/index.php\/wp-json\/wp\/v2\/posts\/34308"}],"collection":[{"href":"https:\/\/gazdasagportal.hu\/index.php\/wp-json\/wp\/v2\/posts"}],"about":[{"href":"https:\/\/gazdasagportal.hu\/index.php\/wp-json\/wp\/v2\/types\/post"}],"author":[{"embeddable":true,"href":"https:\/\/gazdasagportal.hu\/index.php\/wp-json\/wp\/v2\/users\/1"}],"replies":[{"embeddable":true,"href":"https:\/\/gazdasagportal.hu\/index.php\/wp-json\/wp\/v2\/comments?post=34308"}],"version-history":[{"count":1,"href":"https:\/\/gazdasagportal.hu\/index.php\/wp-json\/wp\/v2\/posts\/34308\/revisions"}],"predecessor-version":[{"id":34309,"href":"https:\/\/gazdasagportal.hu\/index.php\/wp-json\/wp\/v2\/posts\/34308\/revisions\/34309"}],"wp:attachment":[{"href":"https:\/\/gazdasagportal.hu\/index.php\/wp-json\/wp\/v2\/media?parent=34308"}],"wp:term":[{"taxonomy":"category","embeddable":true,"href":"https:\/\/gazdasagportal.hu\/index.php\/wp-json\/wp\/v2\/categories?post=34308"},{"taxonomy":"post_tag","embeddable":true,"href":"https:\/\/gazdasagportal.hu\/index.php\/wp-json\/wp\/v2\/tags?post=34308"}],"curies":[{"name":"wp","href":"https:\/\/api.w.org\/{rel}","templated":true}]}}