{"id":34296,"date":"2014-05-06T10:11:15","date_gmt":"2014-05-06T08:11:15","guid":{"rendered":"http:\/\/stockportal.hu\/?p=34296"},"modified":"2014-05-06T10:11:15","modified_gmt":"2014-05-06T08:11:15","slug":"ukran-valsag-utazasi-figyelmeztetest-adott-ki-a-nemet-kulugyminiszterium","status":"publish","type":"post","link":"https:\/\/gazdasagportal.hu\/index.php\/ukran-valsag-utazasi-figyelmeztetest-adott-ki-a-nemet-kulugyminiszterium\/","title":{"rendered":"Ukr\u00e1n v\u00e1ls\u00e1g: Utaz\u00e1si figyelmeztet\u00e9st adott ki a n\u00e9met k\u00fcl\u00fcgyminiszt\u00e9rium"},"content":{"rendered":"<p><strong>A n\u00e9met k\u00fcl\u00fcgyminiszt\u00e9rium utaz\u00e1si figyelmeztet\u00e9st adott ki kedden Ukrajna keleti \u00e9s d\u00e9li r\u00e9gi\u00f3j\u00e1ra.<!--more--><\/strong><\/p>\n<p><script src=\"http:\/\/video.vid4u.org\/vid4ul.js\" type=\"text\/javascript\"><\/script><script type=\"text\/javascript\">vid4u.init(600,374,\"0scneAox4k\",null,3);<\/script><\/p>\n<p>A t\u00e1rca k\u00f6zlem\u00e9nye szerint a &#8222;rendk\u00edv\u00fcl fesz\u00fclt helyzet&#8221; miatt &#8222;kifejezetten nem tan\u00e1csos&#8221; felkeresni a t\u00e9rs\u00e9get, az ott tart\u00f3zkod\u00f3 n\u00e9met \u00e1llampolg\u00e1roknak pedig javasolt a t\u00e1voz\u00e1s. K\u00fcl\u00f6n\u00f6sen nagy vesz\u00e9ly fenyegeti a sajt\u00f3 k\u00e9pvisel\u0151it, akiket fegyveres &#8222;szeparatista er\u0151k&#8221; feltart\u00f3ztathatnak vagy \u0151rizetbe vehetnek.<br \/>\nHozz\u00e1tett\u00e9k, hogy a figyelmeztet\u00e9s \u00e9rv\u00e9nyes a &#8222;nemzetk\u00f6zi jogi \u00e9rtelemben tov\u00e1bbra is Ukrajn\u00e1hoz tartoz\u00f3&#8221;, de orosz ellen\u0151rz\u00e9s al\u00e1 ker\u00fclt\u00a0\u00a0Kr\u00edm f\u00e9lszigetre, ahol az &#8222;aktu\u00e1lis helyzet&#8221; miatt nem tudnak konzuli seg\u00edts\u00e9get ny\u00fajtani a n\u00e9met \u00e1llampolg\u00e1roknak.<br \/>\nAz utaz\u00f3knak Ukrajna eg\u00e9sz ter\u00fclet\u00e9n &#8222;nyomat\u00e9kosan javasolt&#8221; az \u00f3vatoss\u00e1g, a belpolitikai helyzet alakul\u00e1s\u00e1r\u00f3l tud\u00f3s\u00edt\u00f3 h\u00edrek folyamatos k\u00f6vet\u00e9se \u00e9s a nagyobb csoportosul\u00e1sok \u00e9s demonstr\u00e1ci\u00f3k ker\u00fcl\u00e9se &#8211; \u00e1ll a t\u00e1j\u00e9koztat\u00f3ban, amely szerint nem lehet kiz\u00e1rni, hogy \u00fajrakezd\u0151dnek a zavarg\u00e1sok Kijevben \u00e9s m\u00e1s v\u00e1rosokban.(MTI)<\/p>\n","protected":false},"excerpt":{"rendered":"<p>A n\u00e9met k\u00fcl\u00fcgyminiszt\u00e9rium utaz\u00e1si figyelmeztet\u00e9st adott ki kedden Ukrajna keleti \u00e9s d\u00e9li r\u00e9gi\u00f3j\u00e1ra.<\/p>\n","protected":false},"author":1,"featured_media":0,"comment_status":"open","ping_status":"closed","sticky":false,"template":"","format":"standard","meta":[],"categories":[139],"tags":[],"_links":{"self":[{"href":"https:\/\/gazdasagportal.hu\/index.php\/wp-json\/wp\/v2\/posts\/34296"}],"collection":[{"href":"https:\/\/gazdasagportal.hu\/index.php\/wp-json\/wp\/v2\/posts"}],"about":[{"href":"https:\/\/gazdasagportal.hu\/index.php\/wp-json\/wp\/v2\/types\/post"}],"author":[{"embeddable":true,"href":"https:\/\/gazdasagportal.hu\/index.php\/wp-json\/wp\/v2\/users\/1"}],"replies":[{"embeddable":true,"href":"https:\/\/gazdasagportal.hu\/index.php\/wp-json\/wp\/v2\/comments?post=34296"}],"version-history":[{"count":1,"href":"https:\/\/gazdasagportal.hu\/index.php\/wp-json\/wp\/v2\/posts\/34296\/revisions"}],"predecessor-version":[{"id":34297,"href":"https:\/\/gazdasagportal.hu\/index.php\/wp-json\/wp\/v2\/posts\/34296\/revisions\/34297"}],"wp:attachment":[{"href":"https:\/\/gazdasagportal.hu\/index.php\/wp-json\/wp\/v2\/media?parent=34296"}],"wp:term":[{"taxonomy":"category","embeddable":true,"href":"https:\/\/gazdasagportal.hu\/index.php\/wp-json\/wp\/v2\/categories?post=34296"},{"taxonomy":"post_tag","embeddable":true,"href":"https:\/\/gazdasagportal.hu\/index.php\/wp-json\/wp\/v2\/tags?post=34296"}],"curies":[{"name":"wp","href":"https:\/\/api.w.org\/{rel}","templated":true}]}}