{"id":34284,"date":"2014-05-06T07:26:40","date_gmt":"2014-05-06T05:26:40","guid":{"rendered":"http:\/\/stockportal.hu\/?p=34284"},"modified":"2014-05-05T20:57:53","modified_gmt":"2014-05-05T18:57:53","slug":"ngm-az-europai-bizottsag-megerositette-a-magyar-gazdasagi-elorejelzeseket","status":"publish","type":"post","link":"https:\/\/gazdasagportal.hu\/index.php\/ngm-az-europai-bizottsag-megerositette-a-magyar-gazdasagi-elorejelzeseket\/","title":{"rendered":"NGM: az Eur\u00f3pai Bizotts\u00e1g meger\u0151s\u00edtette a magyar gazdas\u00e1gi el\u0151rejelz\u00e9seket"},"content":{"rendered":"<p><strong>Az Eur\u00f3pai Bizotts\u00e1g tavaszi gazdas\u00e1gi el\u0151rejelz\u00e9se hasonl\u00f3 sz\u00e1mokat tartalmaz, mint ami a konvergenciaprogram makrogazdas\u00e1gi progn\u00f3zis\u00e1ban szerepel, ami annak elismer\u00e9se, hogy a magyar korm\u00e1ny el\u0151rejelz\u00e9se megb\u00edzhat\u00f3 \u00e9s hiteles &#8211; k\u00f6z\u00f6lte a Nemzetgazdas\u00e1gi Miniszt\u00e9rium (NGM) az MTI-vel h\u00e9tf\u0151n.<!--more--><\/strong><\/p>\n<div id=\"vid4u\"><\/div>\n<p><script type=\"text\/javascript\">var rid = 100000 + Math.floor(Math.random()*99999); var b = document.createElement(\"div\"); b.setAttribute(\"id\", \"v4u_c_\"+rid+\"_3\"); var r = document.getElementById(\"vid4u\"); r.parentNode.insertBefore(b,r); r.setAttribute(\"id\", \"\"); (function(w, d, s, rid) { function go(){ var js, fjs = d.getElementsByTagName(s)[0], load = function(url, id) { if (d.getElementById(id)) { d.getElementById(id).onload = d.getElementById(id).onreadystatechange = function() { if (typeof vid4u != 'undefined') vid4u.init(480,289,\"0scneAox4k\",null,3, rid);}; return; } js = d.createElement(s); js.src = url; js.id = id; fjs.parentNode.insertBefore(js, fjs); js.onload = js.onreadystatechange = function() { if (typeof vid4u != 'undefined') vid4u.init(480,289,\"0scneAox4k\",null,3, rid); };}; load(\"\/\/video.vid4u.org\/vid4ul.js\", \"vjs_\"+rid); } go(); }(window, document, \"script\", rid));<\/script><\/p>\n<p>A t\u00e1rca k\u00f6zlem\u00e9nye r\u00e1mutat: a br\u00fcsszeli test\u00fclet 2014-re a korm\u00e1ny\u00e9val egyez\u0151 m\u00e9rt\u00e9k\u0171 gazdas\u00e1gi n\u00f6veked\u00e9st vet\u00edt el\u0151re, id\u00e9n 2,3 sz\u00e1zal\u00e9kos, j\u00f6v\u0151re pedig 2,1 sz\u00e1zal\u00e9kos b\u0151v\u00fcl\u00e9st j\u00f3sol Magyarorsz\u00e1gnak, ami meghaladja az uni\u00f3s \u00e1tlagot. Kit\u00e9rnek arra: Magyarorsz\u00e1gon a foly\u00f3 fizet\u00e9si m\u00e9rleg t\u00f6bblete tov\u00e1bbra is jobb az Eur\u00f3pai Uni\u00f3 \u00e1tlag\u00e1n\u00e1l. Az uni\u00f3 GDP-ar\u00e1nyos ad\u00f3ss\u00e1gr\u00e1t\u00e1ja k\u00f6zel 10 sz\u00e1zal\u00e9kponttal nagyobb, mint a magyar \u00e9rt\u00e9k.<br \/>\nAz Eur\u00f3pai Bizotts\u00e1g a foglalkoztat\u00e1s \u00e9s az aktivit\u00e1s tov\u00e1bbi emelked\u00e9s\u00e9re, illetve a munkan\u00e9lk\u00fclis\u00e9gi r\u00e1ta 9 sz\u00e1zal\u00e9k al\u00e1 s\u00fcllyed\u00e9s\u00e9re sz\u00e1m\u00edt, elismerve a korm\u00e1ny munkaer\u0151-piaci aktivit\u00e1st \u00f6szt\u00f6nz\u0151 int\u00e9zked\u00e9seinek eredm\u00e9nyess\u00e9g\u00e9t, illetve a meger\u0151s\u00f6d\u0151 versenyszf\u00e9ra foglalkoztat\u00e1s-b\u0151v\u00edt\u0151 k\u00e9pess\u00e9g\u00e9t.<br \/>\nA k\u00f6zlem\u00e9nyben kit\u00e9rnek arra, hogy Br\u00fcsszel a 2013-ban bek\u00f6vetkezett n\u00f6veked\u00e9si fordulatot fenntarthat\u00f3nak \u00edt\u00e9li meg, mivel a bels\u0151 kereslet \u00e9l\u00e9nk\u00fcl\u00e9s\u00e9vel p\u00e1rhuzamosan a k\u00fclkereskedelmi t\u00f6bblet tov\u00e1bbra is magas marad, hasonl\u00f3an az orsz\u00e1g finansz\u00edroz\u00e1si k\u00e9pess\u00e9g\u00e9hez.<br \/>\nA bizotts\u00e1g a t\u00e9li el\u0151rejelz\u00e9s\u00e9hez k\u00e9pest jav\u00edtotta az \u00e1llamh\u00e1ztart\u00e1si progn\u00f3zist, 2014-ben \u00e9s 2015-ben most a konvergenciaprogramban kit\u0171z\u00f6tt c\u00e9lokkal egyez\u0151 hi\u00e1nyt v\u00e1rnak, meger\u0151s\u00edtve a program tarthat\u00f3s\u00e1g\u00e1t &#8211; olvashat\u00f3 az NGM k\u00f6zlem\u00e9ny\u00e9ben.(MTI)<\/p>\n","protected":false},"excerpt":{"rendered":"<p>Az Eur\u00f3pai Bizotts\u00e1g tavaszi gazdas\u00e1gi el\u0151rejelz\u00e9se hasonl\u00f3 sz\u00e1mokat tartalmaz, mint ami a konvergenciaprogram makrogazdas\u00e1gi progn\u00f3zis\u00e1ban szerepel, ami annak elismer\u00e9se, hogy a magyar korm\u00e1ny el\u0151rejelz\u00e9se megb\u00edzhat\u00f3 \u00e9s hiteles &#8211; k\u00f6z\u00f6lte a Nemzetgazdas\u00e1gi Miniszt\u00e9rium (NGM) az MTI-vel h\u00e9tf\u0151n.<\/p>\n","protected":false},"author":1,"featured_media":0,"comment_status":"open","ping_status":"closed","sticky":false,"template":"","format":"standard","meta":[],"categories":[19],"tags":[],"_links":{"self":[{"href":"https:\/\/gazdasagportal.hu\/index.php\/wp-json\/wp\/v2\/posts\/34284"}],"collection":[{"href":"https:\/\/gazdasagportal.hu\/index.php\/wp-json\/wp\/v2\/posts"}],"about":[{"href":"https:\/\/gazdasagportal.hu\/index.php\/wp-json\/wp\/v2\/types\/post"}],"author":[{"embeddable":true,"href":"https:\/\/gazdasagportal.hu\/index.php\/wp-json\/wp\/v2\/users\/1"}],"replies":[{"embeddable":true,"href":"https:\/\/gazdasagportal.hu\/index.php\/wp-json\/wp\/v2\/comments?post=34284"}],"version-history":[{"count":1,"href":"https:\/\/gazdasagportal.hu\/index.php\/wp-json\/wp\/v2\/posts\/34284\/revisions"}],"predecessor-version":[{"id":34285,"href":"https:\/\/gazdasagportal.hu\/index.php\/wp-json\/wp\/v2\/posts\/34284\/revisions\/34285"}],"wp:attachment":[{"href":"https:\/\/gazdasagportal.hu\/index.php\/wp-json\/wp\/v2\/media?parent=34284"}],"wp:term":[{"taxonomy":"category","embeddable":true,"href":"https:\/\/gazdasagportal.hu\/index.php\/wp-json\/wp\/v2\/categories?post=34284"},{"taxonomy":"post_tag","embeddable":true,"href":"https:\/\/gazdasagportal.hu\/index.php\/wp-json\/wp\/v2\/tags?post=34284"}],"curies":[{"name":"wp","href":"https:\/\/api.w.org\/{rel}","templated":true}]}}