{"id":34222,"date":"2014-05-05T11:45:23","date_gmt":"2014-05-05T09:45:23","guid":{"rendered":"http:\/\/stockportal.hu\/?p=34222"},"modified":"2014-05-05T11:45:52","modified_gmt":"2014-05-05T09:45:52","slug":"forex-tozsde-deviza-arany-olaj-technikai-es-fundamentalis-elemzese-2014-05-05","status":"publish","type":"post","link":"https:\/\/gazdasagportal.hu\/index.php\/forex-tozsde-deviza-arany-olaj-technikai-es-fundamentalis-elemzese-2014-05-05\/","title":{"rendered":"Forex, t\u0151zsde, deviza, arany, olaj technikai \u00e9s fundament\u00e1lis elemz\u00e9se  &#8211; 2014.05.05"},"content":{"rendered":"<p><b>A nem mez\u0151gazdas\u00e1gi munkaer\u0151-\u00e1llom\u00e1ny semmit sem v\u00e1ltoztatott meg:<\/b>\u00a0 <strong>A p\u00e9nteken k\u00f6zz\u00e9tett nem mez\u0151gazdas\u00e1gi foglalkoztat\u00e1si adatnak meg kellett volna v\u00e1ltoztatnia a j\u00e1tszm\u00e1t, <!--more-->de val\u00f3j\u00e1ban csak ideiglenes \u201ezavart\u201d okozott. A doll\u00e1r jelent\u0151sen er\u0151s\u00f6d\u00f6tt, a Fed Alapokkal kapcsolatos v\u00e1rakoz\u00e1sok 10 b\u00e1zisponttal emelkedtek, a 10 \u00e9ves futamidej\u0171 kincst\u00e1rjegyek hozamai pedig 8 b\u00e1zisponttal emelkedtek az els\u0151 n\u00e9h\u00e1ny percben, de amint a piaci r\u00e9sztvev\u0151k r\u00e1j\u00f6ttek arra, hogy nem k\u00e9pesek tov\u00e1bb fellend\u00edteni a mozg\u00e1st, minden elkezdett korrig\u00e1l\u00f3dni.<\/strong><\/p>\n<p><script src=\"http:\/\/video.vid4u.org\/vid4ul.js\" type=\"text\/javascript\"><\/script><script type=\"text\/javascript\">vid4u.init(600,374,\"0scneAox4k\",null,3);<\/script><\/p>\n<p><strong><a title=\"IronFX\" href=\"https:\/\/www.ironfx.com\/hu\/forex-demo-competition?utm_source=631980&amp;utm_medium=ib_link&amp;utm_campaign=IB\" target=\"_blank\" rel=\"noopener\"><strong>IronFX<\/strong><\/a>\u00a0napi elemz\u00e9s:<\/strong><\/p>\n<div><strong>Az \u00e1prilisi nem mez\u0151gazdas\u00e1gi munkaer\u0151-\u00e1llom\u00e1ny nem okozott v\u00e1ltoz\u00e1st<\/strong><\/div>\n<div>\n<ul>\n<li>A teljes adat kiv\u00e1l\u00f3 volt: +288 ezer (a v\u00e1rt \u00e9rt\u00e9k +218 ezer), a munkan\u00e9lk\u00fclis\u00e9gi r\u00e1ta 6,7%-r\u00f3l 6,3%-ra cs\u00f6kkent<\/li>\n<li>Egyes adatok nem annyira f\u00e9nyesek: az \u00e1tlagos \u00f3rab\u00e9rek v\u00e1ltozatlanok, a r\u00e9szv\u00e9teli ar\u00e1ny \u00faj minimum szintre cs\u00f6kkent<\/li>\n<li>Nem okozott v\u00e1ltoz\u00e1st:\u00a0 A EUR\/USD p\u00e1r Eur\u00f3p\u00e1ban ism\u00e9t 1,38-as eg\u00e9sszel nyitott!<\/li>\n<\/ul>\n<\/div>\n<div><strong>A k\u00f6zponti bankok hete:<\/strong><\/div>\n<div>\n<ul>\n<li>V\u00e1rhat\u00f3an egyik sem m\u00f3dos\u00edtja politik\u00e1j\u00e1t; a f\u00f3kuszban a nyilatkozatok \u00e1llnak<\/li>\n<li>RBA (kedd):\u00a0 Legut\u00f3bb az RBA agg\u00e1ly\u00e1t fejezte ki az AUD szintje miatt; most azonos szinten van, \u00edgy a piac k\u00edv\u00e1ncsi arra, hogy m\u00e9g mindig agg\u00f3dnak-e<\/li>\n<li>EKB (cs\u00fct.): Draghi majdnem \u00edg\u00e9retet tett a tov\u00e1bbi k\u00f6nny\u00edt\u00e9sre, de ez a k\u00f6zelm\u00faltban a h\u00e1tt\u00e9rbe szorult. A PMI-indexek kedvez\u0151ek, a banki k\u00f6lcs\u00f6nz\u00e9sr\u0151l k\u00e9sz\u00edtett felm\u00e9r\u00e9s javul\u00e1st mutat. Az EKB v\u00e1rhat\u00f3an v\u00e1r addig, am\u00edg az \u00faj el\u0151rejelz\u00e9s el\u00e9rhet\u0151 lesz j\u00faniusban, ha egy\u00e1ltal\u00e1n v\u00e1ltoztatnak akkor. Pozit\u00edvan t\u00e1mogathatja az eur\u00f3t.<\/li>\n<li>Bank of England (cs\u00fct.): Nincs v\u00e1ltoz\u00e1s, nincs megjegyz\u00e9s, nincs mozg\u00e1s<\/li>\n<li>Norges Bank (cs\u00fct.):\u00a0 A gazdas\u00e1g jobban teljes\u00edt a legut\u00f3bbi m\u00e1rciusi \u00e9rtekezlet \u00f3ta; az infl\u00e1ci\u00f3 kiss\u00e9 emelkedett. Ez optimist\u00e1bb hangv\u00e9telt eredm\u00e9nyezhet, ami pozit\u00edv hat\u00e1st gyakorol a norv\u00e9g koron\u00e1ra.<\/li>\n<li>Fed:\u00a0 Nincs \u00e9rtekezlet, de Yellen szerd\u00e1n \u00e9s cs\u00fct\u00f6rt\u00f6k\u00f6n besz\u00e1mol\u00f3t tart Esetleg betekint\u00e9st ny\u00fajt az FOMC gondolkod\u00e1s\u00e1ba<\/li>\n<\/ul>\n<\/div>\n<div><strong>Ma: Az euroz\u00f3na termel\u0151i \u00e1rindexe v\u00e1rhat\u00f3an \u00e9ves szinten -1,7% marad; az ISM nem gy\u00e1rt\u00e1si index \u00e1prilisban v\u00e1rhat\u00f3an 53,1-r\u0151l 54,1-re emelkedett.<\/strong><\/div>\n<div><\/div>\n<div><strong>R\u00e9szletes elemz\u00e9s:<\/strong><\/div>\n<div><\/div>\n<div>\n<ul>\n<li><b>A nem mez\u0151gazdas\u00e1gi munkaer\u0151-\u00e1llom\u00e1ny semmit sem v\u00e1ltoztatott meg:<\/b>\u00a0 A p\u00e9nteken k\u00f6zz\u00e9tett nem mez\u0151gazdas\u00e1gi foglalkoztat\u00e1si adatnak meg kellett volna v\u00e1ltoztatnia a j\u00e1tszm\u00e1t, de val\u00f3j\u00e1ban csak ideiglenes \u201ezavart\u201d okozott. A doll\u00e1r jelent\u0151sen er\u0151s\u00f6d\u00f6tt, a Fed Alapokkal kapcsolatos v\u00e1rakoz\u00e1sok 10 b\u00e1zisponttal emelkedtek, a 10 \u00e9ves futamidej\u0171 kincst\u00e1rjegyek hozamai pedig 8 b\u00e1zisponttal emelkedtek az els\u0151 n\u00e9h\u00e1ny percben, de amint a piaci r\u00e9sztvev\u0151k r\u00e1j\u00f6ttek arra, hogy nem k\u00e9pesek tov\u00e1bb fellend\u00edteni a mozg\u00e1st, minden elkezdett korrig\u00e1l\u00f3dni. A korrekci\u00f3t v\u00e1ltoz\u00f3an a kedvez\u0151tlen gy\u00e1ri rendel\u00e9s\u00e1llom\u00e1nynak (k\u00e9ts\u00e9ges), az ENSZ Biztons\u00e1gi Tan\u00e1cs\u00e1nak Ukrajn\u00e1val kapcsolatos \u00e9rtekezlet\u00e9r\u0151l val\u00f3 besz\u00e9lget\u00e9s (Ukrajna hirtelen a k\u00e9pbe ker\u00fclt?) vagy a Wall Street Journal egyik, a termel\u00e9kenys\u00e9g lassul\u00e1s\u00e1t mutat\u00f3 adatokat tartalmaz\u00f3 cikk\u00e9nek tudhat\u00f3 be (val\u00f3sz\u00edn\u0171tlen). V\u00e9g\u00fcl a hossz\u00fa lej\u00e1rat\u00fa Fed Alapokkal kapcsolatos v\u00e1rakoz\u00e1sok csup\u00e1n 5-6 b\u00e1zisponttal magasabb szinten z\u00e1rtak, mik\u00f6zben a 10 \u00e9ves hozamok val\u00f3j\u00e1ban 3 b\u00e1zisponttal cs\u00f6kkenve z\u00e1rtak az eddigi idei minimum szintek felett. \u00c9s a doll\u00e1r? A ma reggeli \u00e1rfolyamokra tekintve azt gondolhattuk, hogy p\u00e9ntek \u00fcnnepnap volt. Semmi sem v\u00e1ltozott. Az EUR\/USD p\u00e1r ism\u00e9t a szok\u00e1sos 1,38-as eg\u00e9sszel nyit, amint azt most m\u00e1r 18 egym\u00e1st k\u00f6vet\u0151 nap teszi (nos, az egyik nap 5 pippel 1,38 alatt volt.) Kiss\u00e9 er\u0151s\u00f6d\u00f6tt az ausztr\u00e1l doll\u00e1rhoz k\u00e9pest, miut\u00e1n a m\u00e1rciusi ausztr\u00e1l \u00e9p\u00edtkez\u00e9si j\u00f3v\u00e1hagy\u00e1sok adata a v\u00e1rtn\u00e1l kedvez\u0151tlenebb lett, \u00e9s az \u00e1prilisi HSBC\/Markit K\u00edna gy\u00e1rt\u00e1si PMI-indexet lefel\u00e9 korrig\u00e1lt\u00e1k. A jen er\u0151s\u00f6d\u00f6tt, miut\u00e1n a Jap\u00e1n Nemzeti Bank korm\u00e1nyz\u00f3ja, Kuroda a TV-ben \u00fagy nyilatkozott, hogy az orsz\u00e1g gazdas\u00e1gi helyre\u00e1ll\u00e1sa s\u00ednen van, valamint hogy a b\u00e9rek v\u00e1rhat\u00f3an emelkedni fognak &#8211; ezen megjegyz\u00e9sek senkit sem lepnek meg, mivel pontosan ez \u00e1llt a BoJ \u201eGazdas\u00e1gi aktivit\u00e1ssal \u00e9s \u00e1rakkal kapcsolatos kil\u00e1t\u00e1sok\u201d c. kiadv\u00e1ny\u00e1ban.<\/li>\n<li><b>A k\u00f6zponti bankok hete:<\/b>\u00a0 Ezen a h\u00e9ten n\u00e9gy k\u00f6zponti bank tart \u00e9rtekezletet: az Ausztr\u00e1l Nemzeti Bank (RBA) kedden \u00fcl\u00e9sezik, az EKB, a Bank of England (BoE) \u00e9s a Norges Bank pedig cs\u00fct\u00f6rt\u00f6k\u00f6n tart \u00e9rtekezletet. A piaci v\u00e1rakoz\u00e1sok szerint nem v\u00e1rhat\u00f3 v\u00e1ltoz\u00e1s a kamatl\u00e1bakban vagy a politik\u00e1jukban egyik eset\u00e9ben sem, \u00edgy a figyelem minden esetben az \u00e9rtekezleteket k\u00f6vet\u0151 nyilatkozatokra \u00e9s sajt\u00f3konferenci\u00e1kra ir\u00e1nyul (kiv\u00e9ve a Bank of England eset\u00e9ben, amely nem ad ki nyilatkozatot, ha nem m\u00f3dos\u00edtja a kamatl\u00e1bakat).<\/li>\n<li><b>RBA:<\/b>\u00a0 A tagok az \u00e1prilisi \u00e9rtekezletet \u00fagy fejezt\u00e9k be, hogy \u201ea jelenlegi jelek szerint a legmegfontoltabb ir\u00e1ny val\u00f3sz\u00edn\u0171leg a kamatl\u00e1bak stabilit\u00e1s\u00e1nak id\u0151szaka\u201d, \u00e9s \u00fagy t\u0171nik, hogy ez folytat\u00f3dik. Bizonyos m\u00e9rt\u00e9kben hangot adtak agg\u00e1lyuknak az \u00e1rfolyam szintj\u00e9vel kapcsolatban, amely szerint\u00fck \u201ea kor\u00e1bbi standardok szerint magas maradt\u201d. Az AUD az\u00f3ta gyakorlatilag v\u00e1ltozatlan, ez\u00e9rt az \u00e1rfolyam szintj\u00e9vel kapcsolatos hangv\u00e9telben be\u00e1ll\u00f3 b\u00e1rmely v\u00e1ltoz\u00e1s er\u0151s jelz\u00e9st adhat a piacnak hozz\u00e1\u00e1ll\u00e1sukr\u00f3l. Szerintem tal\u00e1n er\u0151sebb hangv\u00e9telt adnak megjegyz\u00e9seiknek arra reag\u00e1lva, hogy K\u00edna hagyja, hogy a renminbi gyeng\u00fclj\u00f6n. Ez negat\u00edv hat\u00e1st gyakorolhat az ausztr\u00e1l doll\u00e1rra.<\/li>\n<li><b>EKB:<\/b> Az EKB v\u00e1rhat\u00f3an nem m\u00f3dos\u00edtja politik\u00e1j\u00e1t ezen a h\u00e9ten annak ellen\u00e9re, hogy az euroz\u00f3na \u00e1prilisi infl\u00e1ci\u00f3ja a v\u00e1rtn\u00e1l valamelyest alacsonyabb lett. T\u00e9ny, hogy az infl\u00e1ci\u00f3 valamelyest emelkedett \u00e1prilisban, s\u0151t, a PMI-indexek is kedvez\u0151ek voltak \u2013 minden pozit\u00edv tartom\u00e1nyba ker\u00fclt 2007 \u00f3ta el\u0151sz\u00f6r \u2013, \u00e9s az \u00e1prilisi banki k\u00f6lcs\u00f6nz\u00e9sr\u0151l k\u00e9sz\u00edtett felm\u00e9r\u00e9sb\u0151l kider\u00fclt, hogy a hitelez\u00e9s besz\u0171k\u00fcl\u00e9se v\u00e9get \u00e9r. Mik\u00f6zben az EKB eln\u00f6ke, Draghi gyakorlatilag meger\u0151s\u00edtette az \u00e1prilis 12-i IMF\/Vil\u00e1gbank \u00e9rtekezleten, hogy az EKB laz\u00edtani fog politik\u00e1j\u00e1n az eur\u00f3 gyeng\u00edt\u00e9s\u00e9re, ezen frissebb megjegyz\u00e9sek valamelyest a h\u00e1tt\u00e9rbe ker\u00fcltek \u2013 elmondta, hogy a deviza er\u0151s\u00f6d\u00e9se nem felt\u00e9tlen\u00fcl negat\u00edv a k\u00f6z\u00e9pt\u00e1v\u00fa infl\u00e1ci\u00f3ra n\u00e9zve, \u00e9s a deviza er\u0151s\u00f6d\u00e9s\u00e9t \u201ehagyom\u00e1nyos politik\u00e1val\u201d kezelik (amely mag\u00e1ban foglalja a negat\u00edv kamatl\u00e1bakat). A m\u00e1jusi infl\u00e1ci\u00f3s r\u00e1ta cs\u00f6kken\u00e9s\u00e9t kiz\u00e1rva v\u00e1rhat\u00f3an legal\u00e1bb addig v\u00e1rnak a tov\u00e1bbi l\u00e9p\u00e9sekkel, am\u00edg meg nem kapj\u00e1k a friss infl\u00e1ci\u00f3s el\u0151rejelz\u00e9seket j\u00faniusban, \u00e9s k\u00f6nnyen lehet, hogy k\u00e9s\u0151bb ker\u00fcl r\u00e1 sor. Ez\u00e1ltal az EUR\/USD p\u00e1r val\u00f3sz\u00edn\u0171leg hosszabb ideig marad a jelenlegi tartom\u00e1nyban.<\/li>\n<li><b>Bank of England:<\/b>\u00a0 Ha nincs v\u00e1ltoztat\u00e1s, nincs megjegyz\u00e9s sem, ami azt jelenten\u00e9, hogy a piac sem mozog, b\u00e1r val\u00f3j\u00e1ban bizonyos szint\u0171 volatilit\u00e1s volt a k\u00f6zelm\u00faltbeli \u00e9rtekezlet k\u00f6rny\u00e9k\u00e9n. A m\u00falt h\u00f3napban p\u00e9ld\u00e1ul 20 pipes cs\u00f6kken\u00e9s \u00e1llt be a GBP\/USD p\u00e1rban, k\u00f6zvetlen\u00fcl az \u00e9rtekezlet ut\u00e1n.<\/li>\n<li><b>Norges Bank:<\/b>\u00a0 A legut\u00f3bbi m\u00e1rciusi \u00e9rtekezlet \u00f3ta a norv\u00e9g gazdas\u00e1g \u00e9s a deviza nagyr\u00e9szt a v\u00e1rakoz\u00e1soknak megfelel\u0151en teljes\u00edtett, az adatok kedvez\u0151k lettek (a viszontelad\u00f3i \u00e9rt\u00e9kes\u00edt\u00e9s n\u0151tt, az ipari termel\u00e9s emelkedett, a munkan\u00e9lk\u00fclis\u00e9g cs\u00f6kkent), az infl\u00e1ci\u00f3 pedig kiss\u00e9 emelkedik. Ugyanakkor a bankok cs\u00f6kkentett\u00e9k a k\u00f6lcs\u00f6n\u00f6k kamatl\u00e1bait, ami valamelyest fellend\u00edti a n\u00f6veked\u00e9st. Ez jelzi, hogy ha v\u00e1ltoz\u00e1s van a hangv\u00e9telben, az val\u00f3sz\u00edn\u0171leg optimist\u00e1bb \u00e9s NOK-pozit\u00edv.<\/li>\n<li><b>Federal Reserve:<\/b>\u00a0 Nincs \u00e9rtekezlet, de a Fed eln\u00f6ke, Janet Yellen szerd\u00e1n a Kongresszus K\u00f6z\u00f6s Gazdas\u00e1gi Bizotts\u00e1ga el\u0151tt, cs\u00fct\u00f6rt\u00f6k\u00f6n pedig a Szen\u00e1tus K\u00f6lts\u00e9gvet\u00e9si Bizotts\u00e1ga el\u0151tt tart besz\u00e1mol\u00f3t. A K\u00e9rdezz-felelek r\u00e9szben esetleg t\u00f6bbet el\u00e1rul arr\u00f3l, hogyan v\u00e9lekedik az FOMC a k\u00f6zelm\u00faltbeli munkaer\u0151-piaci adatokr\u00f3l, hogy vajon teljesen befejezik-e a k\u00f6tv\u00e9nyv\u00e1s\u00e1rl\u00e1st az \u00e9v v\u00e9g\u00e9ig, \u00e9s v\u00e1rhat\u00f3an mikor kezdik el a megszor\u00edt\u00e1si politik\u00e1t.<\/li>\n<li><b>Mai napirend:<\/b>\u00a0 Az eur\u00f3pai nap sor\u00e1n k\u00f6zz\u00e9teszik Sv\u00e9dorsz\u00e1g m\u00e1rciusi ipari termel\u00e9s\u00e9t, amely v\u00e1rhat\u00f3an lassult, mik\u00f6zben az euroz\u00f3na m\u00e1rciusi termel\u0151i \u00e1rindex\u00e9nek r\u00e1t\u00e1ja v\u00e1rhat\u00f3an v\u00e1ltozatlanul \u00e9ves szinten -1,7%.<\/li>\n<li>Az USA-ban k\u00f6zz\u00e9teszik az \u00e1prilisi v\u00e9gleges Markit szolg\u00e1ltat\u00e1si szektor PMI-indexet \u00e9s az \u00e1prilisi ISM nem gy\u00e1rt\u00e1si indexet. A Markit adat eset\u00e9ben nincs el\u0151rejelz\u00e9s, mik\u00f6zben az ISM index v\u00e1rhat\u00f3an a m\u00e1rciusi 53,1-r\u0151l 54,1-re emelkedett.<\/li>\n<li>H\u00e9tf\u0151n csak egy szem\u00e9ly tart besz\u00e9det. Az EKB Igazgat\u00f3tan\u00e1cs\u00e1nak tagja, Yves Mersch egy konferenci\u00e1n sz\u00f3lal fel.<\/li>\n<\/ul>\n<p><b>EUR\/USD<\/b><\/p>\n<p><a href=\"http:\/\/stockportal.hu\/wp-content\/uploads\/2014\/05\/EURUSD_05May2014.png\" target=\"_blank\" rel=\"noopener\"><img decoding=\"async\" loading=\"lazy\" class=\"alignnone size-large wp-image-34224\" alt=\"EURUSD_05May2014\" src=\"http:\/\/stockportal.hu\/wp-content\/uploads\/2014\/05\/EURUSD_05May2014-1024x448.png\" width=\"630\" height=\"275\" \/><\/a><\/p>\n<ul>\n<li>Az<b> EUR\/USD <\/b>p\u00e1r p\u00e9nteken cs\u00f6kkent, de miut\u00e1n t\u00e1maszszintre tal\u00e1lt az 1,3815-\u00f6s (T1) szinten, a 200 peri\u00f3dus\u00fa mozg\u00f3\u00e1tlag k\u00f6zel\u00e9ben, helyre\u00e1llt, \u00e9s ism\u00e9t el\u00e9rte az 1,3875-\u00f6s (E1) ellen\u00e1ll\u00e1sszintet. A k\u00f6vetkez\u0151 ellen\u00e1ll\u00e1sszint az 1,3900-es (E2) szinten tal\u00e1lhat\u00f3, ahol az egy\u00e9rtelm\u0171 \u00e1tt\u00f6r\u00e9s nagyobb bika jelleg\u0171 k\u00f6vetkezm\u00e9nyekkel j\u00e1rhat, \u00e9s el\u0151k\u00e9sz\u00edtheti az utat az 1,3965-\u00f6s (E3) maximum szint fel\u00e9. Az MACD pozit\u00edv tartom\u00e1nyban van, \u00e9s \u00fagy t\u0171nik, hogy k\u00e9szen \u00e1ll az ind\u00edt\u00f3 vonal\u00e1n felfel\u00e9 val\u00f3 \u00e1tt\u00e9r\u00e9sre, ami egyel\u0151re bika jelleg\u0171 momentumot jelez. Mindazon\u00e1ltal, mivel az \u00e1rfolyam trend n\u00e9lk\u00fcli m\u00f3dban marad, a r\u00f6vid t\u00e1v\u00fa kil\u00e1t\u00e1st semlegesnek tartan\u00e1m. <b><\/b><\/li>\n<li>T\u00e1maszszint: 1,3815 (T1), 1,3790 (T2), 1,3695 (T3).<b><\/b><\/li>\n<li>Ellen\u00e1ll\u00e1sszint: 1,3875 (E1), 1,3900 (E2), 1,3965 (E3).<b><\/b><\/li>\n<\/ul>\n<p><b>USD\/JPY<\/b><\/p>\n<p><a href=\"http:\/\/stockportal.hu\/wp-content\/uploads\/2014\/05\/USDJPY_05May2014.png\" target=\"_blank\" rel=\"noopener\"><img decoding=\"async\" loading=\"lazy\" class=\"alignnone size-large wp-image-34225\" alt=\"USDJPY_05May2014\" src=\"http:\/\/stockportal.hu\/wp-content\/uploads\/2014\/05\/USDJPY_05May2014-1024x448.png\" width=\"630\" height=\"275\" \/><\/a><\/p>\n<ul>\n<li>Az<b> USD\/JPY<\/b> p\u00e1r jelent\u0151sen esett, miut\u00e1n el\u00e9rte a 103,00-as (E3) ellen\u00e1ll\u00e1sszintet k\u00f6zvetlen\u00fcl a p\u00e9nteki nem mez\u0151gazdas\u00e1gi foglalkoztat\u00e1si adat k\u00f6zz\u00e9t\u00e9tele ut\u00e1n; ma reggel lefel\u00e9 sikeresen \u00e1tt\u00f6rte a 102,00-es akad\u00e1lyt, a p\u00e1r k\u00f6zelm\u00faltbeli oldalir\u00e1ny\u00fa \u00fatvonal\u00e1nak als\u00f3 hat\u00e1r\u00e1t. Egy ilyen \u00e1tt\u00f6r\u00e9s v\u00e1rhat\u00f3an meghosszabb\u00edtja a cs\u00f6kken\u00e9st, \u00e9s tal\u00e1n megc\u00e9lozza a 101,50-es (T1) t\u00e1maszszinti s\u00e1vot. R\u00f6vid t\u00e1v\u00fa momentum mutat\u00f3sz\u00e1maink cs\u00f6kken\u0151 \u00fatvonalat k\u00f6vetnek. Az MACD jelz\u0151 \u00e9s z\u00e9rus vonala alatt van, meger\u0151s\u00edtve az \u00e1r mozg\u00e1s\u00e1nak negat\u00edv momentum\u00e1t.<\/li>\n<li>T\u00e1maszszint: 101,50 (T1), 101,25 (T2), 100,75 (T3).<\/li>\n<li>Ellen\u00e1ll\u00e1sszint: 102,00 (E1), 102,70 (E2), 103,00 (E3).<b><\/b><\/li>\n<\/ul>\n<p><b>EUR\/GBP<\/b><\/p>\n<p><a href=\"http:\/\/stockportal.hu\/wp-content\/uploads\/2014\/05\/EURGBP_05May2014.png\" target=\"_blank\" rel=\"noopener\"><img decoding=\"async\" loading=\"lazy\" class=\"alignnone size-large wp-image-34226\" alt=\"EURGBP_05May2014\" src=\"http:\/\/stockportal.hu\/wp-content\/uploads\/2014\/05\/EURGBP_05May2014-1024x448.png\" width=\"630\" height=\"275\" \/><\/a><\/p>\n<ul>\n<li>Az<b> EUR\/GBP <\/b>p\u00e1r ism\u00e9t visszapattant a 0,8200-es (T1) t\u00e1maszszintr\u0151l; az \u00e1rfolyam oldalir\u00e1ny\u00fa tartom\u00e1nyban maradt ezen s\u00e1v \u00e9s a 0,8246-os (E1) ellen\u00e1ll\u00e1sszint k\u00f6z\u00f6tt. A 0,8200-es (T1) egy\u00e9rtelm\u0171, lefel\u00e9 val\u00f3 \u00e1tt\u00f6r\u00e9se sz\u00fcks\u00e9ges a k\u00f6vetkez\u0151 alacsonyabb minimum szint meger\u0151s\u00edt\u00e9s\u00e9hez, \u00e9s hosszabb\u00edt\u00e1sokat v\u00e1lthat ki a k\u00f6vetkez\u0151 t\u00e1maszszint fel\u00e9 (0,8155 &#8211; T2). A n\u00f6veked\u00e9st tekintve a 0,8246-os (E1) akad\u00e1ly felfel\u00e9 val\u00f3 \u00e1tt\u00f6r\u00e9se a r\u00f6vid t\u00e1v\u00fa dupla alj alakzat befejez\u0151d\u00e9s\u00e9t jelezheti, \u00e9s megc\u00e9lozhatja a 0,8285-\u00f6s (E2) ellen\u00e1ll\u00e1sszintet.<\/li>\n<li>T\u00e1maszszint: 0,8200 (T1), 0,8155 (T2), 0,8085 (T3).<\/li>\n<li>Ellen\u00e1ll\u00e1sszint: 0,8246 (E1), 0,8285 (E2), 0,8310 (E3).<\/li>\n<\/ul>\n<p><b>Arany<\/b><\/p>\n<p><a href=\"http:\/\/stockportal.hu\/wp-content\/uploads\/2014\/05\/XAUUSD_05May2014.png\" target=\"_blank\" rel=\"noopener\"><img decoding=\"async\" loading=\"lazy\" class=\"alignnone size-large wp-image-34227\" alt=\"XAUUSD_05May2014\" src=\"http:\/\/stockportal.hu\/wp-content\/uploads\/2014\/05\/XAUUSD_05May2014-1024x447.png\" width=\"630\" height=\"275\" \/><\/a><\/p>\n<ul>\n<li>Az<b> arany<\/b> p\u00e9nteken jelent\u0151sen emelkedett, \u00e9s \u00e1tt\u00f6rte a k\u00e9k cs\u00f6kken\u0151 ellen\u00e1ll\u00e1sszinti vonalat, amely m\u00e1rcius 17-t\u0151l indul. A rallyt meg\u00e1ll\u00edtotta az 1305-\u00f6s (E1) ellen\u00e1ll\u00e1sszinti s\u00e1v. Ezen vonal egy\u00e9rtelm\u0171, felfel\u00e9 t\u00f6rt\u00e9n\u0151 \u00e1tt\u00f6r\u00e9se a r\u00f6vid t\u00e1v\u00fa dupla alj alakzat befejez\u0151d\u00e9s\u00e9t jelezn\u00e9, \u00e9s el\u0151k\u00e9sz\u00edten\u00e9 az utat az 1330-as (E2) maximum szint fel\u00e9. Lehets\u00e9ges, hogy \u00e1tt\u00f6ri ezt a vonalat, mivel pozit\u00edv divergencia azonos\u00edthat\u00f3 mindk\u00e9t momentum mutat\u00f3sz\u00e1munk \u00e9s az \u00e1rfolyam mozg\u00e1sa k\u00f6z\u00f6tt, mik\u00f6zben az MACD felfel\u00e9 \u00e1tt\u00e9rt jelz\u0151 \u00e9s z\u00e9rus vonal\u00e1n, ami meger\u0151s\u00edti a p\u00e9nteki pozit\u00edv momentumot. A heti grafikonon k\u00e9t egym\u00e1st k\u00f6vet\u0151 kalap\u00e1cs gyertya alakzat azonos\u00edthat\u00f3, ami fokozza a tov\u00e1bbi el\u0151remenetel val\u00f3sz\u00edn\u0171s\u00e9g\u00e9t.<\/li>\n<li>T\u00e1maszszint: 1280 (T1), 1268 (T2), 1250 (T3).<\/li>\n<li>Ellen\u00e1ll\u00e1sszint: 1305 (E1), 1330 (E2), 1342 (E3).<b><\/b><\/li>\n<\/ul>\n<p><b>Olaj<\/b><\/p>\n<p><a href=\"http:\/\/stockportal.hu\/wp-content\/uploads\/2014\/05\/CLM4_05May2014.png\" target=\"_blank\" rel=\"noopener\"><img decoding=\"async\" loading=\"lazy\" class=\"alignnone size-large wp-image-34228\" alt=\"CLM4_05May2014\" src=\"http:\/\/stockportal.hu\/wp-content\/uploads\/2014\/05\/CLM4_05May2014-1024x447.png\" width=\"630\" height=\"275\" \/><\/a><\/p>\n<ul>\n<li>A<b> WTI<\/b> valamelyest emelkedett, \u00e9s a 98,85-\u00f6s (T1) t\u00e1maszszint \u00e9s a 100,45-\u00f6s (E1) ellen\u00e1ll\u00e1sszint k\u00f6z\u00f6tt maradt. Az alacsonyabb maximum szint \u00e9s az alacsonyabb minimum szint strukt\u00far\u00e1ja &#8211; mindk\u00e9t mozg\u00f3\u00e1tlag alatt &#8211; \u00e9rv\u00e9nyben marad, ez\u00e9rt tov\u00e1bbra is negat\u00edv k\u00e9pet l\u00e1tok. Mindazon\u00e1ltal az MACD &#8211; b\u00e1r medve jelleg\u0171 tartom\u00e1nyban van &#8211; felfel\u00e9 \u00e1tt\u00e9rt jelz\u0151 vonal\u00e1n. Ez\u00e9rt a n\u00f6vekv\u0151 korrekci\u00f3s hull\u00e1m v\u00e1rhat\u00f3an folytat\u00f3dik. A napi grafikonon bika jelleg\u0171 elnyel\u0151 gyertya alakzat azonos\u00edthat\u00f3, ami kedvez a visszat\u00e9r\u00e9s folytat\u00f3d\u00e1s\u00e1nak.<\/li>\n<li>T\u00e1maszszint: 98,85 (T1), 98,00 (T2), 97,00 (T3).<\/li>\n<li>Ellen\u00e1ll\u00e1sszint: 100,45 (E1), 101,25 (E2), 102,00 (E3).<b><\/b><\/li>\n<\/ul>\n<p>&nbsp;<\/p>\n<\/div>\n","protected":false},"excerpt":{"rendered":"<p>A nem mez\u0151gazdas\u00e1gi munkaer\u0151-\u00e1llom\u00e1ny semmit sem v\u00e1ltoztatott meg:\u00a0 A p\u00e9nteken k\u00f6zz\u00e9tett nem mez\u0151gazdas\u00e1gi foglalkoztat\u00e1si adatnak meg kellett volna v\u00e1ltoztatnia a j\u00e1tszm\u00e1t,<\/p>\n","protected":false},"author":1,"featured_media":20409,"comment_status":"open","ping_status":"closed","sticky":false,"template":"","format":"standard","meta":[],"categories":[131,122],"tags":[],"_links":{"self":[{"href":"https:\/\/gazdasagportal.hu\/index.php\/wp-json\/wp\/v2\/posts\/34222"}],"collection":[{"href":"https:\/\/gazdasagportal.hu\/index.php\/wp-json\/wp\/v2\/posts"}],"about":[{"href":"https:\/\/gazdasagportal.hu\/index.php\/wp-json\/wp\/v2\/types\/post"}],"author":[{"embeddable":true,"href":"https:\/\/gazdasagportal.hu\/index.php\/wp-json\/wp\/v2\/users\/1"}],"replies":[{"embeddable":true,"href":"https:\/\/gazdasagportal.hu\/index.php\/wp-json\/wp\/v2\/comments?post=34222"}],"version-history":[{"count":3,"href":"https:\/\/gazdasagportal.hu\/index.php\/wp-json\/wp\/v2\/posts\/34222\/revisions"}],"predecessor-version":[{"id":34299,"href":"https:\/\/gazdasagportal.hu\/index.php\/wp-json\/wp\/v2\/posts\/34222\/revisions\/34299"}],"wp:featuredmedia":[{"embeddable":true,"href":"https:\/\/gazdasagportal.hu\/index.php\/wp-json\/wp\/v2\/media\/20409"}],"wp:attachment":[{"href":"https:\/\/gazdasagportal.hu\/index.php\/wp-json\/wp\/v2\/media?parent=34222"}],"wp:term":[{"taxonomy":"category","embeddable":true,"href":"https:\/\/gazdasagportal.hu\/index.php\/wp-json\/wp\/v2\/categories?post=34222"},{"taxonomy":"post_tag","embeddable":true,"href":"https:\/\/gazdasagportal.hu\/index.php\/wp-json\/wp\/v2\/tags?post=34222"}],"curies":[{"name":"wp","href":"https:\/\/api.w.org\/{rel}","templated":true}]}}