{"id":3415,"date":"2013-02-22T05:56:28","date_gmt":"2013-02-22T04:56:28","guid":{"rendered":"http:\/\/stockportal.hu\/?p=3415"},"modified":"2013-02-22T05:56:28","modified_gmt":"2013-02-22T04:56:28","slug":"ma-tartja-evertekelo-beszedet-orban-viktor","status":"publish","type":"post","link":"https:\/\/gazdasagportal.hu\/index.php\/ma-tartja-evertekelo-beszedet-orban-viktor\/","title":{"rendered":"Ma tartja \u00e9v\u00e9rt\u00e9kel\u0151 besz\u00e9d\u00e9t Orb\u00e1n Viktor"},"content":{"rendered":"<p><strong>Ma tartja hagyom\u00e1nyos \u00e9v\u00e9rt\u00e9kel\u0151 besz\u00e9d\u00e9t Orb\u00e1n Viktor minisztereln\u00f6k Budapesten, a Millen\u00e1ris Te\u00e1trumban.<!--more--><\/strong><\/p>\n<p>Ez lesz a korm\u00e1nyf\u0151 tizen\u00f6t\u00f6dik \u00e9rt\u00e9kel\u0151je, amelyet t\u00f6bb m\u00e9dium, k\u00f6zt\u00fck a Duna \u00e9s a Kossuth R\u00e1di\u00f3 is \u00e9l\u0151ben k\u00f6zvet\u00edt.<br \/>\nA Fidesz eln\u00f6ke 1999 \u00f3ta minden \u00e9v elej\u00e9n \u00e9rt\u00e9keli az elm\u00falt id\u0151szak esem\u00e9nyeit.<br \/>\nTavalyi besz\u00e9d\u00e9ben Orb\u00e1n Viktor kijelentette: a kabinet k\u00e9sz k\u00fczdeni, ha kell, de megegyezni is, ha az orsz\u00e1g \u00e9rdeke megk\u00edv\u00e1nja. Azt is mondta, hogy korm\u00e1nya v\u00e1llalkoz\u00e1s\u00e1nak els\u0151 szakasza lez\u00e1rult, Magyarorsz\u00e1g \u00faj alapokon \u00e1ll. (MTI)<\/p>\n","protected":false},"excerpt":{"rendered":"<p>Ma tartja hagyom\u00e1nyos \u00e9v\u00e9rt\u00e9kel\u0151 besz\u00e9d\u00e9t Orb\u00e1n Viktor minisztereln\u00f6k Budapesten, a Millen\u00e1ris Te\u00e1trumban.<\/p>\n","protected":false},"author":1,"featured_media":0,"comment_status":"closed","ping_status":"open","sticky":false,"template":"","format":"standard","meta":[],"categories":[18],"tags":[],"_links":{"self":[{"href":"https:\/\/gazdasagportal.hu\/index.php\/wp-json\/wp\/v2\/posts\/3415"}],"collection":[{"href":"https:\/\/gazdasagportal.hu\/index.php\/wp-json\/wp\/v2\/posts"}],"about":[{"href":"https:\/\/gazdasagportal.hu\/index.php\/wp-json\/wp\/v2\/types\/post"}],"author":[{"embeddable":true,"href":"https:\/\/gazdasagportal.hu\/index.php\/wp-json\/wp\/v2\/users\/1"}],"replies":[{"embeddable":true,"href":"https:\/\/gazdasagportal.hu\/index.php\/wp-json\/wp\/v2\/comments?post=3415"}],"version-history":[{"count":2,"href":"https:\/\/gazdasagportal.hu\/index.php\/wp-json\/wp\/v2\/posts\/3415\/revisions"}],"predecessor-version":[{"id":3417,"href":"https:\/\/gazdasagportal.hu\/index.php\/wp-json\/wp\/v2\/posts\/3415\/revisions\/3417"}],"wp:attachment":[{"href":"https:\/\/gazdasagportal.hu\/index.php\/wp-json\/wp\/v2\/media?parent=3415"}],"wp:term":[{"taxonomy":"category","embeddable":true,"href":"https:\/\/gazdasagportal.hu\/index.php\/wp-json\/wp\/v2\/categories?post=3415"},{"taxonomy":"post_tag","embeddable":true,"href":"https:\/\/gazdasagportal.hu\/index.php\/wp-json\/wp\/v2\/tags?post=3415"}],"curies":[{"name":"wp","href":"https:\/\/api.w.org\/{rel}","templated":true}]}}