{"id":3412,"date":"2013-02-21T21:33:33","date_gmt":"2013-02-21T20:33:33","guid":{"rendered":"http:\/\/stockportal.hu\/?p=3412"},"modified":"2013-02-21T21:33:33","modified_gmt":"2013-02-21T20:33:33","slug":"obama-felhivta-a-kongresszus-republikanus-vezetoit-a-budzse-ugyeben","status":"publish","type":"post","link":"https:\/\/gazdasagportal.hu\/index.php\/obama-felhivta-a-kongresszus-republikanus-vezetoit-a-budzse-ugyeben\/","title":{"rendered":"Obama felh\u00edvta a kongresszus republik\u00e1nus vezet\u0151it a b\u00fcdzs\u00e9 \u00fcgy\u00e9ben"},"content":{"rendered":"<p><strong>Barack Obama amerikai eln\u00f6k telefonon besz\u00e9lt a kongresszusi republik\u00e1nus vezet\u0151kkel az automatikus k\u00f6lts\u00e9gvet\u00e9si megszor\u00edt\u00e1sok \u00fcgy\u00e9ben, amelyek m\u00e1rcius 1-j\u00e9n l\u00e9pnek hat\u00e1lyba, ha a t\u00f6rv\u00e9nyhoz\u00e1s nem jut kompromisszumra &#8211; k\u00f6z\u00f6lte a Feh\u00e9r H\u00e1z sz\u00f3viv\u0151je cs\u00fct\u00f6rt\u00f6k\u00f6n<!--more--><\/strong><\/p>\n<p>ay Carney, an\u00e9lk\u00fcl, hogy r\u00e9szleteket k\u00f6z\u00f6lt volna, &#8222;j\u00f3&#8221;-nak min\u0151s\u00edtette az eln\u00f6knek John Boehner k\u00e9pvisel\u0151h\u00e1zi eln\u00f6kkel \u00e9s Mitch McConnellel, a szen\u00e1tusi republik\u00e1nus kisebbs\u00e9g vezet\u0151j\u00e9vel folytatott megbesz\u00e9l\u00e9s\u00e9t.<br \/>\nA sz\u00f6vets\u00e9gi b\u00fcdzs\u00e9 t\u00e9teleinek automatikus cs\u00f6kkent\u00e9s\u00e9r\u0151l &#8211; \u00f6szt\u00f6nz\u0151 c\u00e9llal &#8211; 2011-ben \u00e1llapodott meg a k\u00e9t p\u00e1rt, miut\u00e1n a szelekt\u00edv deficitcs\u00f6kkent\u00e9sr\u0151l folytatott egyezked\u00e9s\u00fck zs\u00e1kutc\u00e1ba jutott. Elemz\u0151k szerint kiad\u00e1scs\u00f6kkent\u00e9s visszavetheti a gazdas\u00e1gi n\u00f6veked\u00e9st.<br \/>\nA m\u00e1rcius 1. \u00e9s szeptember 30. k\u00f6z\u00f6tt v\u00e9grehajtand\u00f3, 85 milli\u00e1rd doll\u00e1ros megszor\u00edt\u00e1sok r\u00e9szei egy t\u00edz \u00e9vre sz\u00f3l\u00f3 csomagnak, amelynek keret\u00e9ben 1200 milli\u00e1rd doll\u00e1rt terveznek megtakar\u00edtani. A k\u00f6lts\u00e9gcs\u00f6kkent\u00e9s terh\u00e9nek fel\u00e9t a Pentagon lesz k\u00e9nytelen viselni, a fennmarad\u00f3 r\u00e9sz a t\u00f6bbi korm\u00e1nyhivatal k\u00f6z\u00f6tt oszlik majd el.<br \/>\nA h\u00e9ten az amerikai szen\u00e1tus \u00e9s a k\u00e9pvisel\u0151h\u00e1z tagjai egyar\u00e1nt szabads\u00e1gon vannak. (MTI)<\/p>\n","protected":false},"excerpt":{"rendered":"<p>Barack Obama amerikai eln\u00f6k telefonon besz\u00e9lt a kongresszusi republik\u00e1nus vezet\u0151kkel az automatikus k\u00f6lts\u00e9gvet\u00e9si megszor\u00edt\u00e1sok \u00fcgy\u00e9ben, amelyek m\u00e1rcius 1-j\u00e9n l\u00e9pnek hat\u00e1lyba, ha a t\u00f6rv\u00e9nyhoz\u00e1s nem jut kompromisszumra &#8211; k\u00f6z\u00f6lte a Feh\u00e9r H\u00e1z sz\u00f3viv\u0151je cs\u00fct\u00f6rt\u00f6k\u00f6n<\/p>\n","protected":false},"author":1,"featured_media":0,"comment_status":"closed","ping_status":"open","sticky":false,"template":"","format":"standard","meta":[],"categories":[13],"tags":[],"_links":{"self":[{"href":"https:\/\/gazdasagportal.hu\/index.php\/wp-json\/wp\/v2\/posts\/3412"}],"collection":[{"href":"https:\/\/gazdasagportal.hu\/index.php\/wp-json\/wp\/v2\/posts"}],"about":[{"href":"https:\/\/gazdasagportal.hu\/index.php\/wp-json\/wp\/v2\/types\/post"}],"author":[{"embeddable":true,"href":"https:\/\/gazdasagportal.hu\/index.php\/wp-json\/wp\/v2\/users\/1"}],"replies":[{"embeddable":true,"href":"https:\/\/gazdasagportal.hu\/index.php\/wp-json\/wp\/v2\/comments?post=3412"}],"version-history":[{"count":2,"href":"https:\/\/gazdasagportal.hu\/index.php\/wp-json\/wp\/v2\/posts\/3412\/revisions"}],"predecessor-version":[{"id":3414,"href":"https:\/\/gazdasagportal.hu\/index.php\/wp-json\/wp\/v2\/posts\/3412\/revisions\/3414"}],"wp:attachment":[{"href":"https:\/\/gazdasagportal.hu\/index.php\/wp-json\/wp\/v2\/media?parent=3412"}],"wp:term":[{"taxonomy":"category","embeddable":true,"href":"https:\/\/gazdasagportal.hu\/index.php\/wp-json\/wp\/v2\/categories?post=3412"},{"taxonomy":"post_tag","embeddable":true,"href":"https:\/\/gazdasagportal.hu\/index.php\/wp-json\/wp\/v2\/tags?post=3412"}],"curies":[{"name":"wp","href":"https:\/\/api.w.org\/{rel}","templated":true}]}}