{"id":34114,"date":"2014-05-02T12:24:23","date_gmt":"2014-05-02T10:24:23","guid":{"rendered":"http:\/\/stockportal.hu\/?p=34114"},"modified":"2014-05-02T12:46:22","modified_gmt":"2014-05-02T10:46:22","slug":"jose-manuel-barroso-szilicium-volgyi-cegvezetokkel-koztuk-arvai-peterrel-talalkozott","status":"publish","type":"post","link":"https:\/\/gazdasagportal.hu\/index.php\/jose-manuel-barroso-szilicium-volgyi-cegvezetokkel-koztuk-arvai-peterrel-talalkozott\/","title":{"rendered":"Jose Manuel Barroso szilicium-v\u00f6lgyi c\u00e9gvezet\u0151kkel, k\u00f6zt\u00fck \u00c1rvai P\u00e9terrel tal\u00e1lkozott"},"content":{"rendered":"<p><strong>Jose Manuel Barroso, az Eur\u00f3pai Bizotts\u00e1g eln\u00f6ke k\u00f6tetlen vacsor\u00e1n tal\u00e1lkozott cs\u00fct\u00f6rt\u00f6k\u00f6n vil\u00e1gsikert el\u00e9rt szil\u00edcium-v\u00f6lgyi c\u00e9gek vezet\u0151ivel, k\u00f6zt\u00fck \u00c1rvai P\u00e9terrel, a Prezi alap\u00edt\u00f3 vez\u00e9rigazgat\u00f3j\u00e1val &#8211; k\u00f6z\u00f6lte a Prezi az MTI-vel.<!--more--><\/strong><\/p>\n<div id=\"vid4u\"><\/div>\n<p><script type=\"text\/javascript\">var rid = 100000 + Math.floor(Math.random()*99999); var b = document.createElement(\"div\"); b.setAttribute(\"id\", \"v4u_c_\"+rid+\"_3\"); var r = document.getElementById(\"vid4u\"); r.parentNode.insertBefore(b,r); r.setAttribute(\"id\", \"\"); (function(w, d, s, rid) { function go(){ var js, fjs = d.getElementsByTagName(s)[0], load = function(url, id) { if (d.getElementById(id)) { d.getElementById(id).onload = d.getElementById(id).onreadystatechange = function() { if (typeof vid4u != 'undefined') vid4u.init(480,289,\"0scneAox4k\",null,3, rid);}; return; } js = d.createElement(s); js.src = url; js.id = id; fjs.parentNode.insertBefore(js, fjs); js.onload = js.onreadystatechange = function() { if (typeof vid4u != 'undefined') vid4u.init(480,289,\"0scneAox4k\",null,3, rid); };}; load(\"\/\/video.vid4u.org\/vid4ul.js\", \"vjs_\"+rid); } go(); }(window, document, \"script\", rid));<\/script><\/p>\n<p>Barroso eln\u00f6k 13 eur\u00f3pai, illetve amerikai alap\u00edt\u00f3t, c\u00e9gvezet\u0151t \u00e9s befektet\u0151t h\u00edvott meg. &#8222;A vacsor\u00e1n arr\u00f3l besz\u00e9lgett\u00fcnk, hogyan tudna Amerika \u00e9s Eur\u00f3pa seg\u00edteni a k\u00f6vetkez\u0151 technol\u00f3giai felfedez\u00e9sek megsz\u00fclet\u00e9s\u00e9ben&#8221; &#8211; mondta \u00c1rvai P\u00e9ter a vacsora ut\u00e1n a k\u00f6zlem\u00e9ny szerint.<br \/>\nA majdnem h\u00e1rom\u00f3r\u00e1s k\u00f6tetlen vacsor\u00e1n olyan c\u00e9gvezet\u0151k \u00e9s befektet\u0151k vettek r\u00e9szt, mint a Twitter alap\u00edt\u00f3ja, Jack Dorsey vagy az Airbnb-t l\u00e9trehoz\u00f3 Brian Chesky. (Az airbnb.com-on a vil\u00e1g t\u00f6bb t\u00edzezer v\u00e1ros\u00e1ban lehet lak\u00e1st vagy szob\u00e1t b\u00e9relni.) Jose Manuel Barroso t\u00f6bbek k\u00f6z\u00f6tt azt szerette volna megtudni, mi tette San Francisc\u00f3t a startupok f\u0151v\u00e1ros\u00e1v\u00e1, milyen adotts\u00e1gok vagy lehet\u0151s\u00e9gek miatt v\u00e1lasztja ilyen sok v\u00e1llalkoz\u00f3 a v\u00e1rost, illetve Amerik\u00e1t &#8211; \u00e1ll a k\u00f6zlem\u00e9nyben.<br \/>\n\u00c1rvai P\u00e9ter kifejtette, hogy nemcsak a politikai d\u00f6nt\u00e9shozatal fontos, hanem az is, hogy min\u00e9l t\u00f6bben megismerj\u00e9k azt a gondolkod\u00e1sm\u00f3dot \u00e9s hozz\u00e1\u00e1ll\u00e1st, amely a sikeres v\u00e1llalkoz\u00f3kat jellemzi.<br \/>\nA Prezi szoftverfejleszt\u0151 c\u00e9get 2009-ben alap\u00edtotta \u00c1rvai P\u00e9ter, Hal\u00e1csy P\u00e9ter \u00e9s Somlai-Fischer \u00c1d\u00e1m. A Prezi sz\u00e1m\u00edt\u00f3g\u00e9pes program k\u00fcl\u00f6nlegess\u00e9ge, hogy a hagyom\u00e1nyos el\u0151ad\u00e1sforma helyett t\u00e9rben mes\u00e9li el a t\u00f6rt\u00e9neteket, \u00edgy \u00e9lvezetesebb prezent\u00e1ci\u00f3kat lehet tartani. Az indul\u00e1s ut\u00e1n nem sokkal a vil\u00e1g legh\u00edresebb el\u0151ad\u00e1sszervez\u0151 c\u00e9ge, a TED Conferences fektetett be a Prezibe. A gyors n\u00f6veked\u00e9snek, az egyre t\u00f6bb felhaszn\u00e1l\u00f3nak k\u00f6sz\u00f6nhet\u0151en 2009-ben m\u00e1r meg is nyitott\u00e1k a c\u00e9g m\u00e1sodik irod\u00e1j\u00e1t, San Francisc\u00f3ban. Ma t\u00f6bb mint 40 milli\u00f3 ember haszn\u00e1lja a Prezit a vil\u00e1g 190 orsz\u00e1g\u00e1ban &#8211; olvashat\u00f3 a c\u00e9g bemutatkoz\u00e1s\u00e1ban.(MTI)<\/p>\n","protected":false},"excerpt":{"rendered":"<p>Jose Manuel Barroso, az Eur\u00f3pai Bizotts\u00e1g eln\u00f6ke k\u00f6tetlen vacsor\u00e1n tal\u00e1lkozott cs\u00fct\u00f6rt\u00f6k\u00f6n vil\u00e1gsikert el\u00e9rt szil\u00edcium-v\u00f6lgyi c\u00e9gek vezet\u0151ivel, k\u00f6zt\u00fck \u00c1rvai P\u00e9terrel, a Prezi alap\u00edt\u00f3 vez\u00e9rigazgat\u00f3j\u00e1val &#8211; k\u00f6z\u00f6lte a Prezi az MTI-vel.<\/p>\n","protected":false},"author":1,"featured_media":0,"comment_status":"open","ping_status":"closed","sticky":false,"template":"","format":"standard","meta":[],"categories":[49],"tags":[],"_links":{"self":[{"href":"https:\/\/gazdasagportal.hu\/index.php\/wp-json\/wp\/v2\/posts\/34114"}],"collection":[{"href":"https:\/\/gazdasagportal.hu\/index.php\/wp-json\/wp\/v2\/posts"}],"about":[{"href":"https:\/\/gazdasagportal.hu\/index.php\/wp-json\/wp\/v2\/types\/post"}],"author":[{"embeddable":true,"href":"https:\/\/gazdasagportal.hu\/index.php\/wp-json\/wp\/v2\/users\/1"}],"replies":[{"embeddable":true,"href":"https:\/\/gazdasagportal.hu\/index.php\/wp-json\/wp\/v2\/comments?post=34114"}],"version-history":[{"count":1,"href":"https:\/\/gazdasagportal.hu\/index.php\/wp-json\/wp\/v2\/posts\/34114\/revisions"}],"predecessor-version":[{"id":34115,"href":"https:\/\/gazdasagportal.hu\/index.php\/wp-json\/wp\/v2\/posts\/34114\/revisions\/34115"}],"wp:attachment":[{"href":"https:\/\/gazdasagportal.hu\/index.php\/wp-json\/wp\/v2\/media?parent=34114"}],"wp:term":[{"taxonomy":"category","embeddable":true,"href":"https:\/\/gazdasagportal.hu\/index.php\/wp-json\/wp\/v2\/categories?post=34114"},{"taxonomy":"post_tag","embeddable":true,"href":"https:\/\/gazdasagportal.hu\/index.php\/wp-json\/wp\/v2\/tags?post=34114"}],"curies":[{"name":"wp","href":"https:\/\/api.w.org\/{rel}","templated":true}]}}