{"id":34108,"date":"2014-05-02T14:59:09","date_gmt":"2014-05-02T12:59:09","guid":{"rendered":"http:\/\/stockportal.hu\/?p=34108"},"modified":"2014-05-02T12:42:08","modified_gmt":"2014-05-02T10:42:08","slug":"eroteljesen-nott-a-hasznalt-autok-maganimportja","status":"publish","type":"post","link":"https:\/\/gazdasagportal.hu\/index.php\/eroteljesen-nott-a-hasznalt-autok-maganimportja\/","title":{"rendered":"Er\u0151teljesen n\u0151tt a haszn\u00e1lt aut\u00f3k mag\u00e1nimportja"},"content":{"rendered":"<p><strong>Er\u0151teljesen n\u0151tt a haszn\u00e1lt g\u00e9pj\u00e1rm\u0171vek behozatala id\u00e9n a mag\u00e1nimportot s\u00fajt\u00f3 \u00faj illet\u00e9kt\u00f6rv\u00e9ny dac\u00e1ra, az id\u0151s kocsik behozatal\u00e1nak legfeljebb a szigor\u00fabb szab\u00e1lyoz\u00e1s vagy az \u00fajaut\u00f3-piac fellend\u00fcl\u00e9se szabhatna g\u00e1tat &#8211; h\u00edvja fel a figyelmet a Das Weltauto az MTI-hez eljuttatott elemz\u00e9s\u00e9ben.<!--more--><\/strong><\/p>\n<div id=\"vid4u\"><\/div>\n<p><script type=\"text\/javascript\">var rid = 100000 + Math.floor(Math.random()*99999); var b = document.createElement(\"div\"); b.setAttribute(\"id\", \"v4u_c_\"+rid+\"_3\"); var r = document.getElementById(\"vid4u\"); r.parentNode.insertBefore(b,r); r.setAttribute(\"id\", \"\"); (function(w, d, s, rid) { function go(){ var js, fjs = d.getElementsByTagName(s)[0], load = function(url, id) { if (d.getElementById(id)) { d.getElementById(id).onload = d.getElementById(id).onreadystatechange = function() { if (typeof vid4u != 'undefined') vid4u.init(480,289,\"0scneAox4k\",null,3, rid);}; return; } js = d.createElement(s); js.src = url; js.id = id; fjs.parentNode.insertBefore(js, fjs); js.onload = js.onreadystatechange = function() { if (typeof vid4u != 'undefined') vid4u.init(480,289,\"0scneAox4k\",null,3, rid); };}; load(\"\/\/video.vid4u.org\/vid4ul.js\", \"vjs_\"+rid); } go(); }(window, document, \"script\", rid));<\/script><\/p>\n<p>Az id\u00e9n az els\u0151 negyed\u00e9v sor\u00e1n 20 735 haszn\u00e1lt kocsit helyeztek forgalomba Magyarorsz\u00e1gon, 49,6 sz\u00e1zal\u00e9kkal t\u00f6bbet, mint 2013 hasonl\u00f3 id\u0151szak\u00e1ban &#8211; ismertetik az adatokat, hozz\u00e1t\u00e9ve: r\u00e1ad\u00e1sul az import\u00e1lt g\u00e9pj\u00e1rm\u0171vek csaknem 60 sz\u00e1zal\u00e9ka t\u00edz \u00e9vn\u00e9l id\u0151sebb volt, \u00e9s mind\u00f6ssze minden \u00f6t\u00f6dik \u00f6t \u00e9vn\u00e9l fiatalabb.<br \/>\nA k\u00fclf\u00f6ldr\u0151l behozott haszn\u00e1lt j\u00e1rm\u0171vekre 2014. janu\u00e1r 1-je \u00f3ta alkalmazott vagyonszerz\u00e9si illet\u00e9k a v\u00e1rakoz\u00e1sokkal ellent\u00e9tben nem szabott g\u00e1tat az aut\u00f3k be\u00e1raml\u00e1s\u00e1nak \u00e9s a hazai g\u00e9pj\u00e1rm\u0171park tov\u00e1bbi \u00f6reged\u00e9s\u00e9nek, tov\u00e1bbra is \u00e9rkeznek az orsz\u00e1gba a bizonytalan el\u0151\u00e9let\u0171, rossz \u00e1llapot\u00fa, id\u0151s aut\u00f3k &#8211; emelte ki Frank Gy\u00f6rgy, a Das WeltAuto megb\u00edzott m\u00e1rkaigazgat\u00f3ja, akit a k\u00f6zlem\u00e9ny id\u00e9z.<br \/>\nA szakember szerint az id\u0151s kocsik importj\u00e1nak a szab\u00e1lyoz\u00e1s tov\u00e1bbi szigor\u00edt\u00e1sa szabhatna g\u00e1tat. Jav\u00edtana\u00a0\u00a0helyzeten az \u00fajaut\u00f3-piac fellend\u00fcl\u00e9se is, azonban a megfelel\u0151 finansz\u00edroz\u00e1si lehet\u0151s\u00e9gek \u00e9s a hitelfelv\u00e9teli hajlam hi\u00e1nya miatt a keresked\u0151k abban m\u00e9g nem sz\u00e1m\u00edtanak \u00e1tt\u00f6r\u00e9sre &#8211; jelezte.<br \/>\nA forgalomba helyez\u00e9si adatok szerint az id\u00e9n behozott haszn\u00e1lt g\u00e9pkocsik k\u00f6z\u00f6tt a Volkswagen volt a legn\u00e9pszer\u0171bb (2978 aut\u00f3), valamit a Ford (2187) \u00e9s a BMW (2164). Sokan hoznak a hat\u00e1ron t\u00falr\u00f3l magasabb besorol\u00e1s\u00fa aut\u00f3kat, az Audi (1607) \u00e9s a Mercedes (1462) is az els\u0151 hat k\u00f6z\u00f6tt szerepelt a list\u00e1n. Luxusaut\u00f3k is \u00e9rkeztek haszn\u00e1ltan: 38 Porsch\u00e9t, 5 Ferrarit, \u00e9s egy-egy Aston Martint \u00e9s Maseratit helyeztek forgalomba az els\u0151 h\u00e1rom h\u00f3napban Magyarorsz\u00e1gon.<br \/>\nA DasWeltauto a Volkswagen csoport m\u00e1rk\u00e1inak import\u0151re, a Porsche Hungaria \u00f6n\u00e1ll\u00f3 m\u00e1rk\u00e1jak\u00e9nt m\u0171k\u00f6dik Magyarorsz\u00e1gon. Jelenleg 34 \u00e9rt\u00e9kes\u00edt\u0151helyb\u0151l \u00e1ll\u00f3 h\u00e1l\u00f3zattal rendelkezik.(MTI)<\/p>\n","protected":false},"excerpt":{"rendered":"<p>Er\u0151teljesen n\u0151tt a haszn\u00e1lt g\u00e9pj\u00e1rm\u0171vek behozatala id\u00e9n a mag\u00e1nimportot s\u00fajt\u00f3 \u00faj illet\u00e9kt\u00f6rv\u00e9ny dac\u00e1ra, az id\u0151s kocsik behozatal\u00e1nak legfeljebb a szigor\u00fabb szab\u00e1lyoz\u00e1s vagy az \u00fajaut\u00f3-piac fellend\u00fcl\u00e9se szabhatna g\u00e1tat &#8211; h\u00edvja fel a figyelmet a Das Weltauto az MTI-hez eljuttatott elemz\u00e9s\u00e9ben.<\/p>\n","protected":false},"author":1,"featured_media":0,"comment_status":"open","ping_status":"closed","sticky":false,"template":"","format":"standard","meta":[],"categories":[19],"tags":[],"_links":{"self":[{"href":"https:\/\/gazdasagportal.hu\/index.php\/wp-json\/wp\/v2\/posts\/34108"}],"collection":[{"href":"https:\/\/gazdasagportal.hu\/index.php\/wp-json\/wp\/v2\/posts"}],"about":[{"href":"https:\/\/gazdasagportal.hu\/index.php\/wp-json\/wp\/v2\/types\/post"}],"author":[{"embeddable":true,"href":"https:\/\/gazdasagportal.hu\/index.php\/wp-json\/wp\/v2\/users\/1"}],"replies":[{"embeddable":true,"href":"https:\/\/gazdasagportal.hu\/index.php\/wp-json\/wp\/v2\/comments?post=34108"}],"version-history":[{"count":1,"href":"https:\/\/gazdasagportal.hu\/index.php\/wp-json\/wp\/v2\/posts\/34108\/revisions"}],"predecessor-version":[{"id":34109,"href":"https:\/\/gazdasagportal.hu\/index.php\/wp-json\/wp\/v2\/posts\/34108\/revisions\/34109"}],"wp:attachment":[{"href":"https:\/\/gazdasagportal.hu\/index.php\/wp-json\/wp\/v2\/media?parent=34108"}],"wp:term":[{"taxonomy":"category","embeddable":true,"href":"https:\/\/gazdasagportal.hu\/index.php\/wp-json\/wp\/v2\/categories?post=34108"},{"taxonomy":"post_tag","embeddable":true,"href":"https:\/\/gazdasagportal.hu\/index.php\/wp-json\/wp\/v2\/tags?post=34108"}],"curies":[{"name":"wp","href":"https:\/\/api.w.org\/{rel}","templated":true}]}}