{"id":34104,"date":"2014-05-02T12:39:33","date_gmt":"2014-05-02T10:39:33","guid":{"rendered":"http:\/\/stockportal.hu\/?p=34104"},"modified":"2014-05-02T12:39:33","modified_gmt":"2014-05-02T10:39:33","slug":"ukran-valsag-a-kreml-szerint-kijev-lerombolja-az-utolso-remenyt-is-a-bekes-rendezesre","status":"publish","type":"post","link":"https:\/\/gazdasagportal.hu\/index.php\/ukran-valsag-a-kreml-szerint-kijev-lerombolja-az-utolso-remenyt-is-a-bekes-rendezesre\/","title":{"rendered":"Ukr\u00e1n v\u00e1ls\u00e1g: A Kreml szerint Kijev lerombolja az utols\u00f3 rem\u00e9nyt is a b\u00e9k\u00e9s rendez\u00e9sre"},"content":{"rendered":"<p><strong>Vlagyimir Putyin orosz eln\u00f6k szerint Kijev a b\u00e9k\u00e9s rendez\u00e9st el\u0151ir\u00e1nyz\u00f3 genfi meg\u00e1llapod\u00e1s megval\u00f3s\u00edt\u00e1s\u00e1nak az utols\u00f3 rem\u00e9ny\u00e9t is sz\u00e9tz\u00fazza azzal, hogy hadm\u0171veletet ind\u00edtott a kelet-ukrajnai oroszbar\u00e1t er\u0151k ellen.<!--more--><\/strong><\/p>\n<div id=\"vid4u\"><\/div>\n<p><script type=\"text\/javascript\">var rid = 100000 + Math.floor(Math.random()*99999); var b = document.createElement(\"div\"); b.setAttribute(\"id\", \"v4u_c_\"+rid+\"_3\"); var r = document.getElementById(\"vid4u\"); r.parentNode.insertBefore(b,r); r.setAttribute(\"id\", \"\"); (function(w, d, s, rid) { function go(){ var js, fjs = d.getElementsByTagName(s)[0], load = function(url, id) { if (d.getElementById(id)) { d.getElementById(id).onload = d.getElementById(id).onreadystatechange = function() { if (typeof vid4u != 'undefined') vid4u.init(480,289,\"0scneAox4k\",null,3, rid);}; return; } js = d.createElement(s); js.src = url; js.id = id; fjs.parentNode.insertBefore(js, fjs); js.onload = js.onreadystatechange = function() { if (typeof vid4u != 'undefined') vid4u.init(480,289,\"0scneAox4k\",null,3, rid); };}; load(\"\/\/video.vid4u.org\/vid4ul.js\", \"vjs_\"+rid); } go(); }(window, document, \"script\", rid));<\/script><\/p>\n<p>A kijevi vezet\u00e9s harci \u00fczemm\u00f3dba kapcsolt \u00e9s b\u00e9k\u00e9s telep\u00fcl\u00e9seket t\u00e1mad &#8211; hangoztatta p\u00e9nteken Moszkv\u00e1ban Dmitrij Peszkov, az orosz eln\u00f6k sz\u00f3viv\u0151je. Felr\u00f3tta, hogy &#8222;mik\u00f6zben Oroszorsz\u00e1g a rendez\u00e9sre \u00e9s a konfliktus kisz\u00e9lesed\u00e9s\u00e9nek megakad\u00e1lyoz\u00e1s\u00e1ra tesz er\u0151fesz\u00edt\u00e9seket, addig a kijevi hatalom b\u00e9k\u00e9s telep\u00fcl\u00e9seket l\u00f6vet&#8221;.<br \/>\nA Kreml befoly\u00e1sos tisztvisel\u0151je utalt az orosz eln\u00f6k keddi, Minszkben elhangzott figyelmeztet\u00e9s\u00e9re, amely szerint egy ilyen fell\u00e9p\u00e9s b\u0171ncselekm\u00e9nnyel \u00e9rne fel. &#8222;A fejlem\u00e9nyek sajnos meger\u0151s\u00edtik ezt az \u00e9rt\u00e9kel\u00e9st&#8221; &#8211; tette hozz\u00e1 Peszkov.<br \/>\nA kijevi korm\u00e1ny terroristaellenes fell\u00e9p\u00e9snek min\u0151s\u00edti az oroszbar\u00e1t fegyveresek ellen hajnalban ind\u00edtott szlovjanszki katonai m\u0171veletet.<br \/>\nAz orosz eln\u00f6ki sz\u00f3viv\u0151 k\u00f6z\u00f6lte, hogy Vlagyimir Putyin el\u0151z\u0151 nap a kelet-ukrajnai t\u00e9rs\u00e9gbe k\u00fcldte k\u00fcl\u00f6nmegb\u00edzottj\u00e1t, Vlagyimir Lukin volt orsz\u00e1ggy\u0171l\u00e9si emberi jogi biztost, hogy bekapcsol\u00f3djon a kor\u00e1bban Szlovjanszkban foglyul ejtett k\u00fclf\u00f6ldi katonai megfigyel\u0151k szabadon bocs\u00e1t\u00e1s\u00e1r\u00f3l foly\u00f3 t\u00e1rgyal\u00e1sokba. Dmitrij Peszkov azt mondta, hogy rendk\u00edv\u00fcl agg\u00f3dnak, mert nem tudnak kapcsolatot l\u00e9tes\u00edteni az \u00e1ltala megtorl\u00f3 akci\u00f3nak nevezett katonai m\u0171velet \u00f6vezet\u00e9ben tart\u00f3zkod\u00f3 Lukinnal. Hangs\u00falyozta, hogy k\u00f6vetelik az orosz eln\u00f6ki k\u00fcl\u00f6nmegb\u00edzott \u00e9s az orosz \u00e9s m\u00e1s k\u00fclf\u00f6ldi \u00fajs\u00e1g\u00edr\u00f3k biztons\u00e1g\u00e1nak szavatol\u00e1s\u00e1t.<br \/>\nAz ITAR-TASZSZ orosz \u00e1llami h\u00edr\u00fcgyn\u00f6ks\u00e9g ugyanakkor azt jelentette, hogy siker\u00fclt telefonon utol\u00e9rni\u00fck Vlagyimir Lukint.(MTI)<\/p>\n","protected":false},"excerpt":{"rendered":"<p>Vlagyimir Putyin orosz eln\u00f6k szerint Kijev a b\u00e9k\u00e9s rendez\u00e9st el\u0151ir\u00e1nyz\u00f3 genfi meg\u00e1llapod\u00e1s megval\u00f3s\u00edt\u00e1s\u00e1nak az utols\u00f3 rem\u00e9ny\u00e9t is sz\u00e9tz\u00fazza azzal, hogy hadm\u0171veletet ind\u00edtott a kelet-ukrajnai oroszbar\u00e1t er\u0151k ellen.<\/p>\n","protected":false},"author":1,"featured_media":0,"comment_status":"open","ping_status":"closed","sticky":false,"template":"","format":"standard","meta":[],"categories":[139],"tags":[],"_links":{"self":[{"href":"https:\/\/gazdasagportal.hu\/index.php\/wp-json\/wp\/v2\/posts\/34104"}],"collection":[{"href":"https:\/\/gazdasagportal.hu\/index.php\/wp-json\/wp\/v2\/posts"}],"about":[{"href":"https:\/\/gazdasagportal.hu\/index.php\/wp-json\/wp\/v2\/types\/post"}],"author":[{"embeddable":true,"href":"https:\/\/gazdasagportal.hu\/index.php\/wp-json\/wp\/v2\/users\/1"}],"replies":[{"embeddable":true,"href":"https:\/\/gazdasagportal.hu\/index.php\/wp-json\/wp\/v2\/comments?post=34104"}],"version-history":[{"count":1,"href":"https:\/\/gazdasagportal.hu\/index.php\/wp-json\/wp\/v2\/posts\/34104\/revisions"}],"predecessor-version":[{"id":34105,"href":"https:\/\/gazdasagportal.hu\/index.php\/wp-json\/wp\/v2\/posts\/34104\/revisions\/34105"}],"wp:attachment":[{"href":"https:\/\/gazdasagportal.hu\/index.php\/wp-json\/wp\/v2\/media?parent=34104"}],"wp:term":[{"taxonomy":"category","embeddable":true,"href":"https:\/\/gazdasagportal.hu\/index.php\/wp-json\/wp\/v2\/categories?post=34104"},{"taxonomy":"post_tag","embeddable":true,"href":"https:\/\/gazdasagportal.hu\/index.php\/wp-json\/wp\/v2\/tags?post=34104"}],"curies":[{"name":"wp","href":"https:\/\/api.w.org\/{rel}","templated":true}]}}