{"id":34102,"date":"2014-05-02T12:20:18","date_gmt":"2014-05-02T10:20:18","guid":{"rendered":"http:\/\/stockportal.hu\/?p=34102"},"modified":"2014-05-02T12:20:18","modified_gmt":"2014-05-02T10:20:18","slug":"ukran-valsag-az-ukran-belugyminiszter-ultimatumot-adott-a-fegyveres-szakadaroknak","status":"publish","type":"post","link":"https:\/\/gazdasagportal.hu\/index.php\/ukran-valsag-az-ukran-belugyminiszter-ultimatumot-adott-a-fegyveres-szakadaroknak\/","title":{"rendered":"Ukr\u00e1n v\u00e1ls\u00e1g: Az ukr\u00e1n bel\u00fcgyminiszter ultim\u00e1tumot adott a fegyveres szakad\u00e1roknak"},"content":{"rendered":"<p><strong>Azonnali fegyverlet\u00e9telre, valamennyi t\u00fasz szabadon enged\u00e9s\u00e9re, az elfoglalt k\u00f6zigazgat\u00e1si \u00e9p\u00fcletek elhagy\u00e1s\u00e1ra \u00e9s a rendbont\u00e1s besz\u00fcntet\u00e9s\u00e9re sz\u00f3l\u00edtotta fel a kelet-ukrajnai fegyveres szakad\u00e1rokat p\u00e9nteken Arszen Avakov ukr\u00e1n bel\u00fcgyminiszter.<!--more--><\/strong><\/p>\n<div id=\"vid4u\"><\/div>\n<p><script type=\"text\/javascript\">var rid = 100000 + Math.floor(Math.random()*99999); var b = document.createElement(\"div\"); b.setAttribute(\"id\", \"v4u_c_\"+rid+\"_3\"); var r = document.getElementById(\"vid4u\"); r.parentNode.insertBefore(b,r); r.setAttribute(\"id\", \"\"); (function(w, d, s, rid) { function go(){ var js, fjs = d.getElementsByTagName(s)[0], load = function(url, id) { if (d.getElementById(id)) { d.getElementById(id).onload = d.getElementById(id).onreadystatechange = function() { if (typeof vid4u != 'undefined') vid4u.init(480,289,\"0scneAox4k\",null,3, rid);}; return; } js = d.createElement(s); js.src = url; js.id = id; fjs.parentNode.insertBefore(js, fjs); js.onload = js.onreadystatechange = function() { if (typeof vid4u != 'undefined') vid4u.init(480,289,\"0scneAox4k\",null,3, rid); };}; load(\"\/\/video.vid4u.org\/vid4ul.js\", \"vjs_\"+rid); } go(); }(window, document, \"script\", rid));<\/script><\/p>\n<p>A bel\u00fcgyminiszt\u00e9rium honlapj\u00e1n k\u00f6zz\u00e9tett ultim\u00e1tum szerint a hat\u00f3s\u00e1gok k\u00e9szek arra, hogy amneszti\u00e1t adjanak a civil ellen\u00e1ll\u00e1sban \u00e9s a k\u00f6zigazgat\u00e1si \u00e9p\u00fcletek elfoglal\u00e1s\u00e1ban r\u00e9sztvev\u0151knek, ha nem k\u00f6vettek el s\u00falyos b\u0171ncselekm\u00e9nyeket.<br \/>\n\u201eK\u00e9szek vagyunk t\u00e1rgyalni a tiltakoz\u00f3kkal \u00e9s a k\u00e9pvisel\u0151ikkel. A terrorist\u00e1kra \u00e9s a fegyveres szakad\u00e1rokra azonban elker\u00fclhetetlen b\u00fcntet\u00e9s v\u00e1r\u201d \u2013 jelentette ki Arszen Avakov.(MTI)<\/p>\n","protected":false},"excerpt":{"rendered":"<p>Azonnali fegyverlet\u00e9telre, valamennyi t\u00fasz szabadon enged\u00e9s\u00e9re, az elfoglalt k\u00f6zigazgat\u00e1si \u00e9p\u00fcletek elhagy\u00e1s\u00e1ra \u00e9s a rendbont\u00e1s besz\u00fcntet\u00e9s\u00e9re sz\u00f3l\u00edtotta fel a kelet-ukrajnai fegyveres szakad\u00e1rokat p\u00e9nteken Arszen Avakov ukr\u00e1n bel\u00fcgyminiszter.<\/p>\n","protected":false},"author":1,"featured_media":0,"comment_status":"open","ping_status":"closed","sticky":false,"template":"","format":"standard","meta":[],"categories":[139],"tags":[],"_links":{"self":[{"href":"https:\/\/gazdasagportal.hu\/index.php\/wp-json\/wp\/v2\/posts\/34102"}],"collection":[{"href":"https:\/\/gazdasagportal.hu\/index.php\/wp-json\/wp\/v2\/posts"}],"about":[{"href":"https:\/\/gazdasagportal.hu\/index.php\/wp-json\/wp\/v2\/types\/post"}],"author":[{"embeddable":true,"href":"https:\/\/gazdasagportal.hu\/index.php\/wp-json\/wp\/v2\/users\/1"}],"replies":[{"embeddable":true,"href":"https:\/\/gazdasagportal.hu\/index.php\/wp-json\/wp\/v2\/comments?post=34102"}],"version-history":[{"count":1,"href":"https:\/\/gazdasagportal.hu\/index.php\/wp-json\/wp\/v2\/posts\/34102\/revisions"}],"predecessor-version":[{"id":34103,"href":"https:\/\/gazdasagportal.hu\/index.php\/wp-json\/wp\/v2\/posts\/34102\/revisions\/34103"}],"wp:attachment":[{"href":"https:\/\/gazdasagportal.hu\/index.php\/wp-json\/wp\/v2\/media?parent=34102"}],"wp:term":[{"taxonomy":"category","embeddable":true,"href":"https:\/\/gazdasagportal.hu\/index.php\/wp-json\/wp\/v2\/categories?post=34102"},{"taxonomy":"post_tag","embeddable":true,"href":"https:\/\/gazdasagportal.hu\/index.php\/wp-json\/wp\/v2\/tags?post=34102"}],"curies":[{"name":"wp","href":"https:\/\/api.w.org\/{rel}","templated":true}]}}