{"id":34090,"date":"2014-05-02T10:49:53","date_gmt":"2014-05-02T08:49:53","guid":{"rendered":"http:\/\/stockportal.hu\/?p=34090"},"modified":"2014-05-02T10:50:35","modified_gmt":"2014-05-02T08:50:35","slug":"forex-tozsde-deviza-arany-olaj-technikai-es-fundamentalis-elemzese-2014-05-02","status":"publish","type":"post","link":"https:\/\/gazdasagportal.hu\/index.php\/forex-tozsde-deviza-arany-olaj-technikai-es-fundamentalis-elemzese-2014-05-02\/","title":{"rendered":"Forex, t\u0151zsde, deviza, arany, olaj technikai \u00e9s fundament\u00e1lis elemz\u00e9se  &#8211; 2014.05.02"},"content":{"rendered":"<p><strong>A nem mez\u0151gazdas\u00e1gi munkaer\u0151-\u00e1llom\u00e1ny k\u00f6zz\u00e9t\u00e9tel\u00e9nek napja\u00a0 A mai f\u00f3kuszban az USA \u00e1prilisi nem mez\u0151gazdas\u00e1gi munkaer\u0151-\u00e1llom\u00e1ny adata \u00e1ll. Ez kulcsfontoss\u00e1g\u00fa mutat\u00f3sz\u00e1m az \u00f6sszes p\u00e9nz\u00fcgyi piac sz\u00e1m\u00e1ra, mivel a foglalkoztat\u00e1s fontos a Fed sz\u00e1m\u00e1ra \u2013 ugyanis kett\u0151s feladata van: \u201ea maxim\u00e1lis foglalkoztat\u00e1s, a stabil \u00e1rak \u00e9s a m\u00e9rs\u00e9kelt, hossz\u00fa t\u00e1v\u00fa kamatl\u00e1bak c\u00e9ljainak hat\u00e9kony el\u0151seg\u00edt\u00e9se\u201d \u2013tov\u00e1bb\u00e1 a foglalkoztat\u00e1s az USA-beli gazdas\u00e1g eg\u00e9szs\u00e9gess\u00e9g\u00e9nek fontos mutat\u00f3sz\u00e1ma.\u00a0<!--more--><\/strong><\/p>\n<div id=\"vid4u\"><\/div>\n<p><script type=\"text\/javascript\">var rid = 100000 + Math.floor(Math.random()*99999); var b = document.createElement(\"div\"); b.setAttribute(\"id\", \"v4u_c_\"+rid+\"_3\"); var r = document.getElementById(\"vid4u\"); r.parentNode.insertBefore(b,r); r.setAttribute(\"id\", \"\"); (function(w, d, s, rid) { function go(){ var js, fjs = d.getElementsByTagName(s)[0], load = function(url, id) { if (d.getElementById(id)) { d.getElementById(id).onload = d.getElementById(id).onreadystatechange = function() { if (typeof vid4u != 'undefined') vid4u.init(480,289,\"0scneAox4k\",null,3, rid);}; return; } js = d.createElement(s); js.src = url; js.id = id; fjs.parentNode.insertBefore(js, fjs); js.onload = js.onreadystatechange = function() { if (typeof vid4u != 'undefined') vid4u.init(480,289,\"0scneAox4k\",null,3, rid); };}; load(\"\/\/video.vid4u.org\/vid4ul.js\", \"vjs_\"+rid); } go(); }(window, document, \"script\", rid));<\/script><\/p>\n<p><strong><a title=\"IronFX\" href=\"https:\/\/www.ironfx.com\/hu\/forex-demo-competition?utm_source=631980&amp;utm_medium=ib_link&amp;utm_campaign=IB\" target=\"_blank\" rel=\"noopener\"><strong>IronFX<\/strong><\/a>\u00a0napi elemz\u00e9s:<\/strong><\/p>\n<p><strong>Ma k\u00f6zz\u00e9teszik az \u00e1prilisi nem mez\u0151gazdas\u00e1gi munkaer\u0151-\u00e1llom\u00e1ny adatait<\/strong><\/p><div id=\"gazda-2112417578\" class=\"gazda-tartalomban gazda-entity-placement\"><script async src=\"https:\/\/pagead2.googlesyndication.com\/pagead\/js\/adsbygoogle.js\"><\/script>\r\n<ins class=\"adsbygoogle\"\r\n     style=\"display:block\"\r\n     data-ad-format=\"fluid\"\r\n     data-ad-layout-key=\"-6t+ed+2i-1n-4w\"\r\n     data-ad-client=\"ca-pub-1959107119989764\"\r\n     data-ad-slot=\"4008251320\"><\/ins>\r\n<script>\r\n     (adsbygoogle = window.adsbygoogle || []).push({});\r\n<\/script><\/div>\n<ul>\n<li>A piaci becsl\u00e9s szerint +218 ezer, ami n\u00f6veked\u00e9st jelent a m\u00e1rciusi +192 ezres adathoz \u00e9s a +188 ezres 6 havi \u00e1tlaghoz k\u00e9pest<\/li>\n<li>Az el\u0151rejelz\u00e9snek megfelel\u0151 vagy azt fel\u00fclm\u00fal\u00f3 adat meger\u0151s\u00edti az USA gazdas\u00e1g\u00e1nak gyorsul\u00e1s\u00e1t az 1. negyed\u00e9ves lanyha n\u00f6veked\u00e9shez k\u00e9pest, \u00e9s meger\u0151s\u00edti a kamatl\u00e1bemel\u00e9ssel kapcsolatos v\u00e1rakoz\u00e1sokat<\/li>\n<li>T\u00e1mogathatja az amerikai doll\u00e1rt, de a k\u00f6zelm\u00faltbeli tapasztalatok alapj\u00e1n az USD a nem mez\u0151gazdas\u00e1gi munkaer\u0151-\u00e1llom\u00e1ny \u00e1ltal okozott ut\u00f3bbi 6 pozit\u00edv meglepet\u00e9sb\u0151l 2 alkalommal volt er\u0151sebb egy h\u00e9ttel a k\u00f6zz\u00e9t\u00e9tel ut\u00e1n<\/li>\n<li>A v\u00e1rakoz\u00e1sokon alulmarad\u00f3 adat &#8211; k\u00fcl\u00f6n\u00f6sen az \u00e1tlag alatti \u2013 \u201eleromboln\u00e1\u201d a piac azon felt\u00e9telez\u00e9s\u00e9t, miszerint az USA gazdas\u00e1ga javul, \u00e9s magasabb kamatl\u00e1bak v\u00e1rhat\u00f3k<\/li>\n<li>A doll\u00e1r val\u00f3sz\u00edn\u0171leg gyeng\u00fclazon felt\u00e9telez\u00e9s hat\u00e1s\u00e1ra, hogy az USA-beli kamatl\u00e1bak \u201ehosszabb ideig alacsonyabb szinten\u201d maradnak<\/li>\n<li>A kock\u00e1zatv\u00e1llal\u00f3 keresked\u00e9s val\u00f3sz\u00edn\u0171leg el\u0151nyre tesz szert: \u00e1rudeviz\u00e1k \u00e9s felt\u00f6rekv\u0151 piacokbeli carry trade<\/li>\n<li>Tov\u00e1bbi k\u00f6vetend\u0151 pontok: \u00e1tlagos munkab\u00e9rek, heti munka\u00f3r\u00e1k sz\u00e1ma<\/li>\n<li>A Fed eln\u00f6ke, Yellen elmondta, hogy a b\u00e9rek a munkaer\u0151-piac eg\u00e9szs\u00e9g\u00e9nek j\u00f3 mutat\u00f3sz\u00e1mai<\/li>\n<li>Az USD\/JPY p\u00e1r reag\u00e1lt legink\u00e1bb a nem mez\u0151gazdas\u00e1gi munkaer\u0151-\u00e1llom\u00e1ny k\u00f6zz\u00e9t\u00e9tel\u00e9re<\/li>\n<\/ul>\n<p><strong>Ma m\u00e1shol:<\/strong><\/p>\n<ul>\n<li>Euroz\u00f3na: Gy\u00e1rt\u00e1si PMI-indexek \u00e1prilisra vonatkoz\u00f3an, az euroz\u00f3na v\u00e9gleges adatai. Az euroz\u00f3na munkan\u00e9lk\u00fclis\u00e9gi r\u00e1t\u00e1ja m\u00e1rciusban v\u00e1rhat\u00f3an v\u00e1ltozatlan<\/li>\n<li>EGYES\u00dcLT KIR\u00c1LYS\u00c1G: \u00c9p\u00edt\u0151ipari PMI-index v\u00e1rhat\u00f3an valamelyest cs\u00f6kkent, kedvez\u0151tlen lehet az angol fontra n\u00e9zve<\/li>\n<li>USA: A gy\u00e1ri rendel\u00e9s\u00e1llom\u00e1ny m\u00e1rciusban v\u00e1rhat\u00f3an emelkedett, de valamelyest lassabb \u00fctemben<\/li>\n<\/ul>\n<p><strong>R\u00e9szletes elemz\u00e9s:<\/strong><\/p>\n<ul>\n<li>\u00b7\u00a0\u00a0\u00a0\u00a0\u00a0\u00a0\u00a0\u00a0 <b>A nem mez\u0151gazdas\u00e1gi munkaer\u0151-\u00e1llom\u00e1ny k\u00f6zz\u00e9t\u00e9tel\u00e9nek napja<\/b>\u00a0 A mai f\u00f3kuszban az USA \u00e1prilisi nem mez\u0151gazdas\u00e1gi munkaer\u0151-\u00e1llom\u00e1ny adata \u00e1ll. Ez kulcsfontoss\u00e1g\u00fa mutat\u00f3sz\u00e1m az \u00f6sszes p\u00e9nz\u00fcgyi piac sz\u00e1m\u00e1ra, mivel a foglalkoztat\u00e1s fontos a Fed sz\u00e1m\u00e1ra \u2013 ugyanis kett\u0151s feladata van: \u201ea maxim\u00e1lis foglalkoztat\u00e1s, a stabil \u00e1rak \u00e9s a m\u00e9rs\u00e9kelt, hossz\u00fa t\u00e1v\u00fa kamatl\u00e1bak c\u00e9ljainak hat\u00e9kony el\u0151seg\u00edt\u00e9se\u201d \u2013tov\u00e1bb\u00e1 a foglalkoztat\u00e1s az USA-beli gazdas\u00e1g eg\u00e9szs\u00e9gess\u00e9g\u00e9nek fontos mutat\u00f3sz\u00e1ma.<\/li>\n<li>\u00b7\u00a0\u00a0\u00a0\u00a0\u00a0\u00a0\u00a0\u00a0 Az adat seg\u00edt megv\u00e1laszolni azt a k\u00e9rd\u00e9st, hogy a gazdas\u00e1g val\u00f3ban javul\u00f3ban van-e. A nem mez\u0151gazdas\u00e1gi munkaer\u0151-\u00e1llom\u00e1ny n\u00f6veked\u00e9se figyelemre m\u00e9lt\u00f3an stabil. Az ut\u00f3bbi hat h\u00f3nap sor\u00e1n az \u00e1tlag 188 ezer volt; az ut\u00f3bbi \u00e9vben 187 ezer; az ut\u00f3bbi k\u00e9t \u00e9vben 178 ezer, az ut\u00f3bbi h\u00e1rom \u00e9vet tekintve pedig 187 ezer volt. Nem sok k\u00fcl\u00f6nbs\u00e9g. A piaci v\u00e1rakoz\u00e1sok szerint ma az \u00e1tlagosn\u00e1l nagyobb emelked\u00e9s v\u00e1rhat\u00f3 (218 ezer), ami n\u00f6veked\u00e9st jelent a m\u00e1rciusi 192 ezerhez k\u00e9pest. Az el\u0151rejelz\u00e9s felt\u00e9telezi a gazdas\u00e1g stabil helyre\u00e1ll\u00e1s\u00e1t, amelyhez a hideg id\u0151j\u00e1r\u00e1s befejez\u0151d\u00e9s\u00e9vel a foglalkoztat\u00e1s bizonyos m\u00e9rt\u00e9k\u0171 fordulata j\u00e1rul. A munkan\u00e9lk\u00fclis\u00e9gi r\u00e1ta az el\u0151rejelz\u00e9s szerint v\u00e1ltozatlanul 11,9% maradt, mivel a munkaer\u0151-piact\u00f3l t\u00e1vol maradottak visszat\u00e9rtek a munkaer\u0151-piacra, ami miatt a r\u00e9szv\u00e9teli ar\u00e1ny emelkedett a tavaly decemberi legalacsonyabb szinthez k\u00e9pest.<\/li>\n<li>\u00b7\u00a0\u00a0\u00a0\u00a0\u00a0\u00a0\u00a0\u00a0 Ha a mai adat megfelel a v\u00e1rakoz\u00e1soknak vagy fel\u00fclm\u00falja azokat, meger\u0151s\u00edten\u00e9 az USA gazdas\u00e1g\u00e1nak gyorsul\u00e1s\u00e1t a GDP 1. negyed\u00e9ves csal\u00f3d\u00e1st kelt\u0151en lass\u00fa, +0,1%-os emelked\u00e9s\u00e9hez k\u00e9pest. Az USA-beli kamatl\u00e1bak \u00e9s a kamatl\u00e1bakkal kapcsolatos v\u00e1rakoz\u00e1sok val\u00f3sz\u00edn\u0171leg emelkednek, ami bizonyos m\u00e9rt\u00e9kben fellend\u00edti a doll\u00e1rt. Azonban a k\u00f6zelm\u00faltbeli esem\u00e9nyekb\u0151l az der\u00fclt ki, hogy a nem mez\u0151gazdas\u00e1gi munkaer\u0151-\u00e1llom\u00e1ny ak\u00e1r pozit\u00edv meglepet\u00e9se sem garant\u00e1lja az amerikai doll\u00e1r er\u0151s\u00f6d\u00e9s\u00e9t. Az USD\/JPY p\u00e1rt tekintve \u2013 ez a p\u00e1r reag\u00e1l legink\u00e1bb a nem mez\u0151gazdas\u00e1gi munkaer\u0151-\u00e1llom\u00e1ny k\u00f6zz\u00e9t\u00e9tel\u00e9re \u2013 egy h\u00e9ttel k\u00e9s\u0151bb, az ut\u00f3bbi hat pozit\u00edv meglepet\u00e9sb\u0151l h\u00e1rom alkalommal val\u00f3j\u00e1ban cs\u00f6kkent, egyszer pedig v\u00e1ltozatlan volt, ami azt jelenti, hogy az USD az ut\u00f3bbi hat pozit\u00edv meglepet\u00e9sb\u0151l kett\u0151 alkalommal er\u0151s\u00f6d\u00f6tt tart\u00f3sabban.<\/li>\n<li>M\u00e1sr\u00e9szt, ha a r\u00e1ta alulmarad a v\u00e1rakoz\u00e1sokon \u2013 k\u00f6zelebb van az \u00e1tlagokhoz, vagy k\u00fcl\u00f6n\u00f6sen akkor, ha az \u00e1tlag alatt van \u2013, akkor a bika jelleg\u0171 doll\u00e1r-keresked\u00e9s nagym\u00e9rt\u00e9k\u0171 kapitul\u00e1l\u00e1s\u00e1nak lehet\u00fcnk tan\u00fai. A legt\u00f6bb befektet\u0151 felt\u00e9telezi, hogy az USA-beli kamatl\u00e1bak emelkednek: a Bloomberg felm\u00e9r\u00e9s szerint a 69 gazdas\u00e1gi szakember k\u00f6z\u00fcl egy sem jelzi el\u0151re, hogy a 10 \u00e9ves futamidej\u0171 USA-beli kincst\u00e1rjegyek hozama a jelenlegi szintek alatt lesz az idei \u00e9v 3. negyed\u00e9v\u00e9nek \u00e9s 4. negyed\u00e9v\u00e9nek v\u00e9g\u00e9n (\u00e9s csup\u00e1n k\u00e9t el\u0151rejelz\u00e9s szerint lesznek alacsonyabb szinten a 2. negyed\u00e9v v\u00e9g\u00e9n). Ha a mai nem mez\u0151gazdas\u00e1gi munkaer\u0151-\u00e1llom\u00e1ny csal\u00f3d\u00e1st kelt\u0151en alacsonynak bizonyul, akkor csak lanyha visszapattan\u00e1st jelez az 1. negyed\u00e9vhez k\u00e9pest, \u00e9s megk\u00e9rd\u0151jelezi az eg\u00e9sz fordulatot. Ez val\u00f3sz\u00edn\u0171leg negat\u00edv lenne a doll\u00e1rra n\u00e9zve, de amennyiben azt jelenten\u00e9, hogy az USA-beli kamatl\u00e1bak hosszabb ideig alacsonyabb szinten maradnak, m\u00e1shol t\u00e1mogatn\u00e1 a kock\u00e1zatv\u00e1llal\u00f3 keresked\u00e9st. Val\u00f3sz\u00edn\u0171leg fellend\u00edten\u00e9 az \u00e1rudeviz\u00e1kat \u00e9s a carry trade deviz\u00e1kat a felt\u00f6rekv\u0151 piacokon.<\/li>\n<li>\u00a0A nem mez\u0151gazdas\u00e1gi munkaer\u0151-\u00e1llom\u00e1ny adat\u00e1n fel\u00fcl k\u00e9t m\u00e1sik mutat\u00f3t is meg kell figyeln\u00fcnk az adatok \u00e9rt\u00e9kel\u00e9sekor: az \u00e1tlagos \u00f3rab\u00e9rt \u00e9s az \u00e1tlagos heti munka\u00f3r\u00e1k sz\u00e1m\u00e1t. Az \u00f3rab\u00e9r adata fontos, mivel a Fed eln\u00f6ke, Janet Yellen elmondta, hogy a b\u00e9rek fontos munkaer\u0151-piaci mutat\u00f3sz\u00e1mok. \u00c9rvel\u00e9se szerint a b\u00e9rek kezdenek emelkedni, amikor a munkaer\u0151-piac kezd sz\u0171k\u00fclni, ez\u00e9rt a b\u00e9remel\u00e9s hi\u00e1nya a munkaer\u0151-piac pang\u00e1s\u00e1t jelzi, ami azt jelenti, hogy kevesebb ok van a megszor\u00edt\u00f3 politik\u00e1ra = kedvez\u0151tlen a doll\u00e1rra n\u00e9zve. A heti munka\u00f3r\u00e1k sz\u00e1ma az\u00e9rt k\u00f6vetend\u0151, mivel a munkan\u00e9lk\u00fclis\u00e9gre fektetett hangs\u00falyt\u00f3l f\u00fcggetlen\u00fcl val\u00f3j\u00e1ban sokkal t\u00f6bb a foglalkoztatottak, mint a munkan\u00e9lk\u00fcliek sz\u00e1ma, \u00e9s ha mindenki egy kicsit t\u00f6bbet dolgozik \u00e9s ez\u00e9rt egy kicsivel t\u00f6bbet keres, ez \u00f6sszess\u00e9g\u00e9ben sok p\u00e9nzt jelent \u2013 sokkal t\u00f6bbet, mint az egyes h\u00f3napokban elhelyezkedettek tov\u00e1bbi b\u00e9rei. A heti munka\u00f3r\u00e1k sz\u00e1m\u00e1nak csup\u00e1n 0,1 sz\u00e1zal\u00e9kpontos n\u00f6veked\u00e9se nagyj\u00e1b\u00f3l annyi munka\u00f3r\u00e1t ad a gazdas\u00e1gnak, mint a foglalkoztat\u00e1s 350 ezres n\u00f6veked\u00e9se. <em><\/em><\/li>\n<li>A t\u00f6bbi mutat\u00f3sz\u00e1mot tekintve t\u00f6bb eur\u00f3pai orsz\u00e1gban \u00e9s az eur\u00f3\u00f6vezetben is k\u00f6zz\u00e9teszik az \u00e1prilisi gy\u00e1rt\u00e1si PMI-indexet. A francia, a n\u00e9met \u00e9s az euroz\u00f3nabeli v\u00e9gleges adatokra vonatkoz\u00f3 el\u0151rejelz\u00e9sek szok\u00e1s szerint a kezdeti becsl\u00e9sekkel azonosak. Az euroz\u00f3na m\u00e1rciusi munkan\u00e9lk\u00fclis\u00e9gi r\u00e1t\u00e1j\u00e1t is k\u00f6zz\u00e9teszik, \u00e9s az el\u0151rejelz\u00e9s szerint v\u00e1rhat\u00f3an v\u00e1ltozatlanul 11,9% maradt. Az euroz\u00f3na semleges adatai \u00e9s az USA-beli kedvez\u0151 munkaer\u0151-piaci adatai lefel\u00e9 hat\u00f3 nyom\u00e1st gyakorolhatnak az EUR\/USD p\u00e1rra, amely ism\u00e9t el\u00e9rheti az 1,3790-es er\u0151s t\u00e1maszszinti tartom\u00e1nyt.<\/li>\n<li>Az Egyes\u00fclt Kir\u00e1lys\u00e1g \u00e9p\u00edt\u0151ipari PMI-indexe v\u00e1rhat\u00f3an valamelyest, 62,5-r\u0151l 62,2-re cs\u00f6kkent.<\/li>\n<li>A munkaer\u0151-piaci adatok mellett USA k\u00f6zz\u00e9teszi a m\u00e1rciusi gy\u00e1ri rendel\u00e9s\u00e1llom\u00e1nyt is, amelyben v\u00e1rhat\u00f3an valamelyest lassul\u00e1s \u00e1llt be.<\/li>\n<li>P\u00e9nteken nem tartanak besz\u00e9det.<\/li>\n<\/ul>\n<p><b>EUR\/USD<\/b><\/p>\n<p><a href=\"http:\/\/stockportal.hu\/wp-content\/uploads\/2014\/05\/EURUSD_02May2014.png\" target=\"_blank\" rel=\"noopener\"><img decoding=\"async\" loading=\"lazy\" class=\"alignnone size-large wp-image-34091\" alt=\"EURUSD_02May2014\" src=\"http:\/\/stockportal.hu\/wp-content\/uploads\/2014\/05\/EURUSD_02May2014-1024x447.png\" width=\"630\" height=\"275\" \/><\/a><\/p>\n<ul>\n<li>Az<b> EUR\/USD <\/b>p\u00e1r megpr\u00f3b\u00e1lta felfel\u00e9 \u00e1tt\u00f6rni az 1,3875-\u00f6s (E1) ellen\u00e1ll\u00e1sszinti s\u00e1vot, de nem siker\u00fclt, \u00e9s visszat\u00e9rt valamelyest ezen s\u00e1v al\u00e1. Figyelembe v\u00e9ve a piac kedvez\u0151 USA-beli munkaer\u0151-piaci adatokkal kapcsolatos v\u00e1rakoz\u00e1sait, v\u00e1rhat\u00f3an cs\u00f6kkenni fog az \u00e1rfolyam, \u00e9s tal\u00e1n ism\u00e9t el\u00e9ri az 1,3790-es (T1) er\u0151s t\u00e1maszszinti tartom\u00e1nyt. Az MACD &#8211; b\u00e1r bika jelleg\u0171 tartom\u00e1nyban van &#8211; a cs\u00facsra jut\u00e1s jeleit mutatja, \u00e9s \u00fagy t\u0171nik, hogy k\u00e9szen \u00e1ll jelz\u0151 vonal\u00e1n lefel\u00e9 val\u00f3 \u00e1tt\u00e9r\u00e9sre, ami az EUR\/USD k\u00f6zelm\u00faltbeli momentum\u00e1nak lassul\u00e1s\u00e1t jelzi. A napi grafikonon \u201ehull\u00f3csillag\u201d alakzat azonos\u00edthat\u00f3, ami kedvez a tov\u00e1bbi cs\u00f6kken\u00e9snek.<b><\/b><\/li>\n<li>T\u00e1maszszint: 1,3790 (T1), 1,3695 (T2), 1,3650 (T3).<b><\/b><\/li>\n<li>Ellen\u00e1ll\u00e1sszint: 1,3875 (E1), 1,3900 (E2), 1,3965 (E3).<b><\/b><\/li>\n<\/ul>\n<p><b>EUR\/JPY<\/b><\/p>\n<p><a href=\"http:\/\/stockportal.hu\/wp-content\/uploads\/2014\/05\/EURJPY_02May2014.png\" target=\"_blank\" rel=\"noopener\"><img decoding=\"async\" loading=\"lazy\" class=\"alignnone size-large wp-image-34092\" alt=\"EURJPY_02May2014\" src=\"http:\/\/stockportal.hu\/wp-content\/uploads\/2014\/05\/EURJPY_02May2014-1024x448.png\" width=\"630\" height=\"275\" \/><\/a><\/p>\n<ul>\n<li>Az<b> EUR\/JPY<\/b> p\u00e1r valamelyest emelkedett, \u00e9s el\u00e9rte a 142,00-es (E1) ellen\u00e1ll\u00e1sszintet. Mivel nem azonos\u00edthat\u00f3 egy\u00e9rtelm\u0171 trend strukt\u00fara, az \u00e1ltal\u00e1nos r\u00f6vid t\u00e1v\u00fa \u00fatvonal v\u00e1rhat\u00f3an oldalir\u00e1ny\u00fa marad a 141,00-es (T1) t\u00e1maszszint \u00e9s a kor\u00e1bban eml\u00edtett ellen\u00e1ll\u00e1sszint k\u00f6z\u00f6tt. Mindk\u00e9t mozg\u00f3\u00e1tlag tov\u00e1bbra is oldalir\u00e1nyba mutat, mik\u00f6zben a napi MACD \u00e9s a napi RSI is semleges szintjei k\u00f6zel\u00e9ben van, ami meger\u0151s\u00edti a devizap\u00e1r trenden k\u00edv\u00fcli f\u00e1zis\u00e1t. A 142,00-es (E1) szint felfel\u00e9 val\u00f3 \u00e1tt\u00f6r\u00e9se megc\u00e9lozhatja a k\u00f6vetkez\u0151 ellen\u00e1ll\u00e1sszintet a 142,50-es (E2) szinten, mik\u00f6zben a 141,00-es (T1) szint egy\u00e9rtelm\u0171, lefel\u00e9 t\u00f6rt\u00e9n\u0151 \u00e1tt\u00f6r\u00e9se el\u0151k\u00e9sz\u00edtheti az utat a 140,20-as (T2) t\u00e1maszszint fel\u00e9.<\/li>\n<li>T\u00e1maszszint: 141,00 (T1), 140,20 (T2), 139,15 (T3).<\/li>\n<li>Ellen\u00e1ll\u00e1sszint: 142,00 (E1), 142,50 (E2), 143,40 (E3).<b><\/b><\/li>\n<\/ul>\n<p><b>GBP\/USD<\/b><\/p>\n<p><a href=\"http:\/\/stockportal.hu\/wp-content\/uploads\/2014\/05\/GBPUSD_02May2014.png\" target=\"_blank\" rel=\"noopener\"><img decoding=\"async\" loading=\"lazy\" class=\"alignnone size-large wp-image-34093\" alt=\"GBPUSD_02May2014\" src=\"http:\/\/stockportal.hu\/wp-content\/uploads\/2014\/05\/GBPUSD_02May2014-1024x447.png\" width=\"630\" height=\"275\" \/><\/a><\/p>\n<ul>\n<li>A<b> GBP\/USD <\/b>p\u00e1r felfel\u00e9 \u00e1tt\u00f6rte az 1,6900-es (E1) akad\u00e1lyt, de nem volt k\u00e9pes azt megtartani, majd cs\u00f6kkent, \u00e9s valamelyest ezen szint alatt konszolid\u00e1lt. Az \u00e1rfolyam tov\u00e1bbra is az 1,6840-es (T1) szint felett van, k\u00f6zelm\u00faltbeli tartom\u00e1ny\u00e1nak fels\u0151 hat\u00e1r\u00e1n, ez\u00e9rt a r\u00f6vid t\u00e1v\u00fa k\u00e9pet pozit\u00edvnak tartom. Figyelembe v\u00e9ve azonban azt, hogy az RSI cs\u00f6kkent, miut\u00e1n ellen\u00e1ll\u00e1sszintre tal\u00e1lt a 70-es szintj\u00e9n, valamint azt a t\u00e9nyt, hogy az MACD k\u00e9szen \u00e1llni l\u00e1tszik jelz\u0151 vonala al\u00e1 val\u00f3 cs\u00f6kken\u00e9sre, a k\u00f6vetkez\u0151 hull\u00e1m v\u00e1rhat\u00f3an cs\u00f6kken\u0151 lesz, \u00e9s tal\u00e1n ez\u00fattal t\u00e1maszszintk\u00e9nt teszteli az 1,6840-es (T1) s\u00e1vot. Kitekintve, a devizap\u00e1r n\u00f6vekv\u0151 lila tartom\u00e1nyban marad, ami \u00e1ltal a hossz\u00fa t\u00e1v\u00fa n\u00f6vekv\u0151 trend \u00e9rv\u00e9nyben marad.<\/li>\n<li>T\u00e1maszszint: 1,6840 (T1), 1,6770 (T2), 1,6700 (T3).<\/li>\n<li>Ellen\u00e1ll\u00e1sszint: 1,6900 (E1), 1,7000 (E2), 1,7100 (E3).<b><\/b><\/li>\n<\/ul>\n<p><b>Arany<\/b><\/p>\n<p><a href=\"http:\/\/stockportal.hu\/wp-content\/uploads\/2014\/05\/XAUUSD_02May2014.png\" target=\"_blank\" rel=\"noopener\"><img decoding=\"async\" loading=\"lazy\" class=\"alignnone size-large wp-image-34094\" alt=\"XAUUSD_02May2014\" src=\"http:\/\/stockportal.hu\/wp-content\/uploads\/2014\/05\/XAUUSD_02May2014-1024x447.png\" width=\"630\" height=\"275\" \/><\/a><\/p>\n<ul>\n<li>Az<b> arany <\/b>cs\u00f6kkent, \u00e9s t\u00e1maszszintre tal\u00e1lt az 1280-as (T1) korl\u00e1ton. A nemesf\u00e9m a k\u00e9k cs\u00f6kken\u0151 ellen\u00e1ll\u00e1sszinti vonal alatt marad, \u00e9s figyelembe v\u00e9ve az RSI \u00e9s az MACD cs\u00f6kken\u00e9s\u00e9t, a r\u00f6vid t\u00e1v\u00fa k\u00e9p szerintem negat\u00edv marad. Az 1280-as (T1) akad\u00e1ly lefel\u00e9 t\u00f6rt\u00e9n\u0151 \u00e1tt\u00f6r\u00e9se hosszabb\u00edt\u00e1sokat v\u00e1lthat ki a k\u00f6vetkez\u0151, 1268-as (T2) t\u00e1maszszint fel\u00e9. Mindazon\u00e1ltal kitekintve pozit\u00edv divergencia azonos\u00edthat\u00f3 a napi MACD \u00e9s az \u00e1rfolyam mozg\u00e1sa k\u00f6z\u00f6tt, ami lassul\u00f3 medve jelleg\u0171 momentumot jelez, \u00e9s ez val\u00f3sz\u00edn\u0171leg korl\u00e1tozza a tov\u00e1bbi cs\u00f6kken\u00e9st.<\/li>\n<li>T\u00e1maszszint: 1280 (T1), 1268 (T2), 1250 (T3).<\/li>\n<li>Ellen\u00e1ll\u00e1sszint: 1305 (E1), 1330 (E2), 1342 (E3).<b><\/b><\/li>\n<\/ul>\n<p><b>Olaj<\/b><\/p>\n<p><a href=\"http:\/\/stockportal.hu\/wp-content\/uploads\/2014\/05\/CLM4_02May2014.png\" target=\"_blank\" rel=\"noopener\"><img decoding=\"async\" loading=\"lazy\" class=\"alignnone size-large wp-image-34095\" alt=\"CLM4_02May2014\" src=\"http:\/\/stockportal.hu\/wp-content\/uploads\/2014\/05\/CLM4_02May2014-1024x448.png\" width=\"630\" height=\"275\" \/><\/a><\/p>\n<ul>\n<li>A<b> WTI <\/b>a 99,35-\u00f6s korl\u00e1t al\u00e1 cs\u00f6kkent, \u00e9s el\u00e9rte a 98,85-\u00f6s (T2) t\u00e1maszszintet. Ezen s\u00e1v el\u00e9r\u00e9se ut\u00e1n az \u00e1r visszapattant, \u00e9s ism\u00e9t \u00e1tt\u00f6rte a 99,35-\u00f6s (T1) szintet. Figyelembe v\u00e9ve, hogy az RSI t\u00e1maszszintre tal\u00e1lt 30-as korl\u00e1tj\u00e1n \u00e9s emelkedett, valamint azt a t\u00e9nyt, hogy az MACD k\u00e9szen \u00e1llni l\u00e1tszik jelz\u0151 vonal\u00e1n felfel\u00e9 val\u00f3 \u00e1tt\u00e9r\u00e9sre, a k\u00f6vetkez\u0151 hull\u00e1m v\u00e1rhat\u00f3an n\u00f6vekv\u0151 lesz, \u00e9s tal\u00e1n teszteli a 100,45-\u00f6s (E1) ellen\u00e1ll\u00e1sszintet. Mindazon\u00e1ltal, am\u00edg a WTI alacsonyabb maximum szinteket \u00e9s alacsonyabb minimum szinteket \u00e9r el a k\u00e9k hossz\u00fa t\u00e1v\u00fa n\u00f6vekv\u0151 trendvonal alatt, a kil\u00e1t\u00e1st cs\u00f6kken\u0151nek tartan\u00e1m.<\/li>\n<li>T\u00e1maszszint: 99,35 (T1), 98,85 (T2), 98,00 (T3).<\/li>\n<li>Ellen\u00e1ll\u00e1sszint: 100,45 (E1), 101,25 (E2), 102,00 (E3).<b><\/b><\/li>\n<\/ul>\n","protected":false},"excerpt":{"rendered":"<p>A nem mez\u0151gazdas\u00e1gi munkaer\u0151-\u00e1llom\u00e1ny k\u00f6zz\u00e9t\u00e9tel\u00e9nek napja\u00a0 A mai f\u00f3kuszban az USA \u00e1prilisi nem mez\u0151gazdas\u00e1gi munkaer\u0151-\u00e1llom\u00e1ny adata \u00e1ll. Ez kulcsfontoss\u00e1g\u00fa mutat\u00f3sz\u00e1m az \u00f6sszes p\u00e9nz\u00fcgyi piac sz\u00e1m\u00e1ra, mivel a foglalkoztat\u00e1s fontos a Fed sz\u00e1m\u00e1ra \u2013 ugyanis kett\u0151s feladata van: \u201ea maxim\u00e1lis foglalkoztat\u00e1s, a stabil \u00e1rak \u00e9s a m\u00e9rs\u00e9kelt, hossz\u00fa t\u00e1v\u00fa kamatl\u00e1bak c\u00e9ljainak hat\u00e9kony el\u0151seg\u00edt\u00e9se\u201d \u2013tov\u00e1bb\u00e1 a foglalkoztat\u00e1s &#8230;<\/p>\n","protected":false},"author":1,"featured_media":20409,"comment_status":"open","ping_status":"closed","sticky":false,"template":"","format":"standard","meta":[],"categories":[131,122],"tags":[],"_links":{"self":[{"href":"https:\/\/gazdasagportal.hu\/index.php\/wp-json\/wp\/v2\/posts\/34090"}],"collection":[{"href":"https:\/\/gazdasagportal.hu\/index.php\/wp-json\/wp\/v2\/posts"}],"about":[{"href":"https:\/\/gazdasagportal.hu\/index.php\/wp-json\/wp\/v2\/types\/post"}],"author":[{"embeddable":true,"href":"https:\/\/gazdasagportal.hu\/index.php\/wp-json\/wp\/v2\/users\/1"}],"replies":[{"embeddable":true,"href":"https:\/\/gazdasagportal.hu\/index.php\/wp-json\/wp\/v2\/comments?post=34090"}],"version-history":[{"count":3,"href":"https:\/\/gazdasagportal.hu\/index.php\/wp-json\/wp\/v2\/posts\/34090\/revisions"}],"predecessor-version":[{"id":34223,"href":"https:\/\/gazdasagportal.hu\/index.php\/wp-json\/wp\/v2\/posts\/34090\/revisions\/34223"}],"wp:featuredmedia":[{"embeddable":true,"href":"https:\/\/gazdasagportal.hu\/index.php\/wp-json\/wp\/v2\/media\/20409"}],"wp:attachment":[{"href":"https:\/\/gazdasagportal.hu\/index.php\/wp-json\/wp\/v2\/media?parent=34090"}],"wp:term":[{"taxonomy":"category","embeddable":true,"href":"https:\/\/gazdasagportal.hu\/index.php\/wp-json\/wp\/v2\/categories?post=34090"},{"taxonomy":"post_tag","embeddable":true,"href":"https:\/\/gazdasagportal.hu\/index.php\/wp-json\/wp\/v2\/tags?post=34090"}],"curies":[{"name":"wp","href":"https:\/\/api.w.org\/{rel}","templated":true}]}}