{"id":34026,"date":"2014-04-30T17:36:22","date_gmt":"2014-04-30T15:36:22","guid":{"rendered":"http:\/\/stockportal.hu\/?p=34026"},"modified":"2014-04-30T17:36:22","modified_gmt":"2014-04-30T15:36:22","slug":"ep-valasztas-az-nvb-elmarasztalta-az-atv-t-a-jobbik-mellozese-miatt","status":"publish","type":"post","link":"https:\/\/gazdasagportal.hu\/index.php\/ep-valasztas-az-nvb-elmarasztalta-az-atv-t-a-jobbik-mellozese-miatt\/","title":{"rendered":"EP-v\u00e1laszt\u00e1s: Az NVB elmarasztalta az ATV-t a Jobbik mell\u0151z\u00e9se miatt"},"content":{"rendered":"<p><strong>A Nemzeti V\u00e1laszt\u00e1si Bizotts\u00e1g (NVB) elmarasztalta az ATV az\u00e9rt, mert \u00e1prilis 8. \u00e9s 28. k\u00f6z\u00f6tti m\u0171sorfolyam\u00e1ban nem biztos\u00edtotta megfelel\u0151en az EP-v\u00e1laszt\u00e1son indul\u00f3 Jobbiknak a programja ismertet\u00e9s\u00e9t; a test\u00fclet szerint a kereskedelmi telev\u00edzi\u00f3 a v\u00e1laszt\u00e1si elj\u00e1r\u00e1s k\u00e9t alapelv\u00e9t is megs\u00e9rtette.<!--more--><\/strong><\/p>\n<div id=\"vid4u\"><\/div>\n<p><script type=\"text\/javascript\">var rid = 100000 + Math.floor(Math.random()*99999); var b = document.createElement(\"div\"); b.setAttribute(\"id\", \"v4u_c_\"+rid+\"_3\"); var r = document.getElementById(\"vid4u\"); r.parentNode.insertBefore(b,r); r.setAttribute(\"id\", \"\"); (function(w, d, s, rid) { function go(){ var js, fjs = d.getElementsByTagName(s)[0], load = function(url, id) { if (d.getElementById(id)) { d.getElementById(id).onload = d.getElementById(id).onreadystatechange = function() { if (typeof vid4u != 'undefined') vid4u.init(480,289,\"0scneAox4k\",null,3, rid);}; return; } js = d.createElement(s); js.src = url; js.id = id; fjs.parentNode.insertBefore(js, fjs); js.onload = js.onreadystatechange = function() { if (typeof vid4u != 'undefined') vid4u.init(480,289,\"0scneAox4k\",null,3, rid); };}; load(\"\/\/video.vid4u.org\/vid4ul.js\", \"vjs_\"+rid); } go(); }(window, document, \"script\", rid));<\/script><\/p>\n<p>Az NVB szerdai \u00fcl\u00e9s\u00e9n eltiltotta az ATV-t a tov\u00e1bbi jogs\u00e9rt\u00e9st\u0151l, tov\u00e1bb\u00e1 k\u00f6telezte a test\u00fclet hat\u00e1rozata rendelkez\u0151 r\u00e9sz\u00e9nek h\u00e1rom napon bel\u00fcli k\u00f6zz\u00e9t\u00e9tel\u00e9t az Egyenes besz\u00e9d, a Start \u00e9s a Szabad szemmel c\u00edm\u0171 m\u0171sor\u00e1nak egy-egy ad\u00e1sa el\u0151tt.<br \/>\nA test\u00fclet szerint az ATV m\u00e9diaszolg\u00e1ltat\u00f3k\u00e9nt megs\u00e9rtette a jel\u00f6l\u0151szervezetek k\u00f6z\u00f6tti es\u00e9lyegyenl\u0151s\u00e9g, valamint a j\u00f3hiszem\u0171 \u00e9s rendeltet\u00e9sszer\u0171 joggyakorl\u00e1s alapelv\u00e9t.<br \/>\nA bizotts\u00e1ghoz egy mag\u00e1nszem\u00e9ly fordult kifog\u00e1ssal, azt s\u00e9relmezve, hogy a Jobbik k\u00e9pvisel\u0151inek &#8222;egy\u00e1ltal\u00e1n nem biztos\u00edtottak lehet\u0151s\u00e9get arra, hogy kifejthess\u00e9k v\u00e9lem\u00e9ny\u00fcket&#8221; a kereskedelmi telev\u00edzi\u00f3 m\u0171soraiban.<br \/>\nA beadv\u00e1nyoz\u00f3 \u00e1ll\u00edt\u00e1s\u00e1nak al\u00e1t\u00e1maszt\u00e1s\u00e1ra t\u00f6bb ATV-s internetes linket is mell\u00e9kelt, amelyeken m\u00e1s, az EP-v\u00e1laszt\u00e1son indul\u00f3 p\u00e1rtok telev\u00edzi\u00f3s megjelen\u00e9sei l\u00e1that\u00f3k k\u00fcl\u00f6nb\u00f6z\u0151 &#8222;besz\u00e9lget\u0151s m\u0171sorokban&#8221; egy adott id\u0151szakban, \u00e1prilis 8-a \u00e9s 28-a k\u00f6z\u00f6tt.<br \/>\nA Nemzeti V\u00e1laszt\u00e1si Iroda az \u00fcgyben megkereste az ATV-t, v\u00e1laszul a telev\u00edzi\u00f3 t\u00f6bb olyan internetes linket csatolt, amelyek azt t\u00e1masztj\u00e1k al\u00e1, hogy a telev\u00edzi\u00f3 m\u0171soraiban jobbikos politikusok, k\u00f6zt\u00fck Vona G\u00e1bor p\u00e1rteln\u00f6k \u00e9s Morvai Krisztina EP-listavezet\u0151 is megjelent. A test\u00fclet tagjai az \u00fcl\u00e9sen t\u00f6bb ilyen m\u0171sorr\u00e9szletet is megtekintettek.<br \/>\nBorb\u00e9ly Andrea, a Jobbik NVB-deleg\u00e1ltja ugyanakkor ezekkel kapcsolatban arra h\u00edvta fel a figyelmet, hogy azok nem a programokat ismertet\u0151 &#8222;besz\u00e9lget\u0151s m\u0171sorokb\u00f3l&#8221; val\u00f3k, hanem p\u00e9ld\u00e1ul egy h\u00edrad\u00f3b\u00f3l vagy egy lakoss\u00e1gi f\u00f3rumr\u00f3l k\u00e9sz\u00edtett tud\u00f3s\u00edt\u00e1sb\u00f3l.<br \/>\nPatyi Andr\u00e1s NVB-eln\u00f6k nem t\u00e1mogatta a test\u00fclet ATV-t elmarasztal\u00f3 hat\u00e1rozat\u00e1nak elfogad\u00e1s\u00e1t, s\u0151t, annak elutas\u00edt\u00e1s\u00e1ra tett ind\u00edtv\u00e1nyt, \u00e1m javaslata &#8211; 7:13 ar\u00e1nyban &#8211; nem kapott t\u00f6bbs\u00e9get. Az eln\u00f6k egyebek mellett azzal \u00e9rvelt az elutas\u00edt\u00e1s mellett, hogy a p\u00e1rtlist\u00e1k csak \u00e1prilis 22-\u00e9n emelkedtek joger\u0151re, \u00e9s a kamp\u00e1ny m\u00e1jus 25-\u00e9ig tart.<br \/>\nAz NVB hat\u00e1rozata ellen h\u00e1rom napon bel\u00fcl a K\u00fari\u00e1hoz lehet fordulni.(MTI)<\/p>\n","protected":false},"excerpt":{"rendered":"<p>A Nemzeti V\u00e1laszt\u00e1si Bizotts\u00e1g (NVB) elmarasztalta az ATV az\u00e9rt, mert \u00e1prilis 8. \u00e9s 28. k\u00f6z\u00f6tti m\u0171sorfolyam\u00e1ban nem biztos\u00edtotta megfelel\u0151en az EP-v\u00e1laszt\u00e1son indul\u00f3 Jobbiknak a programja ismertet\u00e9s\u00e9t; a test\u00fclet szerint a kereskedelmi telev\u00edzi\u00f3 a v\u00e1laszt\u00e1si elj\u00e1r\u00e1s k\u00e9t alapelv\u00e9t is megs\u00e9rtette.<\/p>\n","protected":false},"author":1,"featured_media":0,"comment_status":"open","ping_status":"closed","sticky":false,"template":"","format":"standard","meta":[],"categories":[18],"tags":[],"_links":{"self":[{"href":"https:\/\/gazdasagportal.hu\/index.php\/wp-json\/wp\/v2\/posts\/34026"}],"collection":[{"href":"https:\/\/gazdasagportal.hu\/index.php\/wp-json\/wp\/v2\/posts"}],"about":[{"href":"https:\/\/gazdasagportal.hu\/index.php\/wp-json\/wp\/v2\/types\/post"}],"author":[{"embeddable":true,"href":"https:\/\/gazdasagportal.hu\/index.php\/wp-json\/wp\/v2\/users\/1"}],"replies":[{"embeddable":true,"href":"https:\/\/gazdasagportal.hu\/index.php\/wp-json\/wp\/v2\/comments?post=34026"}],"version-history":[{"count":1,"href":"https:\/\/gazdasagportal.hu\/index.php\/wp-json\/wp\/v2\/posts\/34026\/revisions"}],"predecessor-version":[{"id":34027,"href":"https:\/\/gazdasagportal.hu\/index.php\/wp-json\/wp\/v2\/posts\/34026\/revisions\/34027"}],"wp:attachment":[{"href":"https:\/\/gazdasagportal.hu\/index.php\/wp-json\/wp\/v2\/media?parent=34026"}],"wp:term":[{"taxonomy":"category","embeddable":true,"href":"https:\/\/gazdasagportal.hu\/index.php\/wp-json\/wp\/v2\/categories?post=34026"},{"taxonomy":"post_tag","embeddable":true,"href":"https:\/\/gazdasagportal.hu\/index.php\/wp-json\/wp\/v2\/tags?post=34026"}],"curies":[{"name":"wp","href":"https:\/\/api.w.org\/{rel}","templated":true}]}}