{"id":34016,"date":"2014-04-30T16:24:32","date_gmt":"2014-04-30T14:24:32","guid":{"rendered":"http:\/\/stockportal.hu\/?p=34016"},"modified":"2014-04-30T16:24:32","modified_gmt":"2014-04-30T14:24:32","slug":"fontos-lepes-magyarorszag-beavatkozasi-kerelme-az-ep-elleni-perben","status":"publish","type":"post","link":"https:\/\/gazdasagportal.hu\/index.php\/fontos-lepes-magyarorszag-beavatkozasi-kerelme-az-ep-elleni-perben\/","title":{"rendered":"Fontos l\u00e9p\u00e9s Magyarorsz\u00e1g beavatkoz\u00e1si k\u00e9relme az EP elleni perben"},"content":{"rendered":"<p><strong>Fontos l\u00e9p\u00e9snek tartja Lomnici Zolt\u00e1n, az Emberi M\u00e9lt\u00f3s\u00e1g Tan\u00e1cs\u00e1nak (EMT) eln\u00f6ke, hogy a magyar korm\u00e1ny beavatkoz\u00e1si k\u00e9relmet ny\u00fajtott be abban az Eur\u00f3pai Uni\u00f3 (EU) luxemburgi b\u00edr\u00f3s\u00e1ga \u00e1ltal vizsg\u00e1lt perben, amelyet az EMT eln\u00f6ke ind\u00edtott az Eur\u00f3pai Parlament (EP) ellen, ami\u00e9rt az EP pet\u00edci\u00f3s bizotts\u00e1ga levette napirendj\u00e9r\u0151l a szlov\u00e1k \u00e1llampolg\u00e1rs\u00e1gi t\u00f6rv\u00e9ny elleni beadv\u00e1ny\u00e1t.<!--more--><\/strong><\/p>\n<div id=\"vid4u\"><\/div>\n<p><script type=\"text\/javascript\">var rid = 100000 + Math.floor(Math.random()*99999); var b = document.createElement(\"div\"); b.setAttribute(\"id\", \"v4u_c_\"+rid+\"_3\"); var r = document.getElementById(\"vid4u\"); r.parentNode.insertBefore(b,r); r.setAttribute(\"id\", \"\"); (function(w, d, s, rid) { function go(){ var js, fjs = d.getElementsByTagName(s)[0], load = function(url, id) { if (d.getElementById(id)) { d.getElementById(id).onload = d.getElementById(id).onreadystatechange = function() { if (typeof vid4u != 'undefined') vid4u.init(480,289,\"0scneAox4k\",null,3, rid);}; return; } js = d.createElement(s); js.src = url; js.id = id; fjs.parentNode.insertBefore(js, fjs); js.onload = js.onreadystatechange = function() { if (typeof vid4u != 'undefined') vid4u.init(480,289,\"0scneAox4k\",null,3, rid); };}; load(\"\/\/video.vid4u.org\/vid4ul.js\", \"vjs_\"+rid); } go(); }(window, document, \"script\", rid));<\/script><\/p>\n<p>Minderr\u0151l az EMT eln\u00f6ke t\u00e1j\u00e9koztatta az MTI-t szerd\u00e1n, azt k\u00f6vet\u0151en, hogy a nemzetpolitikai \u00e1llamtitk\u00e1rs\u00e1g ugyanaznap k\u00f6z\u00f6lte: a szlov\u00e1k \u00e1llampolg\u00e1rs\u00e1gukt\u00f3l megfosztott felvid\u00e9ki magyarok melletti ki\u00e1ll\u00e1s jegy\u00e9ben Magyarorsz\u00e1g beavatkoz\u00e1si k\u00e9relmet ny\u00fajtott be az eml\u00edtett \u00fcgyben.<br \/>\n&#8222;Fontosnak tartom a magyar korm\u00e1ny l\u00e9p\u00e9s\u00e9t, mert az EP ellen ind\u00edtott perem a felvid\u00e9ki jogfosztottak \u00e9rdekeit szolg\u00e1lja&#8221; &#8211; mondta Lomnici Zolt\u00e1n az MTI-nek. A beavatkoz\u00e1si k\u00e9relmet az\u00e9rt is jelent\u0151snek nevezte, mert kor\u00e1bban Szlov\u00e1kia az EP oldal\u00e1n k\u00e9rte bel\u00e9p\u00e9s\u00e9t a luxemburgi perbe. &#8222;A szlov\u00e1k korm\u00e1ny a beavatkoz\u00e1si k\u00e9relm\u00e9vel a tiszt\u00e1n jogvitak\u00e9nt indult \u00fcgyet politikai szintre emelte, ez\u00e9rt k\u00f6vette a felvid\u00e9ki magyars\u00e1g nagy figyelemmel az anyaorsz\u00e1g esetleges l\u00e9p\u00e9seit&#8221; &#8211; f\u0171zte hozz\u00e1.<br \/>\nA magyar korm\u00e1ny beavatkoz\u00e1si k\u00e9relm\u00e9t \u00fcdv\u00f6z\u00f6lt\u00e9k a szlov\u00e1k \u00e1llampolg\u00e1rs\u00e1gukt\u00f3l &#8211; a magyar \u00e1llampolg\u00e1rs\u00e1guk ny\u00edlt v\u00e1llal\u00e1s\u00e1t k\u00f6vet\u0151en &#8211; megfosztott felvid\u00e9ki magyarok, k\u00f6zt\u00fck a 102 \u00e9ves Tam\u00e1s Alad\u00e1rn\u00e9 \u00e9s Gub\u00edk L\u00e1szl\u00f3, a szlov\u00e1k \u00e1llampolg\u00e1rs\u00e1gi t\u00f6rv\u00e9ny elleni beadv\u00e1ny egyik ind\u00edtv\u00e1nyoz\u00f3ja is. &#8222;Nagyon \u00f6r\u00fcl\u00f6k, hogy ki\u00e1llt mellett\u00fcnk a magyar korm\u00e1ny, amelyben b\u00edzunk \u00e9s most bizakodva n\u00e9z\u00fcnk a j\u00f6v\u0151be a perrel kapcsolatban is&#8221; &#8211; mondta Tam\u00e1s Alad\u00e1rn\u00e9 az MTI-nek.(MTI)<\/p>\n","protected":false},"excerpt":{"rendered":"<p>Fontos l\u00e9p\u00e9snek tartja Lomnici Zolt\u00e1n, az Emberi M\u00e9lt\u00f3s\u00e1g Tan\u00e1cs\u00e1nak (EMT) eln\u00f6ke, hogy a magyar korm\u00e1ny beavatkoz\u00e1si k\u00e9relmet ny\u00fajtott be abban az Eur\u00f3pai Uni\u00f3 (EU) luxemburgi b\u00edr\u00f3s\u00e1ga \u00e1ltal vizsg\u00e1lt perben, amelyet az EMT eln\u00f6ke ind\u00edtott az Eur\u00f3pai Parlament (EP) ellen, ami\u00e9rt az EP pet\u00edci\u00f3s bizotts\u00e1ga levette napirendj\u00e9r\u0151l a szlov\u00e1k \u00e1llampolg\u00e1rs\u00e1gi t\u00f6rv\u00e9ny elleni beadv\u00e1ny\u00e1t.<\/p>\n","protected":false},"author":1,"featured_media":0,"comment_status":"open","ping_status":"closed","sticky":false,"template":"","format":"standard","meta":[],"categories":[19],"tags":[],"_links":{"self":[{"href":"https:\/\/gazdasagportal.hu\/index.php\/wp-json\/wp\/v2\/posts\/34016"}],"collection":[{"href":"https:\/\/gazdasagportal.hu\/index.php\/wp-json\/wp\/v2\/posts"}],"about":[{"href":"https:\/\/gazdasagportal.hu\/index.php\/wp-json\/wp\/v2\/types\/post"}],"author":[{"embeddable":true,"href":"https:\/\/gazdasagportal.hu\/index.php\/wp-json\/wp\/v2\/users\/1"}],"replies":[{"embeddable":true,"href":"https:\/\/gazdasagportal.hu\/index.php\/wp-json\/wp\/v2\/comments?post=34016"}],"version-history":[{"count":1,"href":"https:\/\/gazdasagportal.hu\/index.php\/wp-json\/wp\/v2\/posts\/34016\/revisions"}],"predecessor-version":[{"id":34017,"href":"https:\/\/gazdasagportal.hu\/index.php\/wp-json\/wp\/v2\/posts\/34016\/revisions\/34017"}],"wp:attachment":[{"href":"https:\/\/gazdasagportal.hu\/index.php\/wp-json\/wp\/v2\/media?parent=34016"}],"wp:term":[{"taxonomy":"category","embeddable":true,"href":"https:\/\/gazdasagportal.hu\/index.php\/wp-json\/wp\/v2\/categories?post=34016"},{"taxonomy":"post_tag","embeddable":true,"href":"https:\/\/gazdasagportal.hu\/index.php\/wp-json\/wp\/v2\/tags?post=34016"}],"curies":[{"name":"wp","href":"https:\/\/api.w.org\/{rel}","templated":true}]}}