{"id":34006,"date":"2014-04-30T15:38:39","date_gmt":"2014-04-30T13:38:39","guid":{"rendered":"http:\/\/stockportal.hu\/?p=34006"},"modified":"2014-04-30T15:38:39","modified_gmt":"2014-04-30T13:38:39","slug":"ukran-valsag-a-heten-elkeszul-az-imf-ukran-tamogatasi-programja","status":"publish","type":"post","link":"https:\/\/gazdasagportal.hu\/index.php\/ukran-valsag-a-heten-elkeszul-az-imf-ukran-tamogatasi-programja\/","title":{"rendered":"Ukr\u00e1n v\u00e1ls\u00e1g: a h\u00e9ten elk\u00e9sz\u00fcl az IMF ukr\u00e1n t\u00e1mogat\u00e1si programja"},"content":{"rendered":"<p><strong>A h\u00e9ten elk\u00e9sz\u00fcl a Nemzetk\u00f6zi Valutaalap (IMF) Ukrajna t\u00e1mogat\u00e1s\u00e1t c\u00e9lz\u00f3 programja, p\u00e9nteken pedig az Eur\u00f3pai Bizotts\u00e1g energia\u00fcgyi biztos\u00e1nak r\u00e9szv\u00e9tel\u00e9vel orosz-ukr\u00e1n t\u00e1rgyal\u00e1sok lesznek a f\u00f6ldg\u00e1zell\u00e1t\u00e1sr\u00f3l &#8211; mondta a n\u00e9met kancell\u00e1r szerd\u00e1n Berlinben.<!--more--><\/strong><\/p>\n<div id=\"vid4u\"><\/div>\n<p><script type=\"text\/javascript\">var rid = 100000 + Math.floor(Math.random()*99999); var b = document.createElement(\"div\"); b.setAttribute(\"id\", \"v4u_c_\"+rid+\"_3\"); var r = document.getElementById(\"vid4u\"); r.parentNode.insertBefore(b,r); r.setAttribute(\"id\", \"\"); (function(w, d, s, rid) { function go(){ var js, fjs = d.getElementsByTagName(s)[0], load = function(url, id) { if (d.getElementById(id)) { d.getElementById(id).onload = d.getElementById(id).onreadystatechange = function() { if (typeof vid4u != 'undefined') vid4u.init(480,289,\"0scneAox4k\",null,3, rid);}; return; } js = d.createElement(s); js.src = url; js.id = id; fjs.parentNode.insertBefore(js, fjs); js.onload = js.onreadystatechange = function() { if (typeof vid4u != 'undefined') vid4u.init(480,289,\"0scneAox4k\",null,3, rid); };}; load(\"\/\/video.vid4u.org\/vid4ul.js\", \"vjs_\"+rid); } go(); }(window, document, \"script\", rid));<\/script><\/p>\n<p>Angela Merkel Abe Sindzo jap\u00e1n korm\u00e1nyf\u0151vel folytatott megbesz\u00e9l\u00e9se ut\u00e1n sajt\u00f3t\u00e1j\u00e9koztat\u00f3n elmondta: a n\u00e9met korm\u00e1ny az ukr\u00e1n v\u00e1ls\u00e1g kezel\u00e9s\u00e9ben Ukrajna t\u00e1mogat\u00e1sa mellett t\u00f6rekszik a t\u00e1rgyal\u00e1sra az orosz vezet\u00e9ssel is, &#8222;\u00e1lland\u00f3 kapcsolatban van&#8221; Moszkv\u00e1val, politik\u00e1j\u00e1nak harmadik eleme pedig a tov\u00e1bbi szankci\u00f3k lehet\u0151s\u00e9g\u00e9nek fenntart\u00e1sa.<br \/>\nA n\u00e9met kancell\u00e1r hangs\u00falyozta, hogy az esetleges \u00fajabb b\u00fcntet\u0151int\u00e9zked\u00e9sekr\u0151l egyet\u00e9rt\u00e9sre juthat a h\u00e9t vezet\u0151 ipari hatalmat \u00f6sszefog\u00f3 G7 csoport. A csoporthoz tartoz\u00f3 Jap\u00e1n minisztereln\u00f6ke hozz\u00e1tette: a vezet\u0151 ipari orsz\u00e1gok egyk\u00e9nt \u00e1llnak ki Oroszorsz\u00e1ggal szemben, ha sz\u00fcks\u00e9g lesz \u00fajabb szankci\u00f3kra, f\u00fcggetlen\u00fcl att\u00f3l, hogy Moszkva retorzi\u00f3kkal fenyeget nyugati energetikai c\u00e9geket.<br \/>\nAngela Merkel kijelentette: halad\u00e9ktalanul szabadon kell bocs\u00e1tani az oroszbar\u00e1t szeparatist\u00e1k \u00e1ltal Kelet-Ukrajn\u00e1ban foglyul ejtett EBESZ-megfigyel\u0151ket, \u00e9s ezut\u00e1n a v\u00e1ls\u00e1g enyh\u00edt\u00e9s\u00e9t c\u00e9lz\u00f3 \u00fajabb l\u00e9p\u00e9seket kell tenni. Berlin sz\u00e1m\u00e1ra rendk\u00edv\u00fcl fontos, hogy szabad \u00e9s tisztess\u00e9ges legyen a m\u00e1jus 25-i eln\u00f6kv\u00e1laszt\u00e1s.<br \/>\nAz ukr\u00e1n v\u00e1laszt\u00f3knak, \u00e9s &#8222;nem m\u00e1soknak&#8221; kell d\u00f6nteni\u00fck az orsz\u00e1g sors\u00e1r\u00f3l &#8211; hangs\u00falyozta a kancell\u00e1r, hozz\u00e1t\u00e9ve, hogy a &#8222;decentraliz\u00e1ci\u00f3 elemeit&#8221; tartalmaz\u00f3 \u00faj alkotm\u00e1ny \u00fcgye is kiemelt jelent\u0151s\u00e9g\u0171. Elmondta: szerd\u00e1n megbesz\u00e9l\u00e9st folytatott Arszenyij Jacenyuk ukr\u00e1n minisztereln\u00f6kkel az alkotm\u00e1nyoz\u00e1si folyamatr\u00f3l, amely j\u00f3l halad el\u0151re \u00e9s a j\u00f6v\u0151 h\u00e9ten m\u00e1r igen &#8222;kiforrott&#8221; \u00e1llapotba ker\u00fcl a dokumentum.<br \/>\nA Merkel \u00e1ltal jelzett orosz-ukr\u00e1n t\u00e1rgyal\u00e1ssal kapcsolatban a Handelsblatt c\u00edm\u0171 n\u00e9met \u00fczleti lap szerd\u00e1n azt \u00edrta, hogy p\u00e9nteken Vars\u00f3ban tartanak megbesz\u00e9l\u00e9st a f\u00f6ldg\u00e1zsz\u00e1ll\u00edt\u00e1sr\u00f3l G\u00fcnther Oettinger uni\u00f3s biztos kezdem\u00e9nyez\u00e9s\u00e9re Jurij Prodan ukr\u00e1n gazdas\u00e1gi miniszter, Alekszandr Novak orosz energetikai miniszter \u00e9s a Gazprom orosz \u00e1llami energetikai c\u00e9g eln\u00f6ke, Alekszej Miller r\u00e9szv\u00e9tel\u00e9vel.<br \/>\nA lap meg nem nevezett magas rang\u00fa n\u00e9met korm\u00e1nyzati tiszts\u00e9gvisel\u0151kre hivatkozva azt \u00edrta: az IMF \u00f6sszesen 18 milli\u00e1rd doll\u00e1rt helyezett kil\u00e1t\u00e1sba Ukrajna sz\u00e1m\u00e1ra, \u00e9s a t\u00e1mogat\u00e1snak az is a c\u00e9lja, hogy Kijev rendezni tudja az orosz f\u00f6ldg\u00e1zsz\u00e1ll\u00edt\u00e1sok kifizetetlen sz\u00e1ml\u00e1it, \u00e9s Vlagyimir Putyin orosz eln\u00f6k ne hivatkozhasson arra, hogy az ukr\u00e1nok tartoz\u00e1sai miatt int\u00e9zkednie kell a f\u00f6ldg\u00e1zell\u00e1t\u00e1s \u00fcgy\u00e9ben.<br \/>\nAz IMF-t\u00e1mogat\u00e1sr\u00f3l Angela Merkel szem\u00e9lyesen t\u00e1rgyal majd a h\u00e9ten Washingtonban Christine Lagarde-dal, a nemzetk\u00f6zi p\u00e9nz\u00fcgyi szervezet vez\u00e9rigazgat\u00f3j\u00e1val \u00e9s Barack Obama amerikai eln\u00f6kkel &#8211; \u00edrta a Handelsblatt.(MTI)<\/p>\n","protected":false},"excerpt":{"rendered":"<p>A h\u00e9ten elk\u00e9sz\u00fcl a Nemzetk\u00f6zi Valutaalap (IMF) Ukrajna t\u00e1mogat\u00e1s\u00e1t c\u00e9lz\u00f3 programja, p\u00e9nteken pedig az Eur\u00f3pai Bizotts\u00e1g energia\u00fcgyi biztos\u00e1nak r\u00e9szv\u00e9tel\u00e9vel orosz-ukr\u00e1n t\u00e1rgyal\u00e1sok lesznek a f\u00f6ldg\u00e1zell\u00e1t\u00e1sr\u00f3l &#8211; mondta a n\u00e9met kancell\u00e1r szerd\u00e1n Berlinben.<\/p>\n","protected":false},"author":1,"featured_media":0,"comment_status":"open","ping_status":"closed","sticky":false,"template":"","format":"standard","meta":[],"categories":[139],"tags":[],"_links":{"self":[{"href":"https:\/\/gazdasagportal.hu\/index.php\/wp-json\/wp\/v2\/posts\/34006"}],"collection":[{"href":"https:\/\/gazdasagportal.hu\/index.php\/wp-json\/wp\/v2\/posts"}],"about":[{"href":"https:\/\/gazdasagportal.hu\/index.php\/wp-json\/wp\/v2\/types\/post"}],"author":[{"embeddable":true,"href":"https:\/\/gazdasagportal.hu\/index.php\/wp-json\/wp\/v2\/users\/1"}],"replies":[{"embeddable":true,"href":"https:\/\/gazdasagportal.hu\/index.php\/wp-json\/wp\/v2\/comments?post=34006"}],"version-history":[{"count":1,"href":"https:\/\/gazdasagportal.hu\/index.php\/wp-json\/wp\/v2\/posts\/34006\/revisions"}],"predecessor-version":[{"id":34007,"href":"https:\/\/gazdasagportal.hu\/index.php\/wp-json\/wp\/v2\/posts\/34006\/revisions\/34007"}],"wp:attachment":[{"href":"https:\/\/gazdasagportal.hu\/index.php\/wp-json\/wp\/v2\/media?parent=34006"}],"wp:term":[{"taxonomy":"category","embeddable":true,"href":"https:\/\/gazdasagportal.hu\/index.php\/wp-json\/wp\/v2\/categories?post=34006"},{"taxonomy":"post_tag","embeddable":true,"href":"https:\/\/gazdasagportal.hu\/index.php\/wp-json\/wp\/v2\/tags?post=34006"}],"curies":[{"name":"wp","href":"https:\/\/api.w.org\/{rel}","templated":true}]}}