{"id":34004,"date":"2014-04-30T15:25:36","date_gmt":"2014-04-30T13:25:36","guid":{"rendered":"http:\/\/stockportal.hu\/?p=34004"},"modified":"2014-04-30T15:25:36","modified_gmt":"2014-04-30T13:25:36","slug":"mszp-a-fidesz-kormanynak-tudomast-kell-vennie-a-nyugdijkassza-hianyarol","status":"publish","type":"post","link":"https:\/\/gazdasagportal.hu\/index.php\/mszp-a-fidesz-kormanynak-tudomast-kell-vennie-a-nyugdijkassza-hianyarol\/","title":{"rendered":"MSZP: a Fidesz-korm\u00e1nynak tudom\u00e1st kell vennie a nyugd\u00edjkassza hi\u00e1ny\u00e1r\u00f3l"},"content":{"rendered":"<p><strong>Az MSZP szerint \u00fagy n\u00e9z ki, hogy a jelenlegi m\u00e9rt\u00e9k\u0171 nyugd\u00edjakra nincs elegend\u0151 p\u00e9nz az \u00e1llamkassz\u00e1ban \u00e9s a Fidesz-korm\u00e1ny nem sok\u00e1ig teheti meg, hogy nem vesz err\u0151l tudom\u00e1st. Ezt Kor\u00f3zs Lajos, az ellenz\u00e9ki p\u00e1rt orsz\u00e1gos eln\u00f6ks\u00e9gi tagja mondta szerd\u00e1n Budapesten sajt\u00f3t\u00e1j\u00e9koztat\u00f3n.<!--more--><\/strong><\/p>\n<div id=\"vid4u\"><\/div>\n<p><script type=\"text\/javascript\">var rid = 100000 + Math.floor(Math.random()*99999); var b = document.createElement(\"div\"); b.setAttribute(\"id\", \"v4u_c_\"+rid+\"_3\"); var r = document.getElementById(\"vid4u\"); r.parentNode.insertBefore(b,r); r.setAttribute(\"id\", \"\"); (function(w, d, s, rid) { function go(){ var js, fjs = d.getElementsByTagName(s)[0], load = function(url, id) { if (d.getElementById(id)) { d.getElementById(id).onload = d.getElementById(id).onreadystatechange = function() { if (typeof vid4u != 'undefined') vid4u.init(480,289,\"0scneAox4k\",null,3, rid);}; return; } js = d.createElement(s); js.src = url; js.id = id; fjs.parentNode.insertBefore(js, fjs); js.onload = js.onreadystatechange = function() { if (typeof vid4u != 'undefined') vid4u.init(480,289,\"0scneAox4k\",null,3, rid); };}; load(\"\/\/video.vid4u.org\/vid4ul.js\", \"vjs_\"+rid); } go(); }(window, document, \"script\", rid));<\/script><\/p>\n<p>A politikus sajt\u00f3h\u00edrekre hivatkozva k\u00f6z\u00f6lte, j\u00f6v\u0151re 42 milli\u00e1rd forint hi\u00e1nyzik majd a nyugd\u00edjkassz\u00e1b\u00f3l, k\u00e9t \u00e9v m\u00falva t\u00f6bb mint 75 milli\u00e1rd forint, m\u00edg \u00e9vek m\u00falva m\u00e1r a t\u00f6bb sz\u00e1z milli\u00e1rd forintot is el\u00e9ri a hi\u00e1ny.<br \/>\nVagy cs\u00f6kkentik a nyugd\u00edjakat, vagy a dolgoz\u00f3 embereknek ny\u00falnak a zseb\u00e9be \u00e9s emelik a j\u00e1rul\u00e9kaikat &#8211; \u00f6sszegezte a lehet\u0151s\u00e9geket, megjegyezve: &#8222;mindegyik f\u00e1jni fog&#8221;.<br \/>\nElmondta, hogy a most bemutatott konvergenciaprogramban nyoma nincs annak, hogyan szeretn\u00e9k a foglalkoztat\u00e1st b\u0151v\u00edteni, m\u00e1rpedig a nyugd\u00edjkassza felt\u00f6lt\u00e9s\u00e9nek z\u00e1loga a j\u00e1rul\u00e9kfizet\u0151 munkav\u00e1llal\u00f3k sz\u00e1m\u00e1nak n\u00f6vel\u00e9se.<br \/>\nKor\u00f3zs Lajos azt mondta, az MSZP szerint meg kellene teremteni annak lehet\u0151s\u00e9g\u00e9t, hogy az \u00e1llam \u00e1ltal t\u00e1mogatott m\u00f3don mindenki saj\u00e1t maga is tudjon gondoskodni a nyugd\u00edjas j\u00f6v\u0151j\u00e9r\u0151l. Szorgalmazta tov\u00e1bb\u00e1 az eur\u00f3pai szint\u0171 minim\u00e1lnyugd\u00edj bevezet\u00e9s\u00e9t.<br \/>\nV\u00e9lem\u00e9nye szerint az Eur\u00f3pai Parlamentben (EP) minden magyar k\u00e9pvisel\u0151knek t\u00e1mogatnia kell az eur\u00f3pai minim\u00e1lnyugd\u00edj bevezet\u00e9s\u00e9t, ezzel kisz\u00e1m\u00edthat\u00f3 p\u00e1ly\u00e1ra ker\u00fclhetne a magyar nyugd\u00edjrendszer. A magyar nyugd\u00edjak jelenlegi szintj\u00e9nek meg\u0151rz\u00e9se innent\u0151l kezdve az EP kez\u00e9ben lenne &#8211; fejtette ki.<br \/>\nKor\u00f3zs Lajos a konvergenciaprogramban azt is hi\u00e1nyolta, hogy nem tartalmaz progn\u00f3zist, nem der\u00fcl ki abb\u00f3l, milyen int\u00e9zked\u00e9seket tervez a k\u00f6vetkez\u0151 \u00e9vekben a korm\u00e1ny.<br \/>\nHangs\u00falyozta, val\u00f3di j\u00f3l fizet\u0151 munkahelyek kellen\u00e9nek, nem a k\u00f6zmunk\u00e1t kellene b\u0151v\u00edteni, mert ezzel csak az egyik zseb\u00e9b\u0151l a m\u00e1sikba pakolgatja a p\u00e9nzt az \u00e1llam. Ahol munkahelyb\u0151v\u00fcl\u00e9s van az orsz\u00e1gban, az mind \u00e1llamilag t\u00e1mogatott munkahely, a k\u00f6zfoglalkoztatotti munkahelyek pedig &#8222;rohadt sok p\u00e9nzbe ker\u00fclnek&#8221; &#8211; tette hozz\u00e1.<br \/>\nKor\u00f3zs Lajos azt mondta, a nyugd\u00edjak kifizet\u00e9se csak akkor lesz garant\u00e1lt, ha piaci alapon j\u00f6nnek l\u00e9tre a munkahelyek.<br \/>\nAz ellenz\u00e9ki politikus reag\u00e1lt az Eur\u00f3pai Uni\u00f3 luxembourgi sz\u00e9khely\u0171 b\u00edr\u00f3s\u00e1g\u00e1nak a magyar devizahitelek \u00fcgy\u00e9ben hozott \u00edt\u00e9let\u00e9re. A labda itt pattog a magyar korm\u00e1ny \u00e9s a K\u00faria oldal\u00e1n, ut\u00f3bbi ak\u00e1r n\u00e9h\u00e1ny h\u00e9t alatt is kialak\u00edthatja \u00e1ll\u00e1spontj\u00e1t az \u00fcgyben &#8211; mondta.<br \/>\nB\u00edr\u00e1lta a korm\u00e1ny elm\u00falt n\u00e9gy \u00e9vben hozott int\u00e9zked\u00e9seit, k\u00fcl\u00f6n\u00f6sen az \u00f3csai lak\u00f3parkot. Eml\u00e9keztetett arra, hogy az MSZP t\u00f6bb javaslatot is megfogalmazott a devizahitelesek v\u00e9delme \u00e9rdek\u00e9ben, ezek k\u00f6z\u00f6tt eml\u00edtette, a forint \u00e1rfolyam\u00e1nak er\u0151s\u00edt\u00e9s\u00e9t, a mag\u00e1ncs\u0151d bevezet\u00e9s\u00e9t, a szoci\u00e1lis b\u00e9rlak\u00e1sok \u00e9p\u00edt\u00e9s\u00e9t.(MTI)<\/p>\n","protected":false},"excerpt":{"rendered":"<p>Az MSZP szerint \u00fagy n\u00e9z ki, hogy a jelenlegi m\u00e9rt\u00e9k\u0171 nyugd\u00edjakra nincs elegend\u0151 p\u00e9nz az \u00e1llamkassz\u00e1ban \u00e9s a Fidesz-korm\u00e1ny nem sok\u00e1ig teheti meg, hogy nem vesz err\u0151l tudom\u00e1st. Ezt Kor\u00f3zs Lajos, az ellenz\u00e9ki p\u00e1rt orsz\u00e1gos eln\u00f6ks\u00e9gi tagja mondta szerd\u00e1n Budapesten sajt\u00f3t\u00e1j\u00e9koztat\u00f3n.<\/p>\n","protected":false},"author":1,"featured_media":0,"comment_status":"open","ping_status":"closed","sticky":false,"template":"","format":"standard","meta":[],"categories":[18],"tags":[],"_links":{"self":[{"href":"https:\/\/gazdasagportal.hu\/index.php\/wp-json\/wp\/v2\/posts\/34004"}],"collection":[{"href":"https:\/\/gazdasagportal.hu\/index.php\/wp-json\/wp\/v2\/posts"}],"about":[{"href":"https:\/\/gazdasagportal.hu\/index.php\/wp-json\/wp\/v2\/types\/post"}],"author":[{"embeddable":true,"href":"https:\/\/gazdasagportal.hu\/index.php\/wp-json\/wp\/v2\/users\/1"}],"replies":[{"embeddable":true,"href":"https:\/\/gazdasagportal.hu\/index.php\/wp-json\/wp\/v2\/comments?post=34004"}],"version-history":[{"count":1,"href":"https:\/\/gazdasagportal.hu\/index.php\/wp-json\/wp\/v2\/posts\/34004\/revisions"}],"predecessor-version":[{"id":34005,"href":"https:\/\/gazdasagportal.hu\/index.php\/wp-json\/wp\/v2\/posts\/34004\/revisions\/34005"}],"wp:attachment":[{"href":"https:\/\/gazdasagportal.hu\/index.php\/wp-json\/wp\/v2\/media?parent=34004"}],"wp:term":[{"taxonomy":"category","embeddable":true,"href":"https:\/\/gazdasagportal.hu\/index.php\/wp-json\/wp\/v2\/categories?post=34004"},{"taxonomy":"post_tag","embeddable":true,"href":"https:\/\/gazdasagportal.hu\/index.php\/wp-json\/wp\/v2\/tags?post=34004"}],"curies":[{"name":"wp","href":"https:\/\/api.w.org\/{rel}","templated":true}]}}