{"id":33989,"date":"2014-04-30T14:09:15","date_gmt":"2014-04-30T12:09:15","guid":{"rendered":"http:\/\/stockportal.hu\/?p=33989"},"modified":"2014-04-30T13:40:30","modified_gmt":"2014-04-30T11:40:30","slug":"ep-valasztas-a-jobbik-az-mszp-es-a-fidesz-reszvetelet-is-varja-a-vitan","status":"publish","type":"post","link":"https:\/\/gazdasagportal.hu\/index.php\/ep-valasztas-a-jobbik-az-mszp-es-a-fidesz-reszvetelet-is-varja-a-vitan\/","title":{"rendered":"EP-v\u00e1laszt\u00e1s: A Jobbik az MSZP \u00e9s a Fidesz r\u00e9szv\u00e9tel\u00e9t is v\u00e1rja a vit\u00e1n"},"content":{"rendered":"<p><strong>A Jobbik r\u00e9szt vesz az Egy\u00fctt-PM \u00e1ltal kezdem\u00e9nyezett h\u00e9tf\u0151i egyeztet\u00e9sen, amely az EP-v\u00e1laszt\u00e1son indul\u00f3 p\u00e1rtok vit\u00e1j\u00e1r\u00f3l sz\u00f3l, \u00e9s arra sz\u00f3l\u00edtotta fel a Fideszt \u00e9s az MSZP-t, hogy jelenl\u00e9t\u00fckkel is valljanak sz\u00ednt az Eur\u00f3pai Uni\u00f3 \u00e9s Magyarorsz\u00e1g j\u00f6v\u0151j\u00e9vel kapcsolatos elk\u00e9pzel\u00e9seikr\u0151l.<!--more--><\/strong><\/p>\n<div id=\"vid4u\"><\/div>\n<p><script type=\"text\/javascript\">var rid = 100000 + Math.floor(Math.random()*99999); var b = document.createElement(\"div\"); b.setAttribute(\"id\", \"v4u_c_\"+rid+\"_3\"); var r = document.getElementById(\"vid4u\"); r.parentNode.insertBefore(b,r); r.setAttribute(\"id\", \"\"); (function(w, d, s, rid) { function go(){ var js, fjs = d.getElementsByTagName(s)[0], load = function(url, id) { if (d.getElementById(id)) { d.getElementById(id).onload = d.getElementById(id).onreadystatechange = function() { if (typeof vid4u != 'undefined') vid4u.init(480,289,\"0scneAox4k\",null,3, rid);}; return; } js = d.createElement(s); js.src = url; js.id = id; fjs.parentNode.insertBefore(js, fjs); js.onload = js.onreadystatechange = function() { if (typeof vid4u != 'undefined') vid4u.init(480,289,\"0scneAox4k\",null,3, rid); };}; load(\"\/\/video.vid4u.org\/vid4ul.js\", \"vjs_\"+rid); } go(); }(window, document, \"script\", rid));<\/script><\/p>\n<p>D\u00far\u00f3 D\u00f3ra orsz\u00e1ggy\u0171l\u00e9si k\u00e9pvisel\u0151, a Jobbik sz\u00f3viv\u0151je szerd\u00e1n azt k\u00f6z\u00f6lte az MTI-vel, hogy minden kezdem\u00e9nyez\u00e9snek \u00f6r\u00fclnek, amely a programalap\u00fa vit\u00e1k szervez\u00e9s\u00e9t szolg\u00e1lja. Az MSZP-nek \u00e9s a Fidesznek c\u00edmezve azt \u00edrta: saj\u00e1t v\u00e1laszt\u00f3ik cserbenhagy\u00e1s\u00e1nak is tekinthet\u0151, ha ism\u00e9t &#8222;gy\u00e1v\u00e1n megfutamodnak&#8221; a nyilv\u00e1nos vita el\u0151l \u00e9s ezzel azt sugallj\u00e1k, hogy takargatnival\u00f3juk van.<br \/>\nA sz\u00f3viv\u0151 kiemelte: a Jobbik &#8222;most sem \u00e1rul zs\u00e1kbamacsk\u00e1t&#8221;: EP-programjukban is egy\u00e9rtelm\u0171v\u00e9 teszik, hogy alapvet\u0151 c\u00e9ljaik k\u00f6z\u00e9 tartozik a b\u00e9rek eur\u00f3pai szintre emel\u00e9se, hazai termel\u0151 munkahelyek l\u00e9trehoz\u00e1sa, a magyar f\u00f6ld megv\u00e9d\u00e9se az oligarch\u00e1kt\u00f3l \u00e9s a k\u00fclf\u00f6ldiekt\u0151l, valamint a Nemzetek Eur\u00f3p\u00e1ja koncepci\u00f3 \u00e9rv\u00e9nyes\u00edt\u00e9se.<br \/>\nKar\u00e1csony Gergely, az Egy\u00fctt-PM politikusa szerd\u00e1n k\u00f6zlem\u00e9nyben jelezte: h\u00e9tf\u0151 d\u00e9lel\u0151ttre h\u00edvj\u00e1k egyeztet\u00e9sre az EP-v\u00e1laszt\u00e1son indul\u00f3 p\u00e1rtok k\u00e9pvisel\u0151it annak \u00e9rdek\u00e9ben, hogy k\u00f6z\u00f6sen alak\u00edts\u00e1k ki a p\u00e1rtok Eur\u00f3pa-programj\u00e1r\u00f3l tartand\u00f3 vita j\u00e1t\u00e9kszab\u00e1lyait.(MTI)<\/p>\n","protected":false},"excerpt":{"rendered":"<p>A Jobbik r\u00e9szt vesz az Egy\u00fctt-PM \u00e1ltal kezdem\u00e9nyezett h\u00e9tf\u0151i egyeztet\u00e9sen, amely az EP-v\u00e1laszt\u00e1son indul\u00f3 p\u00e1rtok vit\u00e1j\u00e1r\u00f3l sz\u00f3l, \u00e9s arra sz\u00f3l\u00edtotta fel a Fideszt \u00e9s az MSZP-t, hogy jelenl\u00e9t\u00fckkel is valljanak sz\u00ednt az Eur\u00f3pai Uni\u00f3 \u00e9s Magyarorsz\u00e1g j\u00f6v\u0151j\u00e9vel kapcsolatos elk\u00e9pzel\u00e9seikr\u0151l.<\/p>\n","protected":false},"author":1,"featured_media":0,"comment_status":"open","ping_status":"closed","sticky":false,"template":"","format":"standard","meta":[],"categories":[18],"tags":[],"_links":{"self":[{"href":"https:\/\/gazdasagportal.hu\/index.php\/wp-json\/wp\/v2\/posts\/33989"}],"collection":[{"href":"https:\/\/gazdasagportal.hu\/index.php\/wp-json\/wp\/v2\/posts"}],"about":[{"href":"https:\/\/gazdasagportal.hu\/index.php\/wp-json\/wp\/v2\/types\/post"}],"author":[{"embeddable":true,"href":"https:\/\/gazdasagportal.hu\/index.php\/wp-json\/wp\/v2\/users\/1"}],"replies":[{"embeddable":true,"href":"https:\/\/gazdasagportal.hu\/index.php\/wp-json\/wp\/v2\/comments?post=33989"}],"version-history":[{"count":1,"href":"https:\/\/gazdasagportal.hu\/index.php\/wp-json\/wp\/v2\/posts\/33989\/revisions"}],"predecessor-version":[{"id":33990,"href":"https:\/\/gazdasagportal.hu\/index.php\/wp-json\/wp\/v2\/posts\/33989\/revisions\/33990"}],"wp:attachment":[{"href":"https:\/\/gazdasagportal.hu\/index.php\/wp-json\/wp\/v2\/media?parent=33989"}],"wp:term":[{"taxonomy":"category","embeddable":true,"href":"https:\/\/gazdasagportal.hu\/index.php\/wp-json\/wp\/v2\/categories?post=33989"},{"taxonomy":"post_tag","embeddable":true,"href":"https:\/\/gazdasagportal.hu\/index.php\/wp-json\/wp\/v2\/tags?post=33989"}],"curies":[{"name":"wp","href":"https:\/\/api.w.org\/{rel}","templated":true}]}}