{"id":33981,"date":"2014-04-30T13:12:19","date_gmt":"2014-04-30T11:12:19","guid":{"rendered":"http:\/\/stockportal.hu\/?p=33981"},"modified":"2014-04-30T13:12:19","modified_gmt":"2014-04-30T11:12:19","slug":"kulfoldi-sajto-magyarorszagrol-ard-la-repubblica","status":"publish","type":"post","link":"https:\/\/gazdasagportal.hu\/index.php\/kulfoldi-sajto-magyarorszagrol-ard-la-repubblica\/","title":{"rendered":"K\u00fclf\u00f6ldi sajt\u00f3 Magyarorsz\u00e1gr\u00f3l: ARD, La Repubblica"},"content":{"rendered":"<p><strong>Az ARD n\u00e9met k\u00f6zszolg\u00e1lati telev\u00edzi\u00f3 a n\u00e9met megsz\u00e1ll\u00e1s \u00e1ldozatainak eml\u00e9km\u0171v\u00e9r\u0151l k\u00f6z\u00f6lt besz\u00e1mol\u00f3t.<!--more--><\/strong><\/p>\n<div id=\"vid4u\"><\/div>\n<p><script type=\"text\/javascript\">var rid = 100000 + Math.floor(Math.random()*99999); var b = document.createElement(\"div\"); b.setAttribute(\"id\", \"v4u_c_\"+rid+\"_3\"); var r = document.getElementById(\"vid4u\"); r.parentNode.insertBefore(b,r); r.setAttribute(\"id\", \"\"); (function(w, d, s, rid) { function go(){ var js, fjs = d.getElementsByTagName(s)[0], load = function(url, id) { if (d.getElementById(id)) { d.getElementById(id).onload = d.getElementById(id).onreadystatechange = function() { if (typeof vid4u != 'undefined') vid4u.init(480,289,\"0scneAox4k\",null,3, rid);}; return; } js = d.createElement(s); js.src = url; js.id = id; fjs.parentNode.insertBefore(js, fjs); js.onload = js.onreadystatechange = function() { if (typeof vid4u != 'undefined') vid4u.init(480,289,\"0scneAox4k\",null,3, rid); };}; load(\"\/\/video.vid4u.org\/vid4ul.js\", \"vjs_\"+rid); } go(); }(window, document, \"script\", rid));<\/script><\/p>\n<p>Az Eml\u00e9km\u0171 a budapesti Szabads\u00e1g t\u00e9ren c\u00edm\u0171 \u00f6ssze\u00e1ll\u00edt\u00e1sban kiemelt\u00e9k, hogy az &#8222;\u00e1llami eml\u00e9kez\u00e9skult\u00fara eml\u00e9km\u0171ve (&#8230;) az \u00e1rtatlan Magyarorsz\u00e1got jelk\u00e9pezi&#8221;, a fel\u00e9p\u00edt\u00e9se ellen tiltakoz\u00f3k viszont \u00fagy v\u00e9lik, hogy az val\u00f3j\u00e1ban &#8222;dikt\u00e1tori giccs \u00e9s t\u00f6rt\u00e9nelmi hazugs\u00e1g&#8221;, mert Magyarorsz\u00e1g nem \u00e1ldozat volt, hanem a n\u00e1ci N\u00e9metorsz\u00e1g sz\u00f6vets\u00e9gese, \u00e9s nagy igyekezettel m\u0171k\u00f6d\u00f6tt k\u00f6zre a magyar zsid\u00f3k deport\u00e1l\u00e1s\u00e1ban.<br \/>\nHozz\u00e1tett\u00e9k: az orsz\u00e1g t\u00f6rt\u00e9nelmi szerep\u00e9nek \u00fajra\u00e9rtelmez\u00e9se r\u00e9v\u00e9n kialakult &#8222;a hivatalos korm\u00e1nyzati \u00e1ldozatm\u00edtosz&#8221;, amely a magyarorsz\u00e1gi nacionalizmus alapja. Az eml\u00e9km\u0171 ennek a &#8222;hivatalos t\u00f6rt\u00e9nelemk\u00e9pnek&#8221; a kifejez\u0151d\u00e9se &#8222;t\u00faldimenzion\u00e1lt p\u00e1tosszal&#8221;, \u00e9s m\u00edg Orb\u00e1n Viktor h\u00edvei \u00fagy v\u00e9lik, hogy &#8222;nemzeti eml\u00e9km\u0171vet&#8221; emelnek, &#8222;mindenki m\u00e1s&#8221; \u00fagy l\u00e1tja, hogy &#8222;egy \u00faj diktat\u00fara jelk\u00e9pe&#8221; \u00e9p\u00fcl a Szabads\u00e1g t\u00e9ren &#8211; fejtett\u00e9k ki.<br \/>\n<a title=\"Hely megnyit\u00e1sa\" href=\"http:\/\/www.daserste.de\/information\/wissen-kultur\/ttt\/sendung\/mdr\/2014\/sendung-vom-27042014-118.html\" target=\"_blank\" rel=\"noopener\">http:\/\/www.daserste.de\/information\/wissen-kultur\/ttt\/sendung\/mdr\/2014\/sendung-vom-27042014-118.html<\/a><br \/>\nA La Repubblica c\u00edm\u0171 balk\u00f6z\u00e9p olasz napilap br\u00fcsszeli elemz\u0151je szerint a m\u00e1jusi eur\u00f3pai parlamenti v\u00e1laszt\u00e1sok ut\u00e1n az Eur\u00f3pai N\u00e9pp\u00e1rtban (EPP) napirendre ker\u00fclhetne Silvio Berlusconi volt olasz korm\u00e1nyf\u0151 \u00e9s Orb\u00e1n Viktor minisztereln\u00f6k kiz\u00e1r\u00e1sa.<br \/>\nAz Eur\u00f3pai Parlamentbe k\u00e9sz\u00fcl\u0151 Eur\u00f3pa-ellenes p\u00e1rtokr\u00f3l sz\u00f3l\u00f3 cikk\u00e9ben az elemz\u0151 azt \u00edrta, &#8222;azut\u00e1n, hogy eld\u0151lt a j\u00e1tszma a bizotts\u00e1g eln\u00f6ks\u00e9g\u00e9r\u0151l, a N\u00e9pp\u00e1rt v\u00e9gre szembes\u00fclhetne annak a nyilv\u00e1nval\u00f3 \u00f6sszef\u00e9rhetetlens\u00e9gnek a k\u00e9rd\u00e9s\u00e9vel, amelyet a soraiban lev\u0151 k\u00ednos \u00e9s l\u00e9nyeg\u00e9ben Eur\u00f3pa-ellenes szem\u00e9lyis\u00e9gek k\u00e9pviselnek, mint Silvio Berlusconi \u00e9s a magyar minisztereln\u00f6k, Orb\u00e1n Viktor&#8230;&#8221;.<br \/>\nA La Repubblica Michael St\u00fcrmer n\u00e9met t\u00f6rt\u00e9n\u00e9szt, Helmuth Kohl kancell\u00e1r egykori tan\u00e1csad\u00f3j\u00e1t k\u00e9rdezte arr\u00f3l, hogy a PPE &#8222;elkergeti-e a populista&#8221; Berlusconit \u00e9s Orb\u00e1nt, vagy &#8222;megtartja \u0151ket, nehogy mand\u00e1tumot vesz\u00edtsen az Eur\u00f3pai Parlamentben&#8221;. St\u00fcrmer azt v\u00e1laszolta: &#8222;Att\u00f3l tartok, a m\u00e1sodikat v\u00e1lasztja. Ez nem \u00e9letvesz\u00e9ly, de m\u00e9g jobban halv\u00e1ny\u00edtja annak az Eur\u00f3p\u00e1nak a f\u00e9ny\u00e9t, amely sz\u00e1mos v\u00e1laszt\u00f3nak m\u00e1r most sem tetszik&#8230;.&#8221;. (MTI)<\/p>\n","protected":false},"excerpt":{"rendered":"<p>Az ARD n\u00e9met k\u00f6zszolg\u00e1lati telev\u00edzi\u00f3 a n\u00e9met megsz\u00e1ll\u00e1s \u00e1ldozatainak eml\u00e9km\u0171v\u00e9r\u0151l k\u00f6z\u00f6lt besz\u00e1mol\u00f3t.<\/p>\n","protected":false},"author":1,"featured_media":0,"comment_status":"open","ping_status":"closed","sticky":false,"template":"","format":"standard","meta":[],"categories":[4,19],"tags":[],"_links":{"self":[{"href":"https:\/\/gazdasagportal.hu\/index.php\/wp-json\/wp\/v2\/posts\/33981"}],"collection":[{"href":"https:\/\/gazdasagportal.hu\/index.php\/wp-json\/wp\/v2\/posts"}],"about":[{"href":"https:\/\/gazdasagportal.hu\/index.php\/wp-json\/wp\/v2\/types\/post"}],"author":[{"embeddable":true,"href":"https:\/\/gazdasagportal.hu\/index.php\/wp-json\/wp\/v2\/users\/1"}],"replies":[{"embeddable":true,"href":"https:\/\/gazdasagportal.hu\/index.php\/wp-json\/wp\/v2\/comments?post=33981"}],"version-history":[{"count":1,"href":"https:\/\/gazdasagportal.hu\/index.php\/wp-json\/wp\/v2\/posts\/33981\/revisions"}],"predecessor-version":[{"id":33982,"href":"https:\/\/gazdasagportal.hu\/index.php\/wp-json\/wp\/v2\/posts\/33981\/revisions\/33982"}],"wp:attachment":[{"href":"https:\/\/gazdasagportal.hu\/index.php\/wp-json\/wp\/v2\/media?parent=33981"}],"wp:term":[{"taxonomy":"category","embeddable":true,"href":"https:\/\/gazdasagportal.hu\/index.php\/wp-json\/wp\/v2\/categories?post=33981"},{"taxonomy":"post_tag","embeddable":true,"href":"https:\/\/gazdasagportal.hu\/index.php\/wp-json\/wp\/v2\/tags?post=33981"}],"curies":[{"name":"wp","href":"https:\/\/api.w.org\/{rel}","templated":true}]}}