{"id":33975,"date":"2014-04-30T12:55:00","date_gmt":"2014-04-30T10:55:00","guid":{"rendered":"http:\/\/stockportal.hu\/?p=33975"},"modified":"2014-04-30T12:55:00","modified_gmt":"2014-04-30T10:55:00","slug":"az-imf-erre-az-evre-mar-csak-02-szazalekos-orosz-gdp-novekedest-josol","status":"publish","type":"post","link":"https:\/\/gazdasagportal.hu\/index.php\/az-imf-erre-az-evre-mar-csak-02-szazalekos-orosz-gdp-novekedest-josol\/","title":{"rendered":"Az IMF erre az \u00e9vre m\u00e1r csak 0,2 sz\u00e1zal\u00e9kos orosz GDP n\u00f6veked\u00e9st j\u00f3sol"},"content":{"rendered":"<p><strong>A Nemzetk\u00f6zi Valutaalap (IMF) 0,2 sz\u00e1zal\u00e9kra cs\u00f6kkentette az orosz GDP idei v\u00e1rhat\u00f3 n\u00f6veked\u00e9s\u00e9re adott progn\u00f3zis\u00e1t &#8211; k\u00f6z\u00f6lt\u00e9k a szervezet moszkvai t\u00e1j\u00e9koztat\u00f3j\u00e1n szerd\u00e1n.<!--more--><\/strong><\/p>\n<div id=\"vid4u\"><\/div>\n<p><script type=\"text\/javascript\">var rid = 100000 + Math.floor(Math.random()*99999); var b = document.createElement(\"div\"); b.setAttribute(\"id\", \"v4u_c_\"+rid+\"_3\"); var r = document.getElementById(\"vid4u\"); r.parentNode.insertBefore(b,r); r.setAttribute(\"id\", \"\"); (function(w, d, s, rid) { function go(){ var js, fjs = d.getElementsByTagName(s)[0], load = function(url, id) { if (d.getElementById(id)) { d.getElementById(id).onload = d.getElementById(id).onreadystatechange = function() { if (typeof vid4u != 'undefined') vid4u.init(480,289,\"0scneAox4k\",null,3, rid);}; return; } js = d.createElement(s); js.src = url; js.id = id; fjs.parentNode.insertBefore(js, fjs); js.onload = js.onreadystatechange = function() { if (typeof vid4u != 'undefined') vid4u.init(480,289,\"0scneAox4k\",null,3, rid); };}; load(\"\/\/video.vid4u.org\/vid4ul.js\", \"vjs_\"+rid); } go(); }(window, document, \"script\", rid));<\/script><\/p>\n<p>Antonio Spilimbergo, az IMF eur\u00f3pai igazgat\u00f3s\u00e1g\u00e1nak tan\u00e1csad\u00f3ja eml\u00e9keztetett arra, hogy kor\u00e1bbi el\u0151rejelz\u00e9s\u00fck szerint 1,3 sz\u00e1zal\u00e9kos GDP n\u00f6veked\u00e9st v\u00e1rtak erre az \u00e9vre.<br \/>\nJ\u00f6v\u0151re 1 sz\u00e1zal\u00e9k k\u00f6r\u00fcli gazdas\u00e1gi b\u0151v\u00fcl\u00e9st v\u00e1r a szervezet Oroszorsz\u00e1gban.<br \/>\nAz olasz szakember utalt arra, hogy az orosz gazdas\u00e1gi n\u00f6veked\u00e9si \u00fctem cs\u00f6kken\u00e9se 2010 \u00f3ta megfigyelhet\u0151, a mostani lassul\u00e1s pedig szerinte nemcsak a geopolitikai fesz\u00fclts\u00e9ggel, hanem az orosz gazdas\u00e1g szerkezeti probl\u00e9m\u00e1ival is \u00f6sszef\u00fcgg. A tov\u00e1bbi lassul\u00e1s kock\u00e1zata az Oroszorsz\u00e1g \u00e9s Ukrajna k\u00f6z\u00f6tti fesz\u00fclts\u00e9g n\u00f6veked\u00e9s\u00e9vel azonban n\u0151ni fog. A mostani progn\u00f3zis a szemben\u00e1ll\u00e1s a fokozatos enyh\u00fcl\u00e9sre \u00e9p\u00edt, de a konfliktus folytat\u00f3d\u00e1sa \u00fajabb b\u00fcntet\u0151int\u00e9zked\u00e9sekhez, \u00e9s a gazdas\u00e1gi mutat\u00f3k roml\u00e1s\u00e1hoz vezethet &#8211; mondta Spilimbergo.<br \/>\nA fogyaszt\u00e1s n\u00f6veked\u00e9si \u00fcteme tov\u00e1bbra is magas Oroszorsz\u00e1gban, de az id\u00e9n megkezd\u0151d\u00f6tt a lassul\u00e1sa &#8211; \u00e1llap\u00edtotta meg az IMF szak\u00e9rt\u0151je. Szerinte a beruh\u00e1z\u00e1sok volumen\u00e9nek cs\u00f6kken\u00e9se ebben az \u00e9vben folytat\u00f3dik Oroszorsz\u00e1gban.<br \/>\nA szakember r\u00e1mutatott, hogy az orosz gazdas\u00e1g \u00e9s az \u00e1llamh\u00e1ztart\u00e1s tov\u00e1bbra is nagyon \u00e9rz\u00e9kenyen reag\u00e1l a k\u0151olaj\u00e1rak alakul\u00e1s\u00e1ra. E kock\u00e1zatoknak a k\u00fclgazdas\u00e1gi stabilit\u00e1sra val\u00f3 hat\u00e1s\u00e1t azonban cs\u00f6kkenti, hogy Oroszorsz\u00e1gnak jelent\u0151s nemzetk\u00f6zi tartal\u00e9kai vannak, valamint, hogy alacsony az \u00e1llami k\u00f6lts\u00e9gvet\u00e9s hi\u00e1nya, \u00e9s ugyancsak alacsony az \u00e1llamad\u00f3ss\u00e1g m\u00e9rt\u00e9ke.(MTI)<\/p>\n","protected":false},"excerpt":{"rendered":"<p>A Nemzetk\u00f6zi Valutaalap (IMF) 0,2 sz\u00e1zal\u00e9kra cs\u00f6kkentette az orosz GDP idei v\u00e1rhat\u00f3 n\u00f6veked\u00e9s\u00e9re adott progn\u00f3zis\u00e1t &#8211; k\u00f6z\u00f6lt\u00e9k a szervezet moszkvai t\u00e1j\u00e9koztat\u00f3j\u00e1n szerd\u00e1n.<\/p>\n","protected":false},"author":1,"featured_media":0,"comment_status":"open","ping_status":"closed","sticky":false,"template":"","format":"standard","meta":[],"categories":[139],"tags":[],"_links":{"self":[{"href":"https:\/\/gazdasagportal.hu\/index.php\/wp-json\/wp\/v2\/posts\/33975"}],"collection":[{"href":"https:\/\/gazdasagportal.hu\/index.php\/wp-json\/wp\/v2\/posts"}],"about":[{"href":"https:\/\/gazdasagportal.hu\/index.php\/wp-json\/wp\/v2\/types\/post"}],"author":[{"embeddable":true,"href":"https:\/\/gazdasagportal.hu\/index.php\/wp-json\/wp\/v2\/users\/1"}],"replies":[{"embeddable":true,"href":"https:\/\/gazdasagportal.hu\/index.php\/wp-json\/wp\/v2\/comments?post=33975"}],"version-history":[{"count":1,"href":"https:\/\/gazdasagportal.hu\/index.php\/wp-json\/wp\/v2\/posts\/33975\/revisions"}],"predecessor-version":[{"id":33976,"href":"https:\/\/gazdasagportal.hu\/index.php\/wp-json\/wp\/v2\/posts\/33975\/revisions\/33976"}],"wp:attachment":[{"href":"https:\/\/gazdasagportal.hu\/index.php\/wp-json\/wp\/v2\/media?parent=33975"}],"wp:term":[{"taxonomy":"category","embeddable":true,"href":"https:\/\/gazdasagportal.hu\/index.php\/wp-json\/wp\/v2\/categories?post=33975"},{"taxonomy":"post_tag","embeddable":true,"href":"https:\/\/gazdasagportal.hu\/index.php\/wp-json\/wp\/v2\/tags?post=33975"}],"curies":[{"name":"wp","href":"https:\/\/api.w.org\/{rel}","templated":true}]}}