{"id":33961,"date":"2014-04-30T12:09:45","date_gmt":"2014-04-30T10:09:45","guid":{"rendered":"http:\/\/stockportal.hu\/?p=33961"},"modified":"2014-04-30T12:09:45","modified_gmt":"2014-04-30T10:09:45","slug":"ep-valasztas-a-jobbik-minden-listavezetovel-szeretne-vitazni","status":"publish","type":"post","link":"https:\/\/gazdasagportal.hu\/index.php\/ep-valasztas-a-jobbik-minden-listavezetovel-szeretne-vitazni\/","title":{"rendered":"EP-v\u00e1laszt\u00e1s: A Jobbik minden listavezet\u0151vel szeretne vit\u00e1zni"},"content":{"rendered":"<p><strong>Minden eur\u00f3pai parlamenti listavezet\u0151vel vit\u00e1zni szeretne a Jobbik a m\u00e1jus 25-i v\u00e1laszt\u00e1s el\u0151tt.<!--more--><\/strong><\/p>\n<p>Morvai Krisztina, a Jobbik EP-listavezet\u0151je szerdai sajt\u00f3t\u00e1j\u00e9koztat\u00f3j\u00e1n alapk\u00e9rd\u00e9snek nevezte, hogy a v\u00e1laszt\u00e1son indul\u00f3k a nemzetek Eur\u00f3p\u00e1j\u00e1ban \u00e9s az \u00f6nrendelkez\u00e9si jogban, vagy Eur\u00f3pai Egyes\u00fclt \u00c1llamokban, egy Br\u00fcsszelb\u0151l, Strasbourgb\u00f3l dikt\u00e1l\u00f3 k\u00f6zponti korm\u00e1nyzatban gondolkodnak. A politikus \u00fctk\u00f6ztetn\u00e9 az \u00e1ll\u00e1spontokat arr\u00f3l is, hogy hogyan lesz Magyarorsz\u00e1gon eur\u00f3pai munka, s nem &#8222;\u00f6sszeszerel\u0151 \u00fczemekben kereshet\u0151 60 ezer forintos j\u00f6vedelem&#8221;.<br \/>\nA Jobbik megvitatn\u00e1 a magyar f\u00f6ld sors\u00e1t is. A listavezet\u0151 szerint b\u00e1r a f\u00f6ldt\u00f6rv\u00e9ny tiltja a k\u00fclf\u00f6ldiek f\u00f6ldszerz\u00e9s\u00e9t, csak azt nem mondt\u00e1k el, hogy az apr\u00f3 bet\u0171s r\u00e9sz szerint a k\u00fclf\u00f6ldi az, aki nem az EU polg\u00e1ra. Morvai Krisztina a tov\u00e1bbi k\u00e9rd\u00e9sk\u00f6r\u00f6k k\u00f6z\u00f6tt eml\u00edtette a munkav\u00e1llal\u00f3i jogokat, a gazd\u00e1k \u00e9s a vid\u00e9k \u00fcgy\u00e9t, valamint a kisv\u00e1llalkoz\u00f3k probl\u00e9m\u00e1it, akik \u00e1ll\u00e1spontja szerint nem tudnak versenyezni sem a &#8222;kontroll\u00e1latlanul beengedett multikkal&#8221;, sem a t\u00e1volkeleti \u00f3cska \u00e1rukkal.<br \/>\nProbl\u00e9mak\u00e9nt besz\u00e9lt a nemzetek \u00f6nrendelkez\u00e9s\u00e9nek elvon\u00e1s\u00e1r\u00f3l \u00e9s arr\u00f3l, hogy az EU-ban szerinte olyan neoliber\u00e1lis globaliz\u00e1lt \u00e9rt\u00e9krendet vallanak, amely nem azt k\u00e9rdezi, hogy mi lesz az emberekkel \u00e9s mi j\u00f3 nekik, hanem hogy mi a j\u00f3 &#8222;egy privilegiz\u00e1lt elitnek&#8221;, a bank\u00e1roknak, nagyt\u0151k\u00e9seknek.<br \/>\nMorvai Krisztina azt is szeretn\u00e9 tiszt\u00e1zni a vit\u00e1n, hogy mi\u00e9rt van az, hogy az MSZP \u00e9s a Fidesz Br\u00fcsszelben megszavazza azokat a d\u00f6nt\u00e9seket, amelyek az Uni\u00f3 min\u00e9l er\u0151teljesebb gazdas\u00e1gi, politikai integr\u00e1ci\u00f3j\u00e1nak ir\u00e1ny\u00e1ba vezetnek.<br \/>\nSzerinte a korm\u00e1nyp\u00e1rt itthon szabads\u00e1gharcr\u00f3l besz\u00e9l, de a t\u00e9nyleges munk\u00e1ja az Eur\u00f3pai Egyes\u00fclt \u00c1llamok ir\u00e1ny\u00e1ba vezet. Morvai Krisztina jelezte, Pelczn\u00e9 G\u00e1ll Ildik\u00f3t\u00f3l azt is megk\u00e9rdezn\u00e9, hogy a magyar soros eln\u00f6ks\u00e9gnek mi\u00e9rt nem a munkav\u00e1llal\u00f3k v\u00e9delme vagy a hat\u00e1ron k\u00edv\u00fcl \u00e9l\u0151 magyarok jogainak v\u00e9delme volt a k\u00f6zponti \u00fczenete, hanem egy er\u0151teljesebb gazdas\u00e1gi integr\u00e1ci\u00f3. Hozz\u00e1tette: Szanyi Tibor MSZP-s listavezet\u0151, aki &#8222;k\u00f6ztudom\u00e1s\u00faan talpig \u00fariember&#8221;, nyilv\u00e1n nem fogja visszautas\u00edtani a megh\u00edv\u00e1st, hiszen \u0151 is az eur\u00f3pai \u00e9rt\u00e9kek\u00e9rt \u00e1ll ki, amelyeknek egyik legfontosabbja a demokr\u00e1cia.<br \/>\nMorvai Krisztina kit\u00e9rt arra is: felvet\u0151d\u00f6tt, hogy mi\u00e9rt \u00fcl le olyanokkal, akik 2002 \u00e9s 2010 k\u00f6z\u00f6tt &#8222;l\u00e1bbal tiport\u00e1k&#8221; az eur\u00f3pai \u00e9rt\u00e9keket, az emberi jogokat, s folyamatosan r\u00e9szesei voltak annak, hogy az orsz\u00e1g &#8222;ilyen nyomorult helyzetbe ker\u00fclj\u00f6n&#8221;. Kifejtette: az\u00e9rt szeretne vit\u00e1zni, hogy kiugrassa &#8222;a nyulat a bokorb\u00f3l&#8221; \u00e9s r\u00e1mutasson, hogy &#8222;a kir\u00e1ly meztelen&#8221;, igenis az Eur\u00f3pai Egyes\u00fclt \u00c1llamok ir\u00e1ny\u00e1ba haladnak.<br \/>\nMint mondta, a Jobbik egyeztet\u0151 bizotts\u00e1got hoz l\u00e9tre a vita el\u0151k\u00e9sz\u00edt\u00e9s\u00e9re, s szeretn\u00e9k, ha az min\u00e9l sz\u00e9lesebb k\u00f6rben nyilv\u00e1nos lenne.<br \/>\nA Jobbik listavezet\u0151je arr\u00f3l is besz\u00e1molt, hogy elk\u00e9sz\u00fclt p\u00e1rtja eur\u00f3pai parlamenti programja, amelyet a napokban mutatnak be.(MTI)<\/p>\n","protected":false},"excerpt":{"rendered":"<p>Minden eur\u00f3pai parlamenti listavezet\u0151vel vit\u00e1zni szeretne a Jobbik a m\u00e1jus 25-i v\u00e1laszt\u00e1s el\u0151tt.<\/p>\n","protected":false},"author":1,"featured_media":0,"comment_status":"open","ping_status":"closed","sticky":false,"template":"","format":"standard","meta":[],"categories":[18],"tags":[],"_links":{"self":[{"href":"https:\/\/gazdasagportal.hu\/index.php\/wp-json\/wp\/v2\/posts\/33961"}],"collection":[{"href":"https:\/\/gazdasagportal.hu\/index.php\/wp-json\/wp\/v2\/posts"}],"about":[{"href":"https:\/\/gazdasagportal.hu\/index.php\/wp-json\/wp\/v2\/types\/post"}],"author":[{"embeddable":true,"href":"https:\/\/gazdasagportal.hu\/index.php\/wp-json\/wp\/v2\/users\/1"}],"replies":[{"embeddable":true,"href":"https:\/\/gazdasagportal.hu\/index.php\/wp-json\/wp\/v2\/comments?post=33961"}],"version-history":[{"count":1,"href":"https:\/\/gazdasagportal.hu\/index.php\/wp-json\/wp\/v2\/posts\/33961\/revisions"}],"predecessor-version":[{"id":33962,"href":"https:\/\/gazdasagportal.hu\/index.php\/wp-json\/wp\/v2\/posts\/33961\/revisions\/33962"}],"wp:attachment":[{"href":"https:\/\/gazdasagportal.hu\/index.php\/wp-json\/wp\/v2\/media?parent=33961"}],"wp:term":[{"taxonomy":"category","embeddable":true,"href":"https:\/\/gazdasagportal.hu\/index.php\/wp-json\/wp\/v2\/categories?post=33961"},{"taxonomy":"post_tag","embeddable":true,"href":"https:\/\/gazdasagportal.hu\/index.php\/wp-json\/wp\/v2\/tags?post=33961"}],"curies":[{"name":"wp","href":"https:\/\/api.w.org\/{rel}","templated":true}]}}