{"id":33956,"date":"2014-04-30T11:24:56","date_gmt":"2014-04-30T09:24:56","guid":{"rendered":"http:\/\/stockportal.hu\/?p=33956"},"modified":"2014-04-30T11:24:56","modified_gmt":"2014-04-30T09:24:56","slug":"krim-putyin-szevasztopolba-keszul-a-gyozelem-napi-paradera","status":"publish","type":"post","link":"https:\/\/gazdasagportal.hu\/index.php\/krim-putyin-szevasztopolba-keszul-a-gyozelem-napi-paradera\/","title":{"rendered":"Kr\u00edm: Putyin Szevasztopolba k\u00e9sz\u00fcl a gy\u0151zelem napi par\u00e1d\u00e9ra"},"content":{"rendered":"<p><strong>Az orosz \u00e1llamf\u0151 \u00e9s a korm\u00e1nyf\u0151 is a kr\u00edmi Szevasztopolba k\u00e9sz\u00fcl a m\u00e1jus 9. gy\u0151zelem napi par\u00e1d\u00e9ra &#8211; \u00e9rtes\u00fclt a gazeta.ru internetes \u00fajs\u00e1g \u00e9s a Kommerszant c\u00edm\u0171 napilap szerd\u00e1n.<!--more--><\/strong><\/p>\n<div id=\"vid4u\"><\/div>\n<p><script type=\"text\/javascript\">var rid = 100000 + Math.floor(Math.random()*99999); var b = document.createElement(\"div\"); b.setAttribute(\"id\", \"v4u_c_\"+rid+\"_3\"); var r = document.getElementById(\"vid4u\"); r.parentNode.insertBefore(b,r); r.setAttribute(\"id\", \"\"); (function(w, d, s, rid) { function go(){ var js, fjs = d.getElementsByTagName(s)[0], load = function(url, id) { if (d.getElementById(id)) { d.getElementById(id).onload = d.getElementById(id).onreadystatechange = function() { if (typeof vid4u != 'undefined') vid4u.init(480,289,\"0scneAox4k\",null,3, rid);}; return; } js = d.createElement(s); js.src = url; js.id = id; fjs.parentNode.insertBefore(js, fjs); js.onload = js.onreadystatechange = function() { if (typeof vid4u != 'undefined') vid4u.init(480,289,\"0scneAox4k\",null,3, rid); };}; load(\"\/\/video.vid4u.org\/vid4ul.js\", \"vjs_\"+rid); } go(); }(window, document, \"script\", rid));<\/script><\/p>\n<p>Vlagyimir Putyin el\u0151sz\u00f6r utazna a Kr\u00edm f\u00e9lszigetre az\u00f3ta, hogy m\u00e1rcius 21-\u00e9n Oroszorsz\u00e1ghoz csatolt\u00e1k a ter\u00fcletet \u00e9s Szevasztopolt, az orosz fekete-tengeri hadiflotta kr\u00edmi b\u00e1zis\u00e1nak sz\u00e9khely\u00e9t. Dmitrij Medvegyev \u00e1prilis elej\u00e9n m\u00e1r l\u00e1togat\u00e1st tett a f\u00e9lszigeten.<br \/>\nDmitrij Peszkov, az orosz \u00e1llamf\u0151 sz\u00f3viv\u0151je a port\u00e1llal k\u00f6z\u00f6lte, hogy nem rendelkezik ilyen inform\u00e1ci\u00f3val, Natalja Tyimakova minisztereln\u00f6ki sz\u00f3viv\u0151 pedig arr\u00f3l t\u00e1j\u00e9koztatott, hogy Medvegyev programj\u00e1ban jelenleg csak a moszkvai V\u00f6r\u00f6s t\u00e9ri gy\u0151zelem napi katonai d\u00edszszeml\u00e9n val\u00f3 r\u00e9szv\u00e9tel szerepel.<br \/>\nA gazeta.ru n\u00e9v n\u00e9lk\u00fcl nyilatkoz\u00f3 &#8222;j\u00f3l t\u00e1j\u00e9kozott&#8221; forr\u00e1sait\u00f3l \u00fagy tudja, hogy Putyin \u00e9s Medvegyev Kr\u00edmbe tervezett l\u00e1togat\u00e1sa miatt egy nappal el\u0151bbre, m\u00e1jus 8-ra hozt\u00e1k a moszkvai gy\u0151zelem napi fogad\u00e1st is, amelyet a V\u00f6r\u00f6s t\u00e9ri d\u00edszszemle ut\u00e1n szoktak tartani. A par\u00e1d\u00e9t k\u00f6vet\u0151en ugyanis az \u00e1llamf\u00e9rfiak azonnal a f\u00e9lszigetre, \u00e9s el\u0151sz\u00f6r Szevasztopolba utaznak. A v\u00e1rosban m\u00e1jus 9-\u00e9n \u00fcnneplik a telep\u00fcl\u00e9s m\u00e1sodik vil\u00e1gh\u00e1bor\u00fas n\u00e9met megsz\u00e1ll\u00e1st\u00f3l val\u00f3 felszabad\u00edt\u00e1s\u00e1nak 70. \u00e9vfordul\u00f3j\u00e1t.<br \/>\nA szevasztopoli d\u00edszszeml\u00e9t k\u00f6vet\u0151en az orosz \u00e1llami vezet\u0151k Szimferopolba l\u00e1togatnak &#8211; \u00edrta a gazeta.ru. Az orosz internetes \u00fajs\u00e1g szerint propagandisztikus szempontb\u00f3l aligha tal\u00e1lhattak volna jobb id\u0151pontot Vlagyimir Putyin \u00e9s Dmitrij Medvegyev l\u00e1togat\u00e1s\u00e1ra, mint m\u00e1jus kilencedik\u00e9t, amelynek szimbolikus jelent\u0151s\u00e9ge van, hiszen Oroszorsz\u00e1gban \u00fagy \u00e9rt\u00e9kelik, hogy az eln\u00f6k Oroszorsz\u00e1g t\u00f6rt\u00e9nelmi ter\u00fcleteit szerezte vissza.<br \/>\nVadim Karaszjov ukr\u00e1n politol\u00f3gus a gazeta.ru-nak elmondta, hogy az orosz vezet\u0151k kr\u00edmi l\u00e1togat\u00e1s\u00e1t Ukrajn\u00e1ban igen fesz\u00fclten v\u00e1rj\u00e1k, mert provok\u00e1ci\u00f3kra sz\u00e1m\u00edtanak m\u00e1jus 9-\u00e9n \u00e9s 11-\u00e9n. J\u00f6v\u0151 vas\u00e1rnapra, 11-re t\u0171zt\u00e9k ki az \u00f6nk\u00e9nyesen kiki\u00e1ltott, \u00fagynevezett donyecki k\u00f6zt\u00e1rsas\u00e1g \u00f6n\u00e1ll\u00f3s\u00e1g\u00e1r\u00f3l sz\u00f3l\u00f3 &#8222;n\u00e9pszavaz\u00e1st&#8221;. Kijevben \u00fagy gondolj\u00e1k, hogy Kelet-Ukrajn\u00e1ban\u00a0\u00a0provok\u00e1torok k\u00f6zigazgat\u00e1si \u00e9p\u00fcleteket foglalnak majd el \u00e9s a gy\u0151zelem napi z\u00e1szl\u00f3kat &#8222;fasiszta&#8221; lobog\u00f3kra cser\u00e9lik rajtuk. Nem z\u00e1rj\u00e1k ki a provok\u00e1ci\u00f3kat Nyugat-Ukrajn\u00e1ban sem, hogy fokozz\u00e1k a fesz\u00fclts\u00e9get a m\u00e1jus 25-re kit\u0171z\u00f6tt ukr\u00e1n eln\u00f6kv\u00e1laszt\u00e1s el\u0151tt &#8211; v\u00e9lte Karaszjov.<br \/>\nA Kommerszant c\u00edm\u0171 orosz napilap az orosz v\u00e9delmi t\u00e1rca magas rang\u00fa, n\u00e9vtelen\u00fcl nyilatkoz\u00f3 tisztvisel\u0151j\u00e9re hivatkozva k\u00f6z\u00f6lte, hogy Vlagyimir Putyin a V\u00f6r\u00f6s t\u00e9ri d\u00edszszeml\u00e9t k\u00f6vet\u0151en Szevasztopolba l\u00e1togat. &#8222;A rendezv\u00e9nyt az eln\u00f6k r\u00e9szv\u00e9tel\u00e9vel beiktatt\u00e1k a programba, m\u00e1r csak az eln\u00f6ki hivatallal kell egyeztetni&#8221; &#8211; mondta a forr\u00e1s. (MTI)<br \/>\n<a title=\"Hely megnyit\u00e1sa\" href=\"http:\/\/www.gazeta.ru\/politics\/2014\/04\/29_a_6014281.shtml\" target=\"_blank\" rel=\"noopener\">www.gazeta.ru\/politics\/2014\/04\/29_a_6014281.shtml<\/a><br \/>\n<a title=\"Hely megnyit\u00e1sa\" href=\"http:\/\/www.kommersant.ru\/doc\/2463899\" target=\"_blank\" rel=\"noopener\">www.kommersant.ru\/doc\/2463899<\/a><\/p>\n","protected":false},"excerpt":{"rendered":"<p>Az orosz \u00e1llamf\u0151 \u00e9s a korm\u00e1nyf\u0151 is a kr\u00edmi Szevasztopolba k\u00e9sz\u00fcl a m\u00e1jus 9. gy\u0151zelem napi par\u00e1d\u00e9ra &#8211; \u00e9rtes\u00fclt a gazeta.ru internetes \u00fajs\u00e1g \u00e9s a Kommerszant c\u00edm\u0171 napilap szerd\u00e1n.<\/p>\n","protected":false},"author":1,"featured_media":0,"comment_status":"open","ping_status":"closed","sticky":false,"template":"","format":"standard","meta":[],"categories":[139],"tags":[],"_links":{"self":[{"href":"https:\/\/gazdasagportal.hu\/index.php\/wp-json\/wp\/v2\/posts\/33956"}],"collection":[{"href":"https:\/\/gazdasagportal.hu\/index.php\/wp-json\/wp\/v2\/posts"}],"about":[{"href":"https:\/\/gazdasagportal.hu\/index.php\/wp-json\/wp\/v2\/types\/post"}],"author":[{"embeddable":true,"href":"https:\/\/gazdasagportal.hu\/index.php\/wp-json\/wp\/v2\/users\/1"}],"replies":[{"embeddable":true,"href":"https:\/\/gazdasagportal.hu\/index.php\/wp-json\/wp\/v2\/comments?post=33956"}],"version-history":[{"count":1,"href":"https:\/\/gazdasagportal.hu\/index.php\/wp-json\/wp\/v2\/posts\/33956\/revisions"}],"predecessor-version":[{"id":33957,"href":"https:\/\/gazdasagportal.hu\/index.php\/wp-json\/wp\/v2\/posts\/33956\/revisions\/33957"}],"wp:attachment":[{"href":"https:\/\/gazdasagportal.hu\/index.php\/wp-json\/wp\/v2\/media?parent=33956"}],"wp:term":[{"taxonomy":"category","embeddable":true,"href":"https:\/\/gazdasagportal.hu\/index.php\/wp-json\/wp\/v2\/categories?post=33956"},{"taxonomy":"post_tag","embeddable":true,"href":"https:\/\/gazdasagportal.hu\/index.php\/wp-json\/wp\/v2\/tags?post=33956"}],"curies":[{"name":"wp","href":"https:\/\/api.w.org\/{rel}","templated":true}]}}