{"id":33940,"date":"2014-04-30T10:05:01","date_gmt":"2014-04-30T08:05:01","guid":{"rendered":"http:\/\/stockportal.hu\/?p=33940"},"modified":"2014-04-30T10:05:01","modified_gmt":"2014-04-30T08:05:01","slug":"felhoszakadasra-is-szamitani-kell-majdnem-az-egesz-orszagban","status":"publish","type":"post","link":"https:\/\/gazdasagportal.hu\/index.php\/felhoszakadasra-is-szamitani-kell-majdnem-az-egesz-orszagban\/","title":{"rendered":"Felh\u0151szakad\u00e1sra is sz\u00e1m\u00edtani kell majdnem az eg\u00e9sz orsz\u00e1gban"},"content":{"rendered":"<p><strong>N\u00e9gy \u00e9szaknyugati megye kiv\u00e9tel\u00e9vel az eg\u00e9sz orsz\u00e1gban els\u0151fok\u00fa figyelmeztet\u00e9s van \u00e9rv\u00e9nyben v\u00e1rhat\u00f3 felh\u0151szakad\u00e1s miatt.<!--more--><\/strong><\/p>\n<div id=\"vid4u\"><\/div>\n<p><script type=\"text\/javascript\">var rid = 100000 + Math.floor(Math.random()*99999); var b = document.createElement(\"div\"); b.setAttribute(\"id\", \"v4u_c_\"+rid+\"_3\"); var r = document.getElementById(\"vid4u\"); r.parentNode.insertBefore(b,r); r.setAttribute(\"id\", \"\"); (function(w, d, s, rid) { function go(){ var js, fjs = d.getElementsByTagName(s)[0], load = function(url, id) { if (d.getElementById(id)) { d.getElementById(id).onload = d.getElementById(id).onreadystatechange = function() { if (typeof vid4u != 'undefined') vid4u.init(480,289,\"0scneAox4k\",null,3, rid);}; return; } js = d.createElement(s); js.src = url; js.id = id; fjs.parentNode.insertBefore(js, fjs); js.onload = js.onreadystatechange = function() { if (typeof vid4u != 'undefined') vid4u.init(480,289,\"0scneAox4k\",null,3, rid); };}; load(\"\/\/video.vid4u.org\/vid4ul.js\", \"vjs_\"+rid); } go(); }(window, document, \"script\", rid));<\/script><\/p>\n<p>Az Orsz\u00e1gos Meteorol\u00f3giai Szolg\u00e1lat szerdai, az MTI-hez eljuttatott vesz\u00e9lyjelz\u00e9se szerint Baranya, B\u00e1cs-Kiskun, B\u00e9k\u00e9s, Borsod-Aba\u00faj-Zempl\u00e9n, Csongr\u00e1d, Fej\u00e9r, Hajd\u00fa-Bihar, Heves, J\u00e1sz-Nagykun-Szolnok, N\u00f3gr\u00e1d, Somogy, Szabolcs-Szatm\u00e1r-Bereg, Tolna, Veszpr\u00e9m \u00e9s Pest megye, valamint a f\u0151v\u00e1ros ter\u00fclet\u00e9n is arra kell k\u00e9sz\u00fclni, hogy az intenz\u00edv z\u00e1porokb\u00f3l, zivatarokb\u00f3l r\u00f6vid id\u0151 alatt t\u00f6bb mint 25-30 millim\u00e9ter csapad\u00e9k hullhat.<br \/>\nD\u00e9lut\u00e1n \u00e9s este t\u00f6bb helyen val\u00f3sz\u00edn\u0171 zivatar, amelyeket lok\u00e1lisan felh\u0151szakad\u00e1s, illetve viharos (60-80 kilom\u00e9ter\/\u00f3r\u00e1s)sz\u00e9ll\u00f6k\u00e9s \u00e9s j\u00e9ges\u0151 k\u00eds\u00e9rhet.<br \/>\nAz el\u0151rejelz\u00e9s szerint szerd\u00e1n a legmagasabb nappali h\u0151m\u00e9rs\u00e9klet 20-24 Celsius-fok k\u00f6z\u00f6tt alakul, k\u00e9s\u0151 est\u00e9re pedig 11-17 fok v\u00e1rhat\u00f3.(MTI)<\/p>\n","protected":false},"excerpt":{"rendered":"<p>N\u00e9gy \u00e9szaknyugati megye kiv\u00e9tel\u00e9vel az eg\u00e9sz orsz\u00e1gban els\u0151fok\u00fa figyelmeztet\u00e9s van \u00e9rv\u00e9nyben v\u00e1rhat\u00f3 felh\u0151szakad\u00e1s miatt.<\/p>\n","protected":false},"author":1,"featured_media":0,"comment_status":"open","ping_status":"closed","sticky":false,"template":"","format":"standard","meta":[],"categories":[48],"tags":[],"_links":{"self":[{"href":"https:\/\/gazdasagportal.hu\/index.php\/wp-json\/wp\/v2\/posts\/33940"}],"collection":[{"href":"https:\/\/gazdasagportal.hu\/index.php\/wp-json\/wp\/v2\/posts"}],"about":[{"href":"https:\/\/gazdasagportal.hu\/index.php\/wp-json\/wp\/v2\/types\/post"}],"author":[{"embeddable":true,"href":"https:\/\/gazdasagportal.hu\/index.php\/wp-json\/wp\/v2\/users\/1"}],"replies":[{"embeddable":true,"href":"https:\/\/gazdasagportal.hu\/index.php\/wp-json\/wp\/v2\/comments?post=33940"}],"version-history":[{"count":1,"href":"https:\/\/gazdasagportal.hu\/index.php\/wp-json\/wp\/v2\/posts\/33940\/revisions"}],"predecessor-version":[{"id":33941,"href":"https:\/\/gazdasagportal.hu\/index.php\/wp-json\/wp\/v2\/posts\/33940\/revisions\/33941"}],"wp:attachment":[{"href":"https:\/\/gazdasagportal.hu\/index.php\/wp-json\/wp\/v2\/media?parent=33940"}],"wp:term":[{"taxonomy":"category","embeddable":true,"href":"https:\/\/gazdasagportal.hu\/index.php\/wp-json\/wp\/v2\/categories?post=33940"},{"taxonomy":"post_tag","embeddable":true,"href":"https:\/\/gazdasagportal.hu\/index.php\/wp-json\/wp\/v2\/tags?post=33940"}],"curies":[{"name":"wp","href":"https:\/\/api.w.org\/{rel}","templated":true}]}}