{"id":33936,"date":"2014-04-30T07:09:21","date_gmt":"2014-04-30T05:09:21","guid":{"rendered":"http:\/\/stockportal.hu\/?p=33936"},"modified":"2014-04-29T22:00:44","modified_gmt":"2014-04-29T20:00:44","slug":"amerikai-kulugyminiszter-a-nato-terulete-serthetetlen","status":"publish","type":"post","link":"https:\/\/gazdasagportal.hu\/index.php\/amerikai-kulugyminiszter-a-nato-terulete-serthetetlen\/","title":{"rendered":"Amerikai k\u00fcl\u00fcgyminiszter: a NATO ter\u00fclete s\u00e9rthetetlen"},"content":{"rendered":"<p><strong>John Kerry amerikai k\u00fcl\u00fcgyminiszter kedden arra figyelmeztette kedden Oroszorsz\u00e1got, hogy a NATO ter\u00fclete s\u00e9rthetetlen.<!--more--><\/strong><\/p>\n<div id=\"vid4u\"><\/div>\n<p><script type=\"text\/javascript\">var rid = 100000 + Math.floor(Math.random()*99999); var b = document.createElement(\"div\"); b.setAttribute(\"id\", \"v4u_c_\"+rid+\"_3\"); var r = document.getElementById(\"vid4u\"); r.parentNode.insertBefore(b,r); r.setAttribute(\"id\", \"\"); (function(w, d, s, rid) { function go(){ var js, fjs = d.getElementsByTagName(s)[0], load = function(url, id) { if (d.getElementById(id)) { d.getElementById(id).onload = d.getElementById(id).onreadystatechange = function() { if (typeof vid4u != 'undefined') vid4u.init(480,289,\"0scneAox4k\",null,3, rid);}; return; } js = d.createElement(s); js.src = url; js.id = id; fjs.parentNode.insertBefore(js, fjs); js.onload = js.onreadystatechange = function() { if (typeof vid4u != 'undefined') vid4u.init(480,289,\"0scneAox4k\",null,3, rid); };}; load(\"\/\/video.vid4u.org\/vid4ul.js\", \"vjs_\"+rid); } go(); }(window, document, \"script\", rid));<\/script><\/p>\n<p>&#8222;Teljesen nyilv\u00e1nval\u00f3v\u00e1 kell tenn\u00fcnk a Kreml sz\u00e1m\u00e1ra, hogy a NATO ter\u00fclete s\u00e9rthetetlen, minden egyes darabj\u00e1t meg fogjuk v\u00e9deni&#8221; &#8211; mondta a t\u00e1rcavezet\u0151 egy, a washingtoni Atlanti Tan\u00e1cs elemz\u0151k\u00f6zpontban mondott besz\u00e9d\u00e9ben. Az esem\u00e9nyen t\u00f6bb EU- \u00e9s NATO-orsz\u00e1g miniszteri szinten k\u00e9pviseltette mag\u00e1t.<br \/>\nKerry emellett kijelentette, hogy Ukrajna destabiliz\u00e1l\u00e1s\u00e1val Moszkva ma meg akarja v\u00e1ltoztatni Kelet- \u00e9s K\u00f6z\u00e9p-Eur\u00f3pa biztons\u00e1gi szerkezet\u00e9t. Az amerikai diplom\u00e1cia vezet\u0151je ezzel a Kr\u00edm f\u00e9lsziget orosz elcsatol\u00e1s\u00e1ra \u00e9s a Kelet-Ukrajna Moszkva \u00e1ltali fenyeget\u00e9s\u00e9re utalt.<br \/>\n&#8222;B\u00e1rmilyen utat v\u00e1lasszon is Oroszorsz\u00e1g, az Egyes\u00fclt \u00c1llamok \u00e9s sz\u00f6vets\u00e9gesei mindig is ki fognak \u00e1llni Ukrajna v\u00e9delm\u00e9ben&#8221; &#8211; hangoztatta Kerry.<br \/>\nKijelentette, hogy az ukr\u00e1n v\u00e1ls\u00e1g\u00a0\u00a0kock\u00e1ra teszi az Egyes\u00fclt \u00c1llamok &#8222;glob\u00e1lis vez\u00e9rlet\u00e9nek modellj\u00e9t&#8221;. Kr\u00edzist a sz\u00f6vets\u00e9geseknek sz\u00f3l\u00f3 \u00e9breszt\u0151nek nevezte, egys\u00e9gre sz\u00f3l\u00edtott fel \u00e9s kijelentette, hogy nem szabad megengedni a NATO k\u00f6lts\u00e9gvet\u00e9s\u00e9nek cs\u00f6kken\u00e9s\u00e9t.<br \/>\n&#8222;Egy\u00fctt kell visszavetn\u00fcnk azokat az er\u0151ket, amelyek a szuver\u00e9n hat\u00e1rokat er\u0151vel akarj\u00e1k megv\u00e1ltoztatni&#8221; &#8211; mondta.<br \/>\n&#8222;A transzatlanti sz\u00f6vets\u00e9g sz\u00e1m\u00e1ra meghat\u00e1roz\u00f3 pillanatban tal\u00e1ltuk magunkat, er\u0151nk az egys\u00e9g\u00fcnkb\u0151l fakad&#8221; &#8211; tette hozz\u00e1.<br \/>\nHangs\u00falyozta: az Egyes\u00fclt \u00c1llamoknak \u00e9s sz\u00f6vets\u00e9geseinek egy\u00fctt kell m\u0171k\u00f6dni\u00fck annak biztos\u00edt\u00e1sa \u00e9rdek\u00e9ben, hogy megsz\u00fcntess\u00e9k az eur\u00f3pai orsz\u00e1gok f\u00fcgg\u0151s\u00e9g\u00e9t az orosz energiasz\u00e1ll\u00edt\u00e1sokt\u00f3l.<br \/>\n&#8222;Nagyobb energetikai biztons\u00e1got tudunk biztos\u00edtani, ha seg\u00edt\u00fcnk az eur\u00f3pai piacokon hozz\u00e1f\u00e9rhet\u0151 energiaforr\u00e1sok diverzifik\u00e1l\u00e1s\u00e1ban&#8221; &#8211; jelentette ki Kerry.(MTI)<\/p>\n","protected":false},"excerpt":{"rendered":"<p>John Kerry amerikai k\u00fcl\u00fcgyminiszter kedden arra figyelmeztette kedden Oroszorsz\u00e1got, hogy a NATO ter\u00fclete s\u00e9rthetetlen.<\/p>\n","protected":false},"author":1,"featured_media":0,"comment_status":"open","ping_status":"closed","sticky":false,"template":"","format":"standard","meta":[],"categories":[139],"tags":[],"_links":{"self":[{"href":"https:\/\/gazdasagportal.hu\/index.php\/wp-json\/wp\/v2\/posts\/33936"}],"collection":[{"href":"https:\/\/gazdasagportal.hu\/index.php\/wp-json\/wp\/v2\/posts"}],"about":[{"href":"https:\/\/gazdasagportal.hu\/index.php\/wp-json\/wp\/v2\/types\/post"}],"author":[{"embeddable":true,"href":"https:\/\/gazdasagportal.hu\/index.php\/wp-json\/wp\/v2\/users\/1"}],"replies":[{"embeddable":true,"href":"https:\/\/gazdasagportal.hu\/index.php\/wp-json\/wp\/v2\/comments?post=33936"}],"version-history":[{"count":1,"href":"https:\/\/gazdasagportal.hu\/index.php\/wp-json\/wp\/v2\/posts\/33936\/revisions"}],"predecessor-version":[{"id":33937,"href":"https:\/\/gazdasagportal.hu\/index.php\/wp-json\/wp\/v2\/posts\/33936\/revisions\/33937"}],"wp:attachment":[{"href":"https:\/\/gazdasagportal.hu\/index.php\/wp-json\/wp\/v2\/media?parent=33936"}],"wp:term":[{"taxonomy":"category","embeddable":true,"href":"https:\/\/gazdasagportal.hu\/index.php\/wp-json\/wp\/v2\/categories?post=33936"},{"taxonomy":"post_tag","embeddable":true,"href":"https:\/\/gazdasagportal.hu\/index.php\/wp-json\/wp\/v2\/tags?post=33936"}],"curies":[{"name":"wp","href":"https:\/\/api.w.org\/{rel}","templated":true}]}}