{"id":33932,"date":"2014-04-30T08:21:04","date_gmt":"2014-04-30T06:21:04","guid":{"rendered":"http:\/\/stockportal.hu\/?p=33932"},"modified":"2014-04-29T21:53:08","modified_gmt":"2014-04-29T19:53:08","slug":"deli-aramlat-alairtak-a-szandeknyilatkozatot-moszkvaban-az-ausztriai-szakasz-megepiteserol","status":"publish","type":"post","link":"https:\/\/gazdasagportal.hu\/index.php\/deli-aramlat-alairtak-a-szandeknyilatkozatot-moszkvaban-az-ausztriai-szakasz-megepiteserol\/","title":{"rendered":"D\u00e9li \u00c1ramlat: Al\u00e1\u00edrt\u00e1k a sz\u00e1nd\u00e9knyilatkozatot Moszkv\u00e1ban az ausztriai szakasz meg\u00e9p\u00edt\u00e9s\u00e9r\u0151l"},"content":{"rendered":"<p><strong>M\u00e9gsem Olaszorsz\u00e1gban lesz a D\u00e9li \u00c1ramlat v\u00e9g\u00e1llom\u00e1sa, a Gazprom moszkvai sz\u00e9kh\u00e1z\u00e1ban ugyanis al\u00e1\u00edrt\u00e1k a sz\u00e1nd\u00e9knyilatkozatot a vezet\u00e9k ausztriai szakasz\u00e1nak meg\u00e9p\u00edt\u00e9s\u00e9r\u0151l &#8211; jelentette keddi \u00e9l\u0151 ad\u00e1s\u00e1ban a Rosszija 24 \u00e1llami h\u00edrtelev\u00edzi\u00f3.<!--more--><\/strong><\/p>\n<div id=\"vid4u\"><\/div>\n<p><script type=\"text\/javascript\">var rid = 100000 + Math.floor(Math.random()*99999); var b = document.createElement(\"div\"); b.setAttribute(\"id\", \"v4u_c_\"+rid+\"_3\"); var r = document.getElementById(\"vid4u\"); r.parentNode.insertBefore(b,r); r.setAttribute(\"id\", \"\"); (function(w, d, s, rid) { function go(){ var js, fjs = d.getElementsByTagName(s)[0], load = function(url, id) { if (d.getElementById(id)) { d.getElementById(id).onload = d.getElementById(id).onreadystatechange = function() { if (typeof vid4u != 'undefined') vid4u.init(480,289,\"0scneAox4k\",null,3, rid);}; return; } js = d.createElement(s); js.src = url; js.id = id; fjs.parentNode.insertBefore(js, fjs); js.onload = js.onreadystatechange = function() { if (typeof vid4u != 'undefined') vid4u.init(480,289,\"0scneAox4k\",null,3, rid); };}; load(\"\/\/video.vid4u.org\/vid4ul.js\", \"vjs_\"+rid); } go(); }(window, document, \"script\", rid));<\/script><\/p>\n<p>A dokumentumot Alekszej Miller, az orosz \u00e1llami energetikai c\u00e9g \u00e9s Gerhard Roiss, az OMW osztr\u00e1k energiakonszern igazgat\u00f3ja l\u00e1tt\u00e1k el k\u00e9zjegy\u00fckkel.<br \/>\nAz orosz h\u00edrtelev\u00edzi\u00f3 tud\u00f3s\u00edt\u00e1sa szerint miut\u00e1n kock\u00e1zatoss\u00e1 v\u00e1lt az orosz g\u00e1zt Eur\u00f3p\u00e1ba sz\u00e1ll\u00edt\u00f3 vezet\u00e9k olaszorsz\u00e1gi szakasz\u00e1nak lefektet\u00e9se, a Gazprom k\u00e9nytelen volt visszat\u00e9rni a kor\u00e1bbi tervhez, hogy az osztr\u00e1k Baumgartenig \u00e9p\u00edtse meg a D\u00e9li \u00c1ramlatot. Ott tal\u00e1lhat\u00f3 a K\u00f6z\u00e9p-Eur\u00f3pai G\u00e1zeloszt\u00f3 K\u00f6zpont (Central European Gas HUB). Az osztr\u00e1k szakasz \u00e9ves teljes\u00edtm\u00e9nye 32 milli\u00e1rd k\u00f6bm\u00e9ter lesz.<br \/>\nAz Interfax orosz h\u00edr\u00fcgyn\u00f6ks\u00e9g jelent\u00e9se szerint az eredeti elk\u00e9pzel\u00e9st, miszerint a v\u00e9gs\u0151 szakaszban Szlov\u00e9ni\u00e1n kereszt\u00fcl az \u00e9szak-olasz Tarvisi\u00f3ig vitt\u00e9k volna a D\u00e9li \u00c1ramlatot, a g\u00e1zsz\u00e1ll\u00edt\u00e1si szerz\u0151d\u00e9sek fel\u00fclvizsg\u00e1lat\u00e1val kapcsolatos kock\u00e1zatok miatt v\u00e1ltoztatt\u00e1k meg Moszkv\u00e1ban. A fogad\u00f3 \u00e9s \u00e1tad\u00f3 \u00e1llom\u00e1s hely\u00e9nek megv\u00e1ltoztat\u00e1sa v\u00e1ltotta ki a sz\u00e1ll\u00edt\u00e1si szerz\u0151d\u00e9s fel\u00fclvizsg\u00e1lat\u00e1nak kock\u00e1zat\u00e1t.<br \/>\nEz k\u00e9sztette a Gazpromot, hogy t\u00e9rjen vissza a kor\u00e1bbi v\u00e1ltozathoz \u00e9s Baumgartenig vigye a f\u00f6ldg\u00e1zvezet\u00e9ket. &#8222;Ezt kor\u00e1bban az eur\u00f3pai f\u00e9l sikerrel akad\u00e1lyozta&#8221; &#8211; eml\u00e9keztetett az Interfax.<br \/>\nAlekszej Miller, az orosz \u00e1llami c\u00e9g eln\u00f6ke egy hete B\u00e9csben\u00a0\u00a0t\u00e1rgyalt, \u00e9s ott azt nyilatkozta, hogy osztr\u00e1k k\u00e9r\u00e9sre vizsg\u00e1lj\u00e1k az\u00a0\u00a0ausztriai szakasz meg\u00e9p\u00edt\u00e9s\u00e9nek lehet\u0151s\u00e9g\u00e9t.<br \/>\nA Gazprom k\u00e9s\u0151bb kiadott, az MTI-hez is eljuttatott k\u00f6zlem\u00e9nye m\u00e1r arr\u00f3l t\u00e1j\u00e9koztat, hogy a D\u00e9li \u00c1ramlat Bulg\u00e1ria fekete-tengeri partj\u00e1t\u00f3l Szerbi\u00e1n \u00e9s Magyarorsz\u00e1gon kereszt\u00fcl Ausztri\u00e1ba vezet. Az \u00e9p\u00edt\u00e9shez sz\u00fcks\u00e9ges valamennyi enged\u00e9lyt 2015 v\u00e9g\u00e9ig tervezik megszerezni.<br \/>\nAz orosz \u00e1llami energetikai c\u00e9g azt is hangs\u00falyozza, hogy a Gazprom \u00e9s az OMW is komoly nemzetk\u00f6zi-jogi alapokkal rendelkezik a projekt megval\u00f3s\u00edt\u00e1s\u00e1hoz. A Gazprom a 2010-ben al\u00e1\u00edrt orosz-osztr\u00e1k korm\u00e1nyk\u00f6zi meg\u00e1llapod\u00e1sra utalt.<br \/>\nAz orosz f\u00f6ldg\u00e1z els\u0151 sz\u00e1ll\u00edtm\u00e1nya 2017-ben v\u00e1rhat\u00f3 az osztr\u00e1k szakaszon, amely teljes kapacit\u00e1s\u00e1t 2018 janu\u00e1rj\u00e1ra \u00e9ri el.<br \/>\nGerhard Roiss a sz\u00e1nd\u00e9knyilatkozat al\u00e1\u00edr\u00e1s\u00e1t k\u00f6vet\u0151en kijelentette, hogy az esem\u00e9ny fontos l\u00e9p\u00e9s Ausztria biztons\u00e1gos g\u00e1zsz\u00e1ll\u00edt\u00e1sa er\u0151s\u00edt\u00e9s\u00e9ben, valamint n\u00f6veli az ausztriai Baumgartenben l\u00e9v\u0151 g\u00e1zt\u00e1roz\u00f3 \u00e9s eloszt\u00f3 k\u00f6zpont szerep\u00e9t.<br \/>\nA Moszkv\u00e1ban al\u00e1\u00edrt orosz-osztr\u00e1k memorandum szerint a Gazprom r\u00e9szesedik a baumgarteni g\u00e1zeloszt\u00f3 k\u00f6zpontban \u00e9s t\u00e1rol\u00e1si lehet\u0151s\u00e9get biztos\u00edt az orosz \u00e1llami c\u00e9gnek az OMW ausztriai g\u00e1zt\u00e1roz\u00f3iban.(MTI)<\/p>\n","protected":false},"excerpt":{"rendered":"<p>M\u00e9gsem Olaszorsz\u00e1gban lesz a D\u00e9li \u00c1ramlat v\u00e9g\u00e1llom\u00e1sa, a Gazprom moszkvai sz\u00e9kh\u00e1z\u00e1ban ugyanis al\u00e1\u00edrt\u00e1k a sz\u00e1nd\u00e9knyilatkozatot a vezet\u00e9k ausztriai szakasz\u00e1nak meg\u00e9p\u00edt\u00e9s\u00e9r\u0151l &#8211; jelentette keddi \u00e9l\u0151 ad\u00e1s\u00e1ban a Rosszija 24 \u00e1llami h\u00edrtelev\u00edzi\u00f3.<\/p>\n","protected":false},"author":1,"featured_media":0,"comment_status":"open","ping_status":"closed","sticky":false,"template":"","format":"standard","meta":[],"categories":[12],"tags":[],"_links":{"self":[{"href":"https:\/\/gazdasagportal.hu\/index.php\/wp-json\/wp\/v2\/posts\/33932"}],"collection":[{"href":"https:\/\/gazdasagportal.hu\/index.php\/wp-json\/wp\/v2\/posts"}],"about":[{"href":"https:\/\/gazdasagportal.hu\/index.php\/wp-json\/wp\/v2\/types\/post"}],"author":[{"embeddable":true,"href":"https:\/\/gazdasagportal.hu\/index.php\/wp-json\/wp\/v2\/users\/1"}],"replies":[{"embeddable":true,"href":"https:\/\/gazdasagportal.hu\/index.php\/wp-json\/wp\/v2\/comments?post=33932"}],"version-history":[{"count":1,"href":"https:\/\/gazdasagportal.hu\/index.php\/wp-json\/wp\/v2\/posts\/33932\/revisions"}],"predecessor-version":[{"id":33933,"href":"https:\/\/gazdasagportal.hu\/index.php\/wp-json\/wp\/v2\/posts\/33932\/revisions\/33933"}],"wp:attachment":[{"href":"https:\/\/gazdasagportal.hu\/index.php\/wp-json\/wp\/v2\/media?parent=33932"}],"wp:term":[{"taxonomy":"category","embeddable":true,"href":"https:\/\/gazdasagportal.hu\/index.php\/wp-json\/wp\/v2\/categories?post=33932"},{"taxonomy":"post_tag","embeddable":true,"href":"https:\/\/gazdasagportal.hu\/index.php\/wp-json\/wp\/v2\/tags?post=33932"}],"curies":[{"name":"wp","href":"https:\/\/api.w.org\/{rel}","templated":true}]}}