{"id":33930,"date":"2014-04-30T07:38:15","date_gmt":"2014-04-30T05:38:15","guid":{"rendered":"http:\/\/stockportal.hu\/?p=33930"},"modified":"2014-04-29T21:49:51","modified_gmt":"2014-04-29T19:49:51","slug":"michel-rocard-volt-francia-miniszterelnok-a-britek-kilepeset-szeretne-az-eu-bol","status":"publish","type":"post","link":"https:\/\/gazdasagportal.hu\/index.php\/michel-rocard-volt-francia-miniszterelnok-a-britek-kilepeset-szeretne-az-eu-bol\/","title":{"rendered":"Michel Rocard volt francia minisztereln\u00f6k a britek kil\u00e9p\u00e9s\u00e9t szeretn\u00e9 az EU-b\u00f3l"},"content":{"rendered":"<p><strong>Michel Rocard volt francia minisztereln\u00f6k (1988-1991) azt szeretn\u00e9, ha Nagy-Britannia kil\u00e9pne az Eur\u00f3pai Uni\u00f3b\u00f3l, miut\u00e1n v\u00e9lem\u00e9nye szerint nagym\u00e9rt\u00e9kben London az okoz\u00f3ja &#8222;az eur\u00f3pai d\u00f6nt\u00e9shozatali rendszer b\u00e9nults\u00e1gnak&#8221;.<!--more--><\/strong><\/p>\n<div id=\"vid4u\"><\/div>\n<p><script type=\"text\/javascript\">var rid = 100000 + Math.floor(Math.random()*99999); var b = document.createElement(\"div\"); b.setAttribute(\"id\", \"v4u_c_\"+rid+\"_3\"); var r = document.getElementById(\"vid4u\"); r.parentNode.insertBefore(b,r); r.setAttribute(\"id\", \"\"); (function(w, d, s, rid) { function go(){ var js, fjs = d.getElementsByTagName(s)[0], load = function(url, id) { if (d.getElementById(id)) { d.getElementById(id).onload = d.getElementById(id).onreadystatechange = function() { if (typeof vid4u != 'undefined') vid4u.init(480,289,\"0scneAox4k\",null,3, rid);}; return; } js = d.createElement(s); js.src = url; js.id = id; fjs.parentNode.insertBefore(js, fjs); js.onload = js.onreadystatechange = function() { if (typeof vid4u != 'undefined') vid4u.init(480,289,\"0scneAox4k\",null,3, rid); };}; load(\"\/\/video.vid4u.org\/vid4ul.js\", \"vjs_\"+rid); } go(); }(window, document, \"script\", rid));<\/script><\/p>\n<p>&#8222;Nagy-Britannia egy nagyon nagy orsz\u00e1g, amely mindig is visszautas\u00edtotta, hogy Eur\u00f3pa belesz\u00f3ljon az \u00fcgyeibe. Az integr\u00e1ci\u00f3 minden m\u00e9ly\u00edt\u00e9s\u00e9t akad\u00e1lyozta &#8230; Ha t\u00e1vozik, lehets\u00e9ges lesz v\u00e1laszolni az ir\u00e1ny\u00edt\u00e1si v\u00e1ls\u00e1gra Eur\u00f3p\u00e1ban. M\u00e9g N\u00e9metorsz\u00e1g is tiszt\u00e1ban van ezzel, \u00e9s ezt k\u00e9ri&#8221; &#8211; fogalmazott a visszavonult szocialista politikus a La Revue du Trombinoscope c\u00edm\u0171 francia politikai foly\u00f3iratban megjelent interj\u00faban.<br \/>\nArra k\u00e9rd\u00e9sre, hogy t\u00e9nyleg azt szeretn\u00e9-e, ha Nagy-Britannia kil\u00e9pne az EU-b\u00f3l, Rocard azt v\u00e1laszolta: &#8222;Nagyon rem\u00e9lem, mert ami\u00f3ta akad\u00e1lyozz\u00e1k annak fejl\u0151d\u00e9s\u00e9t, meg\u00f6lt\u00e9k&#8221;.<br \/>\n&#8222;Az angol felm\u00e9r\u00e9sek azt mutatj\u00e1k, hogy az angol n\u00e9p nem k\u00e9r t\u00f6bbet Eur\u00f3p\u00e1b\u00f3l. Az angol elit tart az elszigetel\u0151d\u00e9st\u0151l, amivel ez j\u00e1rna, s meggyeng\u00edthetn\u00e9 a Cityt. De jelenleg az angol bankrendszer is r\u00e9sze a b\u00e9n\u00edt\u00f3 t\u00e9nyez\u0151knek, sokkal spekulat\u00edvabb, mint a t\u00f6bbiek. Ez b\u00e9n\u00edtja a val\u00f3s gazdas\u00e1got&#8221; &#8211; hangs\u00falyozta Rocard.<br \/>\nA volt francia korm\u00e1nyf\u0151 szerint &#8222;Eur\u00f3pa egyhang\u00falag m\u0171k\u00f6dik, s ez nagyon b\u00e9n\u00edt\u00f3&#8221;. &#8222;Ezt kezelni kell, \u00e9s ennek a b\u00e9nults\u00e1gnak nagy m\u00e9rt\u00e9kben az angol sz\u00e1nd\u00e9k az okoz\u00f3ja&#8221; &#8211; mondta a 84 \u00e9ves politikus.<br \/>\nRocard sajn\u00e1lat\u00e1t fejezte ki amiatt, hogy Eur\u00f3pa &#8222;bez\u00e1rk\u00f3zott, f\u00e9l\u00e9nk lett&#8221;. P\u00e9ldak\u00e9nt eml\u00edtette azt, hogy az EU &#8222;visszautas\u00edtotta a mali r\u00e9szv\u00e9telt&#8221; a francia katonai er\u0151k oldal\u00e1n. &#8222;Ez egy\u00e1ltal\u00e1n nem francia bel\u00fcgy, \u00e9s m\u00e9gis magunkra maradtunk, ez k\u00e1r&#8221; &#8211; tette hozz\u00e1.<br \/>\nMichel Rocard azt is sajn\u00e1lja, hogy &#8222;Eur\u00f3p\u00e1nak nem siker\u00fcl olyan gazdas\u00e1gi doktr\u00edn\u00e1t megfogalmaznia, amellyel a recesszi\u00f3 ellen\u00e9re lehets\u00e9ges lenne a gazdas\u00e1g beindul\u00e1sa&#8221;.<br \/>\nA volt minisztereln\u00f6k szerint mindezek f\u00e9ny\u00e9ben az Eur\u00f3pa-bar\u00e1t p\u00e1rtok &#8222;nagyon rossz&#8221; eredm\u00e9nyre sz\u00e1m\u00edthatnak a m\u00e1jus 25-\u00e9n esed\u00e9kes eur\u00f3pai parlamenti v\u00e1laszt\u00e1sokon.(MTI)<\/p>\n","protected":false},"excerpt":{"rendered":"<p>Michel Rocard volt francia minisztereln\u00f6k (1988-1991) azt szeretn\u00e9, ha Nagy-Britannia kil\u00e9pne az Eur\u00f3pai Uni\u00f3b\u00f3l, miut\u00e1n v\u00e9lem\u00e9nye szerint nagym\u00e9rt\u00e9kben London az okoz\u00f3ja &#8222;az eur\u00f3pai d\u00f6nt\u00e9shozatali rendszer b\u00e9nults\u00e1gnak&#8221;.<\/p>\n","protected":false},"author":1,"featured_media":0,"comment_status":"open","ping_status":"closed","sticky":false,"template":"","format":"standard","meta":[],"categories":[12],"tags":[],"_links":{"self":[{"href":"https:\/\/gazdasagportal.hu\/index.php\/wp-json\/wp\/v2\/posts\/33930"}],"collection":[{"href":"https:\/\/gazdasagportal.hu\/index.php\/wp-json\/wp\/v2\/posts"}],"about":[{"href":"https:\/\/gazdasagportal.hu\/index.php\/wp-json\/wp\/v2\/types\/post"}],"author":[{"embeddable":true,"href":"https:\/\/gazdasagportal.hu\/index.php\/wp-json\/wp\/v2\/users\/1"}],"replies":[{"embeddable":true,"href":"https:\/\/gazdasagportal.hu\/index.php\/wp-json\/wp\/v2\/comments?post=33930"}],"version-history":[{"count":1,"href":"https:\/\/gazdasagportal.hu\/index.php\/wp-json\/wp\/v2\/posts\/33930\/revisions"}],"predecessor-version":[{"id":33931,"href":"https:\/\/gazdasagportal.hu\/index.php\/wp-json\/wp\/v2\/posts\/33930\/revisions\/33931"}],"wp:attachment":[{"href":"https:\/\/gazdasagportal.hu\/index.php\/wp-json\/wp\/v2\/media?parent=33930"}],"wp:term":[{"taxonomy":"category","embeddable":true,"href":"https:\/\/gazdasagportal.hu\/index.php\/wp-json\/wp\/v2\/categories?post=33930"},{"taxonomy":"post_tag","embeddable":true,"href":"https:\/\/gazdasagportal.hu\/index.php\/wp-json\/wp\/v2\/tags?post=33930"}],"curies":[{"name":"wp","href":"https:\/\/api.w.org\/{rel}","templated":true}]}}