{"id":33920,"date":"2014-04-30T06:13:57","date_gmt":"2014-04-30T04:13:57","guid":{"rendered":"http:\/\/stockportal.hu\/?p=33920"},"modified":"2014-04-29T21:35:34","modified_gmt":"2014-04-29T19:35:34","slug":"ujabb-ceget-alapit-romaniaban-a-nemet-draxlmaier-autoalkatresz-gyarto","status":"publish","type":"post","link":"https:\/\/gazdasagportal.hu\/index.php\/ujabb-ceget-alapit-romaniaban-a-nemet-draxlmaier-autoalkatresz-gyarto\/","title":{"rendered":"\u00dajabb c\u00e9get alap\u00edt Rom\u00e1ni\u00e1ban a n\u00e9met Draxlmaier aut\u00f3alkatr\u00e9sz-gy\u00e1rt\u00f3"},"content":{"rendered":"<p><strong>\u00dajabb aut\u00f3k\u00e1bel-gy\u00e1rt\u00f3 v\u00e1llalatot alap\u00edt Rom\u00e1ni\u00e1ban a n\u00e9met Draxlmaier Csoport &#8211; k\u00f6z\u00f6lte kedden a c\u00e9g bejelent\u00e9s\u00e9re hivatkozva a rom\u00e1n Agerpres h\u00edr\u00fcgyn\u00f6ks\u00e9g.<!--more--><\/strong><\/p>\n<div id=\"vid4u\"><\/div>\n<p><script type=\"text\/javascript\">var rid = 100000 + Math.floor(Math.random()*99999); var b = document.createElement(\"div\"); b.setAttribute(\"id\", \"v4u_c_\"+rid+\"_3\"); var r = document.getElementById(\"vid4u\"); r.parentNode.insertBefore(b,r); r.setAttribute(\"id\", \"\"); (function(w, d, s, rid) { function go(){ var js, fjs = d.getElementsByTagName(s)[0], load = function(url, id) { if (d.getElementById(id)) { d.getElementById(id).onload = d.getElementById(id).onreadystatechange = function() { if (typeof vid4u != 'undefined') vid4u.init(480,289,\"0scneAox4k\",null,3, rid);}; return; } js = d.createElement(s); js.src = url; js.id = id; fjs.parentNode.insertBefore(js, fjs); js.onload = js.onreadystatechange = function() { if (typeof vid4u != 'undefined') vid4u.init(480,289,\"0scneAox4k\",null,3, rid); };}; load(\"\/\/video.vid4u.org\/vid4ul.js\", \"vjs_\"+rid); } go(); }(window, document, \"script\", rid));<\/script><\/p>\n<p>A temesv\u00e1ri sz\u00e9khely\u0171, \u00faj aut\u00f3ipari v\u00e1llalkoz\u00e1s pitesti gy\u00e1r\u00e1ba \u00f6tsz\u00e1z szakembert alkalmazna a k\u00f6zelj\u00f6v\u0151ben, de a csoport brass\u00f3i, valamint szatm\u00e1ri gy\u00e1r\u00e1t is tov\u00e1bb b\u0151v\u00edti.<br \/>\nA vil\u00e1gszerte \u00f6tvenezer embert foglalkoztat\u00f3, \u00e9vi h\u00e1rom \u00e9s f\u00e9lmilli\u00e1rd eur\u00f3s \u00e1rbev\u00e9telt produk\u00e1l\u00f3 Draxlmaier 1993 \u00f3ta van jelen Rom\u00e1ni\u00e1ban, ahol \u00f6sszesen 14 ezer embert foglalkoztat. A n\u00e9met c\u00e9gcsoport f\u0151 profilja a k\u00e1belgy\u00e1rt\u00e1s, \u00e9s a luxusaut\u00f3k enteri\u0151rj\u00e9nek kialak\u00edt\u00e1sa.<br \/>\nAz aut\u00f3alkatr\u00e9sz-gy\u00e1rt\u00e1s k\u00e9tszer akkora \u00e1rbev\u00e9telt produk\u00e1l Rom\u00e1ni\u00e1ban, mint a Renault-csoporthoz tartoz\u00f3 Dacia pitesti \u00e9s a Ford krajovai (Craiova) egy\u00fcttv\u00e9ve &#8211; \u00edrta kedden a rom\u00e1n Hotnews.ro port\u00e1l a rom\u00e1n aut\u00f3ipari sz\u00f6vets\u00e9g adatait ismertetve. M\u00edg tavaly a k\u00e9t aut\u00f3gy\u00e1rt\u00f3nak 5,2 milli\u00e1rd eur\u00f3s bev\u00e9tele volt, a rom\u00e1niai aut\u00f3alkatr\u00e9sz-ipar forgalma 10,7 milli\u00e1rdra r\u00fagott.<br \/>\nAz orsz\u00e1g exportj\u00e1nak 24, GDP-j\u00e9nek 11 sz\u00e1zal\u00e9k\u00e1t produk\u00e1lja a mintegy 600 c\u00e9gb\u0151l \u00e1ll\u00f3 rom\u00e1n aut\u00f3ipar.(MTI)<\/p>\n","protected":false},"excerpt":{"rendered":"<p>\u00dajabb aut\u00f3k\u00e1bel-gy\u00e1rt\u00f3 v\u00e1llalatot alap\u00edt Rom\u00e1ni\u00e1ban a n\u00e9met Draxlmaier Csoport &#8211; k\u00f6z\u00f6lte kedden a c\u00e9g bejelent\u00e9s\u00e9re hivatkozva a rom\u00e1n Agerpres h\u00edr\u00fcgyn\u00f6ks\u00e9g.<\/p>\n","protected":false},"author":1,"featured_media":0,"comment_status":"open","ping_status":"closed","sticky":false,"template":"","format":"standard","meta":[],"categories":[12],"tags":[],"_links":{"self":[{"href":"https:\/\/gazdasagportal.hu\/index.php\/wp-json\/wp\/v2\/posts\/33920"}],"collection":[{"href":"https:\/\/gazdasagportal.hu\/index.php\/wp-json\/wp\/v2\/posts"}],"about":[{"href":"https:\/\/gazdasagportal.hu\/index.php\/wp-json\/wp\/v2\/types\/post"}],"author":[{"embeddable":true,"href":"https:\/\/gazdasagportal.hu\/index.php\/wp-json\/wp\/v2\/users\/1"}],"replies":[{"embeddable":true,"href":"https:\/\/gazdasagportal.hu\/index.php\/wp-json\/wp\/v2\/comments?post=33920"}],"version-history":[{"count":1,"href":"https:\/\/gazdasagportal.hu\/index.php\/wp-json\/wp\/v2\/posts\/33920\/revisions"}],"predecessor-version":[{"id":33921,"href":"https:\/\/gazdasagportal.hu\/index.php\/wp-json\/wp\/v2\/posts\/33920\/revisions\/33921"}],"wp:attachment":[{"href":"https:\/\/gazdasagportal.hu\/index.php\/wp-json\/wp\/v2\/media?parent=33920"}],"wp:term":[{"taxonomy":"category","embeddable":true,"href":"https:\/\/gazdasagportal.hu\/index.php\/wp-json\/wp\/v2\/categories?post=33920"},{"taxonomy":"post_tag","embeddable":true,"href":"https:\/\/gazdasagportal.hu\/index.php\/wp-json\/wp\/v2\/tags?post=33920"}],"curies":[{"name":"wp","href":"https:\/\/api.w.org\/{rel}","templated":true}]}}